{"id":737,"date":"2020-04-23T14:22:05","date_gmt":"2020-04-23T14:22:05","guid":{"rendered":"https:\/\/www.kategorimagazaciligi.org\/?p=737"},"modified":"2020-04-23T14:23:01","modified_gmt":"2020-04-23T14:23:01","slug":"kmd-uyeleri-avmlerde-ciro-bazli-kira-caddelerde-ise-kirada-indirim-olmazsa-olmaz","status":"publish","type":"post","link":"https:\/\/www.zincirmagazalar.org\/?p=737","title":{"rendered":"KMD \u00dcyeleri: \u201cAVM\u2019lerde Ciro Bazl\u0131 Kira, Caddelerde ise Kirada \u0130ndirim, Olmazsa Olmaz\u201d"},"content":{"rendered":"\t\t<div data-elementor-type=\"wp-post\" data-elementor-id=\"737\" class=\"elementor elementor-737\">\n\t\t\t\t\t\t<section class=\"elementor-section elementor-top-section elementor-element elementor-element-37e494d6 elementor-section-boxed elementor-section-height-default elementor-section-height-default\" data-id=\"37e494d6\" data-element_type=\"section\">\n\t\t\t\t\t\t<div class=\"elementor-container elementor-column-gap-default\">\n\t\t\t\t\t<div class=\"elementor-column elementor-col-100 elementor-top-column elementor-element elementor-element-3f48a51d\" data-id=\"3f48a51d\" data-element_type=\"column\">\n\t\t\t<div class=\"elementor-widget-wrap elementor-element-populated\">\n\t\t\t\t\t\t<div class=\"elementor-element elementor-element-48cd9dbb elementor-widget elementor-widget-text-editor\" data-id=\"48cd9dbb\" data-element_type=\"widget\" data-widget_type=\"text-editor.default\">\n\t\t\t\t<div class=\"elementor-widget-container\">\n\t\t\t\t\t\t\t\t\t<div class=\"td-paragraph-padding-1\"><p class=\"p1\"><b>Kategori Ma\u011fazac\u0131l\u0131\u011f\u0131 Derne\u011fi (KMD) Y\u00f6netim Kurulu Ba\u015fkan\u0131 Serhan T\u0131nastepe, salg\u0131nla m\u00fccadele d\u00f6neminde perakende sekt\u00f6r\u00fcn\u00fcn t\u00fcm oyuncular\u0131 aras\u0131nda i\u015fbirli\u011fi sa\u011flanmas\u0131n\u0131n, zorlu zamanlar\u0131 atlatmada b\u00fcy\u00fck \u00f6nem ta\u015f\u0131d\u0131\u011f\u0131na dikkat \u00e7ekti. Salg\u0131n\u0131n yay\u0131lmas\u0131n\u0131 en aza indirgemek i\u00e7in KMD \u00fcyesi perakendeci kurulu\u015flar\u0131n hemen hemen t\u00fcm ma\u011fazalar\u0131n\u0131n kapal\u0131 oldu\u011funu belirten T\u0131nastepe, ma\u011fazalar\u0131n yeniden a\u00e7\u0131lmaya ba\u015flayaca\u011f\u0131 s\u00fcre\u00e7te al\u0131\u015fveri\u015f merkezleri ve cadde ma\u011fazalar\u0131 mal sahiplerinden kiralar konusunda anlay\u0131\u015f beklediklerini ifade etti. <\/b><\/p><\/div><div class=\"td-paragraph-padding-1\"><p class=\"p1\">Al\u0131\u015fveri\u015f merkezi ve cadde ma\u011faza karmas\u0131n\u0131n ve kiralanabilir alan\u0131n\u0131n \u00e7ok \u00f6nemli bir b\u00f6l\u00fcm\u00fcn\u00fc olu\u015fturan, yap\u0131 market, ev geli\u015ftirme, teknoloji market, beyaz e\u015fya, t\u00fcketici elektroni\u011fi, ki\u015fisel bak\u0131m\/kozmetik, kitap\/k\u0131rtasiye ve hobi kategorileri gibi \u00e7ok \u00e7e\u015fitli perakende i\u015fletmelerini temsil eden KMD \u00fcyeleri, COVID-19 salg\u0131n\u0131 s\u00fcresince ma\u011fazalar\u0131n\u0131 kapatma karar\u0131 alm\u0131\u015flard\u0131.<\/p><p>Al\u0131\u015fveri\u015f merkezlerinin, perakende sekt\u00f6r\u00fcn\u00fcn \u00f6nemli bir oyuncusu ve payda\u015f\u0131 oldu\u011funun alt\u0131n\u0131 \u00e7izen T\u0131nastepe, konuyla \u015f\u00f6yle ilgili \u015f\u00f6yle konu\u015ftu: \u201cPerakende sekt\u00f6r\u00fcn\u00fcn geli\u015fiminde ve bu konuma gelmesinde \u00f6nemli bir rol oynayan ve her zaman payda\u015f\u0131m\u0131z olarak g\u00f6rd\u00fc\u011f\u00fcm\u00fcz al\u0131\u015fveri\u015f merkezleri, ma\u011fazalar\u0131m\u0131z\u0131 kapal\u0131 tuttu\u011fumuz bu d\u00f6nemi birlikte atlatmam\u0131z i\u00e7in ellerinden geleni yap\u0131yorlar. Ancak g\u00f6r\u00fcnen o ki ma\u011fazalar\u0131m\u0131z\u0131 a\u00e7maya ba\u015flad\u0131\u011f\u0131m\u0131zda m\u00fc\u015fteri trafiklerimiz ve dolay\u0131s\u0131yla i\u015flerimiz hemen eski haline d\u00f6nmeyecek. Ge\u00e7en y\u0131l\u0131n hacimlerini yakalamam\u0131z ise uzun bir s\u00fcre alacak. Bu s\u00fcre\u00e7te al\u0131\u015fveri\u015f merkezlerindeki ma\u011fazalar\u0131m\u0131zda ciro bazl\u0131 kira uygulamas\u0131na ge\u00e7ilmesi hem al\u0131\u015fveri\u015f merkezi yat\u0131r\u0131mc\u0131s\u0131 hem de perakendeci i\u00e7in hayati \u00f6nem ta\u015f\u0131yor. Art\u0131k hem kira hem ortak alan gideri hem de perakendecinin \u00e7\u0131k\u0131\u015f hakk\u0131n\u0131n kolayla\u015ft\u0131r\u0131lmas\u0131 noktas\u0131nda \u2018yeni normlar\u0131n\u2019 belirlenmesi gereklili\u011fi, apa\u00e7\u0131k ortadad\u0131r.\u201d<\/p><p>Hayat\u0131n normale d\u00f6nmesiyle, \u201cyeni normal\u201d tan\u0131m\u0131n\u0131n da g\u00fcndeme gelece\u011fine de\u011finen T\u0131nastepe, KMD \u00fcyesi perakende i\u015fletmelerin beklentilerini ise \u015fu \u015fekilde s\u0131ralad\u0131: \u201cAl\u0131\u015fveri\u015f merkezleri, operasyonlar\u0131m\u0131z ve m\u00fc\u015fterilerimizle bulu\u015fmam\u0131z a\u00e7\u0131s\u0131ndan b\u00fcy\u00fck \u00f6nem ta\u015f\u0131yor. Bu ge\u00e7i\u015f d\u00f6neminde ve sonras\u0131nda yeni normlar\u0131m\u0131z\u0131 birlikte belirlemek ve hayat\u0131m\u0131z\u0131 buna g\u00f6re \u015fekillendirmemiz \u015fart gibi g\u00f6r\u00fcn\u00fcyor. Bu \u00e7er\u00e7evede, ma\u011fazalar\u0131m\u0131z\u0131 tekrar a\u00e7abilmek i\u00e7in 30 Temmuz 2020 tarihine kadar kiras\u0131z bir d\u00f6nem, sonras\u0131nda ise kira s\u00f6zle\u015fmelerimizin s\u00fcresinin sonuna kadar ciro kiras\u0131na d\u00f6n\u00fclmesi y\u00f6n\u00fcnde talebimiz var. Fesih konusunda ise 3 ay \u00f6nceden bildirmek \u015fart\u0131yla \u00e7\u0131k\u0131\u015f hakk\u0131 verilmesini istiyoruz.\u201d<\/p><p>Sekt\u00f6r\u00fcn \u00f6nemli g\u00fcndem konular\u0131ndan biri olan al\u0131\u015fveri\u015f merkezlerindeki ortak giderler hususuna da de\u011finen T\u0131nastepe, \u201cAl\u0131\u015fveri\u015f merkezlerindeki ortak giderlerin, ciro bazl\u0131 d\u00fczenlenecek kiralar\u0131n %10\u2019unu ge\u00e7meyecek \u015fekilde olmas\u0131n\u0131 talep ediyoruz\u201d dedi.<\/p><p>Ciro bazl\u0131 kira d\u00fczenlemesi yap\u0131lmayacak olan ma\u011fazalar\u0131n s\u00fcrd\u00fcr\u00fclebilir olamayaca\u011f\u0131n\u0131 da ifade eden T\u0131nastepe, \u201cBaz\u0131 al\u0131\u015fveri\u015f merkezlerinin d\u00f6viz bor\u00e7lar\u0131n\u0131n devam etti\u011fini, bu i\u015fletmelerin de mutlaka devlet nezdinde bir koruma \u015femsiyesi alt\u0131na al\u0131nmas\u0131 gerekti\u011fini d\u00fc\u015f\u00fcn\u00fcyoruz. \u0130\u015fini do\u011fru yapan al\u0131\u015fveri\u015f merkezleri de sekt\u00f6r\u00fcn s\u00fcreklili\u011fi a\u00e7\u0131s\u0131ndan mutlaka korunmal\u0131d\u0131r. Ancak maliyetlerimizin kontrol edilemez hale geldi\u011fi noktalarda perakendeciler olarak al\u0131\u015fveri\u015f merkezi y\u00f6netimlerinden de ayn\u0131 destek ve anlay\u0131\u015f\u0131 bekliyoruz. \u00dcyelerimiz, d\u00f6n\u00fc\u015f s\u00fcrecinde ciro bazl\u0131 kira d\u00fczenlemesine ve yeni normlara anlay\u0131\u015f g\u00f6stermeyen AVM\u2019lerde, ekonomik nedenlerle, ma\u011fazalar\u0131n\u0131 kapatmak zorunda kalacaklar\u0131n\u0131 net bir ifade ile belirtmektedirler\u201d dedi.<\/p><p>Cadde ma\u011fazalar\u0131nda da faaliyetin yeniden ba\u015flad\u0131\u011f\u0131 d\u00f6nemden itibaren i\u015flerin normal seyrine d\u00f6nd\u00fc\u011f\u00fc s\u00fcrece kadar en az y\u00fczde 50 seviyesinde kira indirimi taleplerinin oldu\u011funu belirten T\u0131nastepe, ancak kazan-kazan anlay\u0131\u015f\u0131yla hareket edildi\u011finde s\u00fcrd\u00fcr\u00fclebilirli\u011fin sa\u011flanaca\u011f\u0131n\u0131 ve ya\u015fam\u0131n normale d\u00f6nmesinin sa\u011flanabilece\u011fini ifade etti. T\u0131nastepe, bununla beraber perakende i\u015fletmelere ait genel merkez ofisleri, depolar, lojistik ve aktarma merkezleri gibi ticari alanlar\u0131n kiralar\u0131nda da y\u00fczde 50 oran\u0131na indirim yap\u0131lmas\u0131 y\u00f6n\u00fcnde mal sahiplerine taleplerini ula\u015ft\u0131rd\u0131klar\u0131n\u0131 belirtti.<\/p><\/div>\t\t\t\t\t\t\t\t<\/div>\n\t\t\t\t<\/div>\n\t\t\t\t\t<\/div>\n\t\t<\/div>\n\t\t\t\t\t<\/div>\n\t\t<\/section>\n\t\t\t\t<\/div>\n\t\t","protected":false},"excerpt":{"rendered":"<p>Kategori Ma\u011fazac\u0131l\u0131\u011f\u0131 Derne\u011fi (KMD) Y\u00f6netim Kurulu Ba\u015fkan\u0131 Serhan T\u0131nastepe, salg\u0131nla m\u00fccadele d\u00f6neminde perakende sekt\u00f6r\u00fcn\u00fcn t\u00fcm oyuncular\u0131 aras\u0131nda i\u015fbirli\u011fi sa\u011flanmas\u0131n\u0131n, zorlu zamanlar\u0131 atlatmada b\u00fcy\u00fck \u00f6nem ta\u015f\u0131d\u0131\u011f\u0131na dikkat \u00e7ekti. Salg\u0131n\u0131n yay\u0131lmas\u0131n\u0131 en aza indirgemek i\u00e7in KMD \u00fcyesi perakendeci kurulu\u015flar\u0131n hemen hemen t\u00fcm ma\u011fazalar\u0131n\u0131n kapal\u0131 oldu\u011funu belirten T\u0131nastepe, ma\u011fazalar\u0131n yeniden a\u00e7\u0131lmaya ba\u015flayaca\u011f\u0131 s\u00fcre\u00e7te al\u0131\u015fveri\u015f merkezleri ve cadde ma\u011fazalar\u0131 [&hellip;]<\/p>\n","protected":false},"author":1,"featured_media":738,"comment_status":"open","ping_status":"open","sticky":false,"template":"","format":"standard","meta":{"footnotes":""},"categories":[17],"tags":[],"class_list":{"0":"post-737","1":"post","2":"type-post","3":"status-publish","4":"format-standard","5":"has-post-thumbnail","7":"category-haberler"},"_links":{"self":[{"href":"https:\/\/www.zincirmagazalar.org\/index.php?rest_route=\/wp\/v2\/posts\/737","targetHints":{"allow":["GET"]}}],"collection":[{"href":"https:\/\/www.zincirmagazalar.org\/index.php?rest_route=\/wp\/v2\/posts"}],"about":[{"href":"https:\/\/www.zincirmagazalar.org\/index.php?rest_route=\/wp\/v2\/types\/post"}],"author":[{"embeddable":true,"href":"https:\/\/www.zincirmagazalar.org\/index.php?rest_route=\/wp\/v2\/users\/1"}],"replies":[{"embeddable":true,"href":"https:\/\/www.zincirmagazalar.org\/index.php?rest_route=%2Fwp%2Fv2%2Fcomments&post=737"}],"version-history":[{"count":3,"href":"https:\/\/www.zincirmagazalar.org\/index.php?rest_route=\/wp\/v2\/posts\/737\/revisions"}],"predecessor-version":[{"id":741,"href":"https:\/\/www.zincirmagazalar.org\/index.php?rest_route=\/wp\/v2\/posts\/737\/revisions\/741"}],"wp:featuredmedia":[{"embeddable":true,"href":"https:\/\/www.zincirmagazalar.org\/index.php?rest_route=\/wp\/v2\/media\/738"}],"wp:attachment":[{"href":"https:\/\/www.zincirmagazalar.org\/index.php?rest_route=%2Fwp%2Fv2%2Fmedia&parent=737"}],"wp:term":[{"taxonomy":"category","embeddable":true,"href":"https:\/\/www.zincirmagazalar.org\/index.php?rest_route=%2Fwp%2Fv2%2Fcategories&post=737"},{"taxonomy":"post_tag","embeddable":true,"href":"https:\/\/www.zincirmagazalar.org\/index.php?rest_route=%2Fwp%2Fv2%2Ftags&post=737"}],"curies":[{"name":"wp","href":"https:\/\/api.w.org\/{rel}","templated":true}]}}