{"id":680,"date":"2020-03-19T19:55:13","date_gmt":"2020-03-19T19:55:13","guid":{"rendered":"https:\/\/www.kategorimagazaciligi.org\/?p=680"},"modified":"2020-03-19T19:58:29","modified_gmt":"2020-03-19T19:58:29","slug":"kmd-uyelerinden-aciklama","status":"publish","type":"post","link":"https:\/\/www.zincirmagazalar.org\/?p=680","title":{"rendered":"KMD \u00dcyelerinden Koronavir\u00fcs A\u00e7\u0131klamas\u0131"},"content":{"rendered":"\t\t<div data-elementor-type=\"wp-post\" data-elementor-id=\"680\" class=\"elementor elementor-680\">\n\t\t\t\t\t\t<section class=\"elementor-section elementor-top-section elementor-element elementor-element-37e494d6 elementor-section-boxed elementor-section-height-default elementor-section-height-default\" data-id=\"37e494d6\" data-element_type=\"section\">\n\t\t\t\t\t\t<div class=\"elementor-container elementor-column-gap-default\">\n\t\t\t\t\t<div class=\"elementor-column elementor-col-100 elementor-top-column elementor-element elementor-element-3f48a51d\" data-id=\"3f48a51d\" data-element_type=\"column\">\n\t\t\t<div class=\"elementor-widget-wrap elementor-element-populated\">\n\t\t\t\t\t\t<div class=\"elementor-element elementor-element-48cd9dbb elementor-widget elementor-widget-text-editor\" data-id=\"48cd9dbb\" data-element_type=\"widget\" data-widget_type=\"text-editor.default\">\n\t\t\t\t<div class=\"elementor-widget-container\">\n\t\t\t\t\t\t\t\t\t<div class=\"td-paragraph-padding-1\"><p class=\"p1\"><b>KMD \u00dcyeleri: \u201cTemel ihtiya\u00e7lar d\u0131\u015f\u0131nda t\u00fcm perakende noktalar\u0131n\u0131n kapat\u0131lmas\u0131 karar\u0131n\u0131n kamu otoriteleri taraf\u0131ndan ivedilikle verilmesini bekliyoruz.\u201d<\/b><\/p><\/div><div class=\"td-paragraph-padding-1\"><p class=\"p1\">Kategori Ma\u011fazac\u0131l\u0131\u011f\u0131 Derne\u011fi (KMD) Y\u00f6netim Kurulu Ba\u015fkan\u0131 Serhan T\u0131nastepe, Yeni Tip Koronavir\u00fcs (COVID-19) salg\u0131n\u0131 ile m\u00fccadele \u00e7er\u00e7evesinde, ba\u015fta halk sa\u011fl\u0131\u011f\u0131n\u0131n ve \u00e7al\u0131\u015fanlar\u0131n korunmas\u0131 amac\u0131yla perakende i\u015fletmeler taraf\u0131ndan kamu otoritelerinin \u00f6nerileri do\u011frultusunda \u00f6nlemler al\u0131nd\u0131\u011f\u0131n\u0131 ve uygulamaya koyuldu\u011funu belirtti.<\/p><p>T\u0131nastepe \u015f\u00f6yle devam etti: \u201c\u0130\u00e7inde bulundu\u011fumuz ortamda bir\u00e7ok perakende i\u015fletmesinin faaliyetini ge\u00e7ici olarak durdurdu\u011fu karar\u0131n\u0131 g\u00f6rmekteyiz. Say\u0131n Cumhurba\u015fkan\u0131m\u0131z\u0131n \u201cEvinizden \u00e7\u0131kmay\u0131n\u201d tavsiyesine paralel bir \u015fekilde KMD \u00fcyeleri olarak beklentimiz, temel ihtiya\u00e7lar d\u0131\u015f\u0131nda t\u00fcm perakende noktalar\u0131n\u0131n kapat\u0131lmas\u0131 karar\u0131n\u0131n kamu otoriteleri taraf\u0131ndan ivedilikle verilmesi y\u00f6n\u00fcndedir. Halk sa\u011fl\u0131\u011f\u0131 g\u00f6zetilerek al\u0131nacak daha geni\u015f kapsaml\u0131 \u00f6nlemlerde derne\u011fimiz \u00fcyesi t\u00fcm kurulu\u015flar kamu otoritelerinin kararlar\u0131na birebir uyacak ve deste\u011fini sa\u011flayacakt\u0131r.\u201d<\/p><\/div>\t\t\t\t\t\t\t\t<\/div>\n\t\t\t\t<\/div>\n\t\t\t\t\t<\/div>\n\t\t<\/div>\n\t\t\t\t\t<\/div>\n\t\t<\/section>\n\t\t\t\t<\/div>\n\t\t","protected":false},"excerpt":{"rendered":"<p>KMD \u00dcyeleri: \u201cTemel ihtiya\u00e7lar d\u0131\u015f\u0131nda t\u00fcm perakende noktalar\u0131n\u0131n kapat\u0131lmas\u0131 karar\u0131n\u0131n kamu otoriteleri taraf\u0131ndan ivedilikle verilmesini bekliyoruz.\u201d Kategori Ma\u011fazac\u0131l\u0131\u011f\u0131 Derne\u011fi (KMD) Y\u00f6netim Kurulu Ba\u015fkan\u0131 Serhan T\u0131nastepe, Yeni Tip Koronavir\u00fcs (COVID-19) salg\u0131n\u0131 ile m\u00fccadele \u00e7er\u00e7evesinde, ba\u015fta halk sa\u011fl\u0131\u011f\u0131n\u0131n ve \u00e7al\u0131\u015fanlar\u0131n korunmas\u0131 amac\u0131yla perakende i\u015fletmeler taraf\u0131ndan kamu otoritelerinin \u00f6nerileri do\u011frultusunda \u00f6nlemler al\u0131nd\u0131\u011f\u0131n\u0131 ve uygulamaya koyuldu\u011funu belirtti. T\u0131nastepe \u015f\u00f6yle [&hellip;]<\/p>\n","protected":false},"author":1,"featured_media":681,"comment_status":"open","ping_status":"open","sticky":false,"template":"","format":"standard","meta":{"footnotes":""},"categories":[17],"tags":[],"class_list":{"0":"post-680","1":"post","2":"type-post","3":"status-publish","4":"format-standard","5":"has-post-thumbnail","7":"category-haberler"},"_links":{"self":[{"href":"https:\/\/www.zincirmagazalar.org\/index.php?rest_route=\/wp\/v2\/posts\/680","targetHints":{"allow":["GET"]}}],"collection":[{"href":"https:\/\/www.zincirmagazalar.org\/index.php?rest_route=\/wp\/v2\/posts"}],"about":[{"href":"https:\/\/www.zincirmagazalar.org\/index.php?rest_route=\/wp\/v2\/types\/post"}],"author":[{"embeddable":true,"href":"https:\/\/www.zincirmagazalar.org\/index.php?rest_route=\/wp\/v2\/users\/1"}],"replies":[{"embeddable":true,"href":"https:\/\/www.zincirmagazalar.org\/index.php?rest_route=%2Fwp%2Fv2%2Fcomments&post=680"}],"version-history":[{"count":7,"href":"https:\/\/www.zincirmagazalar.org\/index.php?rest_route=\/wp\/v2\/posts\/680\/revisions"}],"predecessor-version":[{"id":688,"href":"https:\/\/www.zincirmagazalar.org\/index.php?rest_route=\/wp\/v2\/posts\/680\/revisions\/688"}],"wp:featuredmedia":[{"embeddable":true,"href":"https:\/\/www.zincirmagazalar.org\/index.php?rest_route=\/wp\/v2\/media\/681"}],"wp:attachment":[{"href":"https:\/\/www.zincirmagazalar.org\/index.php?rest_route=%2Fwp%2Fv2%2Fmedia&parent=680"}],"wp:term":[{"taxonomy":"category","embeddable":true,"href":"https:\/\/www.zincirmagazalar.org\/index.php?rest_route=%2Fwp%2Fv2%2Fcategories&post=680"},{"taxonomy":"post_tag","embeddable":true,"href":"https:\/\/www.zincirmagazalar.org\/index.php?rest_route=%2Fwp%2Fv2%2Ftags&post=680"}],"curies":[{"name":"wp","href":"https:\/\/api.w.org\/{rel}","templated":true}]}}