{"id":675,"date":"2020-03-18T18:22:05","date_gmt":"2020-03-18T18:22:05","guid":{"rendered":"https:\/\/www.kategorimagazaciligi.org\/?p=675"},"modified":"2020-03-18T18:24:03","modified_gmt":"2020-03-18T18:24:03","slug":"koranavirus-degerlendirme-toplantisinin-ardindan-cumhurbaskani-erdogan-alinan-kararlari-acikladi","status":"publish","type":"post","link":"https:\/\/www.zincirmagazalar.org\/?p=675","title":{"rendered":"Koranavir\u00fcs De\u011ferlendirme Toplant\u0131s\u0131\u2019n\u0131n Ard\u0131ndan, Cumhurba\u015fkan\u0131 Erdo\u011fan Al\u0131nan Kararlar\u0131 A\u00e7\u0131klad\u0131"},"content":{"rendered":"\t\t<div data-elementor-type=\"wp-post\" data-elementor-id=\"675\" class=\"elementor elementor-675\">\n\t\t\t\t\t\t<section class=\"elementor-section elementor-top-section elementor-element elementor-element-37e494d6 elementor-section-boxed elementor-section-height-default elementor-section-height-default\" data-id=\"37e494d6\" data-element_type=\"section\">\n\t\t\t\t\t\t<div class=\"elementor-container elementor-column-gap-default\">\n\t\t\t\t\t<div class=\"elementor-column elementor-col-100 elementor-top-column elementor-element elementor-element-3f48a51d\" data-id=\"3f48a51d\" data-element_type=\"column\">\n\t\t\t<div class=\"elementor-widget-wrap elementor-element-populated\">\n\t\t\t\t\t\t<div class=\"elementor-element elementor-element-48cd9dbb elementor-widget elementor-widget-text-editor\" data-id=\"48cd9dbb\" data-element_type=\"widget\" data-widget_type=\"text-editor.default\">\n\t\t\t\t<div class=\"elementor-widget-container\">\n\t\t\t\t\t\t\t\t\t<div class=\"td-paragraph-padding-1\"><p class=\"p1\"><b>Cumhurba\u015fkan\u0131 Recep Tayyip Erdo\u011fan, T\u00fcrkiye\u2019nin merakla bekledi\u011fi Koronavir\u00fcs De\u011ferlendirme Toplant\u0131s\u0131 sonras\u0131nda \u00f6nemli a\u00e7\u0131klamalarda bulundu. Erdo\u011fan konu\u015fmas\u0131nda, 100 Milyar Liral\u0131k \u2018Ekonomik \u0130stikrar Kalkan\u0131 Paketi\u2019ni de a\u00e7\u0131klad\u0131. <\/b><\/p><\/div><div class=\"td-paragraph-padding-1\"><p class=\"p1\">Konu\u015fmas\u0131na, \u015fu anda d\u00fcnyan\u0131n ve \u00fclkemizin i\u00e7inde bulundu\u011fu durumu \u00f6zetleyerek ba\u015flayan Erdo\u011fan, mecburiyeti olmayan hi\u00e7bir vatanda\u015f\u0131m\u0131z\u0131n, tehdit ortadan kalkana kadar, evinden \u00e7\u0131kmamas\u0131 ve kimseyle temas etmemesi konusunun \u00f6zellikle alt\u0131n\u0131 \u00e7izdi. A\u00e7\u0131klamas\u0131nda, \u00fclkemizde \u015fimdiye kadar al\u0131nan tedbirlerden de ayr\u0131nt\u0131l\u0131 olarak bahseden Erdo\u011fan, 100 Milyar Liral\u0131k \u2018Ekonomik \u0130stikrar Kalkan\u0131 Paketi\u2019ni de a\u00e7\u0131klad\u0131.<\/p><p><strong>100 Milyar Liral\u0131k Ekonomik \u0130stikrar Kalkan\u0131 Paketi<\/strong><br \/>\u201cEkonomik \u0130stikrar Kalkan\u0131 ad\u0131n\u0131 verdi\u011fimiz bir paketle, KOV\u0130D-19 salg\u0131n\u0131n\u0131n etkilerini azaltmak i\u00e7in toplamda 100 milyar liral\u0131k bir kaynak setini devreye al\u0131yoruz.<br \/>Bu \u00e7er\u00e7evede devreye sokaca\u011f\u0131m\u0131z tedbirler \u015funlard\u0131r:<br \/><strong>1.<\/strong> Perakende, AVM, Demir-\u00c7elik, Otomotiv, Lojistik-Ula\u015f\u0131m, Sinema-Tiyatro, Konaklama, Yiyecek-\u0130\u00e7ecek, Tekstil-Konfeksiyon ve Etkinlik-Organizayon sekt\u00f6rleri i\u00e7in Muhtasar ve KDV tevkifat\u0131 ile SGK primlerinin Nisan, May\u0131s ve Haziran \u00f6demelerini 6\u2019\u015far ay erteliyoruz.<br \/><strong>2.<\/strong> Konaklama vergisini Kas\u0131m ay\u0131na kadar uygulamayaca\u011f\u0131z.<br \/><strong>3.<\/strong> Otel kiralamalar\u0131na ili\u015fkin irtifak hakk\u0131 bedelleri ve has\u0131lat pay\u0131 \u00f6demelerini Nisan, May\u0131s ve Haziran aylar\u0131 i\u00e7in 6 ay s\u00fcreyle erteledik.<br \/><strong>4.<\/strong> \u0130\u00e7 havayolu ta\u015f\u0131mac\u0131l\u0131\u011f\u0131nda 3 ay s\u00fcreyle KDV oran\u0131n\u0131 y\u00fczde 18\u2019den y\u00fczde 1\u2019e indiriyoruz.<br \/><strong>5.<\/strong> KOV\u0130D-19 salg\u0131n\u0131yla ilgili tedbirlerden etkilendi\u011fi i\u00e7in nakit ak\u0131\u015f\u0131 bozulan firmalar\u0131n bankalara olan kredi anapara ve faiz \u00f6demelerini asgari 3 ay \u00f6teleyecek ve gerekti\u011finde bunlara ilave finansman deste\u011fi sa\u011flayaca\u011f\u0131z.<br \/><strong>6.<\/strong> \u0130hracattaki ge\u00e7ici yava\u015flama s\u00fcrecinde kapasite kullan\u0131m oranlar\u0131n\u0131n korunmas\u0131 amac\u0131yla ihracat\u00e7\u0131ya stok finansman\u0131 deste\u011fi verece\u011fiz.<br \/><strong>7.<\/strong> Bu d\u00f6nemde i\u015flerinin olumsuz etkilendi\u011fini beyan ederek talepte bulunan esnaf ve sanatk\u00e2rlar\u0131n Halkbank\u2019a olan kredi bor\u00e7lar\u0131n\u0131n, Nisan, May\u0131s ve Haziran anapara ve faiz \u00f6demelerini 3 ay s\u00fcreyle ve faizsiz olarak erteleyece\u011fiz.<br \/><strong>8.<\/strong> Kredi Garanti Fonu limitini 25 milyar liradan 50 milyar liraya \u00e7\u0131kartacak, kredilerde \u00f6nceli\u011fi geli\u015fmelerden olumsuz etkilendi\u011fi i\u00e7in likidite ihtiyac\u0131 olu\u015fan ve teminat a\u00e7\u0131\u011f\u0131 bulunan firmalar ile KOB\u0130\u2019lere verece\u011fiz.<br \/><strong>9.<\/strong> Vatanda\u015flar\u0131m\u0131z i\u00e7in uygun ve avantajl\u0131 \u015fartlarda sosyal ama\u00e7l\u0131 kredi paketleri devreye al\u0131nmas\u0131n\u0131 te\u015fvik edece\u011fiz.<br \/><strong>10.<\/strong> 500 bin liran\u0131n alt\u0131ndaki konutlarda kredilendirilebilir miktar\u0131n\u0131 y\u00fczde 80\u2019den y\u00fczde 90\u2019a \u00e7\u0131kartacak, asgari pe\u015finat\u0131 y\u00fczde 10\u2019a d\u00fc\u015f\u00fcrece\u011fiz.<br \/><strong>11.<\/strong> Vir\u00fcs\u00fcn yay\u0131lmas\u0131na kar\u015f\u0131 al\u0131nan tedbirlerin etkisiyle Nisan, May\u0131s ve Haziran aylar\u0131nda temerr\u00fcde d\u00fc\u015fen firmalar\u0131n kredi siciline \u201cm\u00fccbir sebep\u201d notu d\u00fc\u015f\u00fclmesini sa\u011flayaca\u011f\u0131z.<br \/><strong>12.<\/strong> Asgari \u00fccret deste\u011fini devam ettirece\u011fiz.<br \/><strong>13.<\/strong> Mevzuat\u0131m\u0131zdaki esnek ve uzaktan \u00e7al\u0131\u015fma modellerinin daha etkin hale getirilmesini temin edece\u011fiz.<br \/><strong>14.<\/strong> K\u0131sa \u00c7al\u0131\u015fma \u00d6dene\u011fini devreye alacak, bundan faydalanmak i\u00e7in gereken s\u00fcre\u00e7leri kolayla\u015ft\u0131r\u0131lacak ve h\u0131zland\u0131r\u0131laca\u011f\u0131z. B\u00f6ylece faaliyetine ara veren i\u015fyerlerindeki i\u015f\u00e7ilere ge\u00e7ici bir gelir deste\u011fi verirken, i\u015fverenlerin de maliyetini azaltm\u0131\u015f olaca\u011f\u0131z.<br \/><strong>15.<\/strong> En d\u00fc\u015f\u00fck emekli maa\u015f\u0131n\u0131 1.500 liraya y\u00fckseltiyoruz.<br \/><strong>16.<\/strong> Emeklilerin bayram ikramiyesini Nisan ay\u0131 ba\u015f\u0131nda \u00f6d\u00fcyoruz. Yine emeklilerimizin maa\u015f promosyon \u00f6demelerinin de, \u015fubelere gitmelerine gerek kalmaks\u0131z\u0131n, do\u011frudan hesaplar\u0131na yat\u0131r\u0131lmas\u0131n\u0131 sa\u011fl\u0131yoruz.<br \/><strong>17.<\/strong> Aile, \u00c7al\u0131\u015fma ve Sosyal Politikalar Bakanl\u0131\u011f\u0131m\u0131z\u0131n belirledi\u011fi kriterlere g\u00f6re ihtiya\u00e7 sahibi ailelere yap\u0131lacak nakdi yard\u0131mlar i\u00e7in ilave 2 milyar liral\u0131k bir kaynak ay\u0131r\u0131yoruz.<br \/><strong>18.<\/strong> \u0130stihdamdaki s\u00fcreklili\u011fi temin etmek amac\u0131yla 2 ayl\u0131k telafi \u00e7al\u0131\u015fma s\u00fcresini 4 aya \u00e7\u0131kart\u0131yoruz.<br \/><strong>19.<\/strong> Tek ba\u015f\u0131na ya\u015fayan 80 ya\u015f \u00fcst\u00fc ya\u015fl\u0131lar\u0131m\u0131z i\u00e7in, sosyal hizmet ve evde sa\u011fl\u0131k hizmetlerinden olu\u015fan periyodik takip program\u0131n\u0131 devreye al\u0131yoruz.<br \/>Al\u0131nan kararlar\u0131n milletimize ve ekonomimize hay\u0131rl\u0131 olmas\u0131n\u0131 dilerim.\u201d<\/p><\/div>\t\t\t\t\t\t\t\t<\/div>\n\t\t\t\t<\/div>\n\t\t\t\t\t<\/div>\n\t\t<\/div>\n\t\t\t\t\t<\/div>\n\t\t<\/section>\n\t\t\t\t<\/div>\n\t\t","protected":false},"excerpt":{"rendered":"<p>Cumhurba\u015fkan\u0131 Recep Tayyip Erdo\u011fan, T\u00fcrkiye\u2019nin merakla bekledi\u011fi Koronavir\u00fcs De\u011ferlendirme Toplant\u0131s\u0131 sonras\u0131nda \u00f6nemli a\u00e7\u0131klamalarda bulundu. Erdo\u011fan konu\u015fmas\u0131nda, 100 Milyar Liral\u0131k \u2018Ekonomik \u0130stikrar Kalkan\u0131 Paketi\u2019ni de a\u00e7\u0131klad\u0131. Konu\u015fmas\u0131na, \u015fu anda d\u00fcnyan\u0131n ve \u00fclkemizin i\u00e7inde bulundu\u011fu durumu \u00f6zetleyerek ba\u015flayan Erdo\u011fan, mecburiyeti olmayan hi\u00e7bir vatanda\u015f\u0131m\u0131z\u0131n, tehdit ortadan kalkana kadar, evinden \u00e7\u0131kmamas\u0131 ve kimseyle temas etmemesi konusunun \u00f6zellikle alt\u0131n\u0131 \u00e7izdi. [&hellip;]<\/p>\n","protected":false},"author":1,"featured_media":676,"comment_status":"open","ping_status":"open","sticky":false,"template":"","format":"standard","meta":{"footnotes":""},"categories":[17],"tags":[],"class_list":{"0":"post-675","1":"post","2":"type-post","3":"status-publish","4":"format-standard","5":"has-post-thumbnail","7":"category-haberler"},"_links":{"self":[{"href":"https:\/\/www.zincirmagazalar.org\/index.php?rest_route=\/wp\/v2\/posts\/675","targetHints":{"allow":["GET"]}}],"collection":[{"href":"https:\/\/www.zincirmagazalar.org\/index.php?rest_route=\/wp\/v2\/posts"}],"about":[{"href":"https:\/\/www.zincirmagazalar.org\/index.php?rest_route=\/wp\/v2\/types\/post"}],"author":[{"embeddable":true,"href":"https:\/\/www.zincirmagazalar.org\/index.php?rest_route=\/wp\/v2\/users\/1"}],"replies":[{"embeddable":true,"href":"https:\/\/www.zincirmagazalar.org\/index.php?rest_route=%2Fwp%2Fv2%2Fcomments&post=675"}],"version-history":[{"count":3,"href":"https:\/\/www.zincirmagazalar.org\/index.php?rest_route=\/wp\/v2\/posts\/675\/revisions"}],"predecessor-version":[{"id":679,"href":"https:\/\/www.zincirmagazalar.org\/index.php?rest_route=\/wp\/v2\/posts\/675\/revisions\/679"}],"wp:featuredmedia":[{"embeddable":true,"href":"https:\/\/www.zincirmagazalar.org\/index.php?rest_route=\/wp\/v2\/media\/676"}],"wp:attachment":[{"href":"https:\/\/www.zincirmagazalar.org\/index.php?rest_route=%2Fwp%2Fv2%2Fmedia&parent=675"}],"wp:term":[{"taxonomy":"category","embeddable":true,"href":"https:\/\/www.zincirmagazalar.org\/index.php?rest_route=%2Fwp%2Fv2%2Fcategories&post=675"},{"taxonomy":"post_tag","embeddable":true,"href":"https:\/\/www.zincirmagazalar.org\/index.php?rest_route=%2Fwp%2Fv2%2Ftags&post=675"}],"curies":[{"name":"wp","href":"https:\/\/api.w.org\/{rel}","templated":true}]}}