{"id":619,"date":"2020-01-07T12:58:29","date_gmt":"2020-01-07T12:58:29","guid":{"rendered":"https:\/\/www.kategorimagazaciligi.org\/?p=619"},"modified":"2020-01-07T12:59:07","modified_gmt":"2020-01-07T12:59:07","slug":"tampf-perakende-endeksinin-kasim-19-sonuclari-aciklandi","status":"publish","type":"post","link":"https:\/\/www.zincirmagazalar.org\/?p=619","title":{"rendered":"\u2018TAMPF Perakende Endeksi\u2019nin Kas\u0131m \u201919 Sonu\u00e7lar\u0131 A\u00e7\u0131kland\u0131"},"content":{"rendered":"\t\t<div data-elementor-type=\"wp-post\" data-elementor-id=\"619\" class=\"elementor elementor-619\">\n\t\t\t\t\t\t<section class=\"elementor-section elementor-top-section elementor-element elementor-element-37e494d6 elementor-section-boxed elementor-section-height-default elementor-section-height-default\" data-id=\"37e494d6\" data-element_type=\"section\">\n\t\t\t\t\t\t<div class=\"elementor-container elementor-column-gap-default\">\n\t\t\t\t\t<div class=\"elementor-column elementor-col-100 elementor-top-column elementor-element elementor-element-3f48a51d\" data-id=\"3f48a51d\" data-element_type=\"column\">\n\t\t\t<div class=\"elementor-widget-wrap elementor-element-populated\">\n\t\t\t\t\t\t<div class=\"elementor-element elementor-element-48cd9dbb elementor-widget elementor-widget-text-editor\" data-id=\"48cd9dbb\" data-element_type=\"widget\" data-widget_type=\"text-editor.default\">\n\t\t\t\t<div class=\"elementor-widget-container\">\n\t\t\t\t\t\t\t\t\t<div class=\"td-paragraph-padding-1\"><p class=\"p1\"><b>T\u00fcrkiye Al\u0131\u015fveri\u015f Merkezleri ve Perakendeciler Federasyonu (TAMPF) ile Nielsen taraf\u0131ndan haz\u0131rlanan \u2018TAMPF Perakende Endeksi\u2019nin Kas\u0131m ay\u0131 sonu\u00e7lar\u0131 a\u00e7\u0131kland\u0131. 2019 y\u0131l\u0131 Kas\u0131m ay\u0131 verilerine g\u00f6re, perakende sekt\u00f6r\u00fcn\u00fcn enflasyondan ar\u0131nd\u0131r\u0131lm\u0131\u015f toplam cirosu, y\u0131ll\u0131k bazda %5 art\u0131\u015f g\u00f6sterdi.<\/b><\/p><\/div><div class=\"td-paragraph-padding-1\"><p class=\"p1\">T\u00fcrkiye\u2019de organize perakendenin \u00e7at\u0131 kurulu\u015fu olan T\u00fcrkiye Al\u0131\u015fveri\u015f Merkezleri ve Perakendeciler Federasyonu (TAMPF) ile Nielsen taraf\u0131ndan haz\u0131rlanan \u2018TAMPF Perakende Endeksi\u2019 2019 y\u0131l\u0131 Kas\u0131m ay\u0131 verileri a\u00e7\u0131kland\u0131. Enflasyondan ar\u0131nd\u0131r\u0131lm\u0131\u015f sekt\u00f6r b\u00fcy\u00fcmesi %5 olurken, g\u0131da perakendesi %6, g\u0131da d\u0131\u015f\u0131 perakende %3 b\u00fcy\u00fcme g\u00f6sterdi.<\/p><p>Ma\u011faza a\u00e7\u0131l\u0131\u015flar\u0131 %9 art\u0131\u015f g\u00f6sterip, sekt\u00f6r\u00fcn toplam istihdam\u0131n\u0131 %5 b\u00fcy\u00fct\u00fcrken g\u0131da perakendesinde istihdam b\u00fcy\u00fcmesi %7 olarak ger\u00e7ekle\u015fti. Toplam metrekare de\u011fi\u015fimi %6 olurken g\u0131da perakendesindeki metrekare b\u00fcy\u00fcmesi %8 oldu. Endekse g\u00f6re sekt\u00f6r\u00fcn toplam \u00e7al\u0131\u015fan say\u0131s\u0131 art\u0131\u015f\u0131 %5 olarak ger\u00e7ekle\u015fti.<\/p><\/div>\t\t\t\t\t\t\t\t<\/div>\n\t\t\t\t<\/div>\n\t\t\t\t\t<\/div>\n\t\t<\/div>\n\t\t\t\t\t<\/div>\n\t\t<\/section>\n\t\t\t\t<\/div>\n\t\t","protected":false},"excerpt":{"rendered":"<p>T\u00fcrkiye Al\u0131\u015fveri\u015f Merkezleri ve Perakendeciler Federasyonu (TAMPF) ile Nielsen taraf\u0131ndan haz\u0131rlanan \u2018TAMPF Perakende Endeksi\u2019nin Kas\u0131m ay\u0131 sonu\u00e7lar\u0131 a\u00e7\u0131kland\u0131. 2019 y\u0131l\u0131 Kas\u0131m ay\u0131 verilerine g\u00f6re, perakende sekt\u00f6r\u00fcn\u00fcn enflasyondan ar\u0131nd\u0131r\u0131lm\u0131\u015f toplam cirosu, y\u0131ll\u0131k bazda %5 art\u0131\u015f g\u00f6sterdi. T\u00fcrkiye\u2019de organize perakendenin \u00e7at\u0131 kurulu\u015fu olan T\u00fcrkiye Al\u0131\u015fveri\u015f Merkezleri ve Perakendeciler Federasyonu (TAMPF) ile Nielsen taraf\u0131ndan haz\u0131rlanan \u2018TAMPF Perakende Endeksi\u2019 [&hellip;]<\/p>\n","protected":false},"author":1,"featured_media":620,"comment_status":"open","ping_status":"open","sticky":false,"template":"","format":"standard","meta":{"footnotes":""},"categories":[17],"tags":[],"class_list":{"0":"post-619","1":"post","2":"type-post","3":"status-publish","4":"format-standard","5":"has-post-thumbnail","7":"category-haberler"},"_links":{"self":[{"href":"https:\/\/www.zincirmagazalar.org\/index.php?rest_route=\/wp\/v2\/posts\/619","targetHints":{"allow":["GET"]}}],"collection":[{"href":"https:\/\/www.zincirmagazalar.org\/index.php?rest_route=\/wp\/v2\/posts"}],"about":[{"href":"https:\/\/www.zincirmagazalar.org\/index.php?rest_route=\/wp\/v2\/types\/post"}],"author":[{"embeddable":true,"href":"https:\/\/www.zincirmagazalar.org\/index.php?rest_route=\/wp\/v2\/users\/1"}],"replies":[{"embeddable":true,"href":"https:\/\/www.zincirmagazalar.org\/index.php?rest_route=%2Fwp%2Fv2%2Fcomments&post=619"}],"version-history":[{"count":3,"href":"https:\/\/www.zincirmagazalar.org\/index.php?rest_route=\/wp\/v2\/posts\/619\/revisions"}],"predecessor-version":[{"id":623,"href":"https:\/\/www.zincirmagazalar.org\/index.php?rest_route=\/wp\/v2\/posts\/619\/revisions\/623"}],"wp:featuredmedia":[{"embeddable":true,"href":"https:\/\/www.zincirmagazalar.org\/index.php?rest_route=\/wp\/v2\/media\/620"}],"wp:attachment":[{"href":"https:\/\/www.zincirmagazalar.org\/index.php?rest_route=%2Fwp%2Fv2%2Fmedia&parent=619"}],"wp:term":[{"taxonomy":"category","embeddable":true,"href":"https:\/\/www.zincirmagazalar.org\/index.php?rest_route=%2Fwp%2Fv2%2Fcategories&post=619"},{"taxonomy":"post_tag","embeddable":true,"href":"https:\/\/www.zincirmagazalar.org\/index.php?rest_route=%2Fwp%2Fv2%2Ftags&post=619"}],"curies":[{"name":"wp","href":"https:\/\/api.w.org\/{rel}","templated":true}]}}