{"id":614,"date":"2019-12-20T10:22:58","date_gmt":"2019-12-20T10:22:58","guid":{"rendered":"https:\/\/www.kategorimagazaciligi.org\/?p=614"},"modified":"2019-12-20T10:24:07","modified_gmt":"2019-12-20T10:24:07","slug":"kmd-uyeleri-2020-yilina-merhaba-dedi","status":"publish","type":"post","link":"https:\/\/www.zincirmagazalar.org\/?p=614","title":{"rendered":"KMD \u00dcyeleri, 2020 Y\u0131l\u0131na Merhaba Dedi!"},"content":{"rendered":"\t\t<div data-elementor-type=\"wp-post\" data-elementor-id=\"614\" class=\"elementor elementor-614\">\n\t\t\t\t\t\t<section class=\"elementor-section elementor-top-section elementor-element elementor-element-37e494d6 elementor-section-boxed elementor-section-height-default elementor-section-height-default\" data-id=\"37e494d6\" data-element_type=\"section\">\n\t\t\t\t\t\t<div class=\"elementor-container elementor-column-gap-default\">\n\t\t\t\t\t<div class=\"elementor-column elementor-col-100 elementor-top-column elementor-element elementor-element-3f48a51d\" data-id=\"3f48a51d\" data-element_type=\"column\">\n\t\t\t<div class=\"elementor-widget-wrap elementor-element-populated\">\n\t\t\t\t\t\t<div class=\"elementor-element elementor-element-48cd9dbb elementor-widget elementor-widget-text-editor\" data-id=\"48cd9dbb\" data-element_type=\"widget\" data-widget_type=\"text-editor.default\">\n\t\t\t\t<div class=\"elementor-widget-container\">\n\t\t\t\t\t\t\t\t\t<div class=\"td-paragraph-padding-1\"><p class=\"p1\"><b>Kategori Ma\u011fazac\u0131l\u0131\u011f\u0131 Derne\u011fi (KMD) \u00dcyeleri, KMD Ba\u015fkan\u0131 Yenal G\u00f6ky\u0131ld\u0131r\u0131m\u2019\u0131n ev sahipli\u011finde, bu y\u0131l 3. kez ger\u00e7ekle\u015ftirilen ve geleneksel hale gelen Yeni Y\u0131l Yeme\u011fi\u2019nde bulu\u015ftu. <\/b><\/p><\/div><div class=\"td-paragraph-padding-1\"><p class=\"p1\">Kategori Ma\u011fazac\u0131l\u0131\u011f\u0131 Derne\u011fi (KMD) \u00dcyeleri, \u00fc\u00e7\u00fcnc\u00fc kez d\u00fczenlenen Yeni Y\u0131l Yeme\u011fi organizasyonunda bir araya geldi. Yemekte a\u00e7\u0131l\u0131\u015f konu\u015fmas\u0131n\u0131 yapan KMD Y\u00f6netim Kurulu Ba\u015fkan\u0131 Yenal G\u00f6ky\u0131ld\u0131r\u0131m, 2019 \u00e7al\u0131\u015fmalar\u0131n\u0131n \u00f6zetini \u00fcyelerle payla\u015f\u0131rken sekt\u00f6rel rakamlara da de\u011findi. T\u00dc\u0130K verilerine g\u00f6re perakende sekt\u00f6r\u00fcn\u00fcn Ekim ay\u0131 itibariyle y\u0131ll\u0131k y\u00fczde 6 b\u00fcy\u00fcme kaydetti\u011fini belirten G\u00f6ky\u0131ld\u0131r\u0131m, 2020 y\u0131l\u0131n\u0131n perakende i\u00e7in daha umut verici oldu\u011funu vurgulad\u0131.<br \/>Konu\u015fmas\u0131nda, dernek \u00e7al\u0131\u015fmalar\u0131n\u0131 \u00f6zetleyen G\u00f6ky\u0131ld\u0131r\u0131m, Perakende Teknolojileri Konferans\u0131\u2019n\u0131n art\u0131k sekt\u00f6r\u00fcn yak\u0131ndan takip etti\u011fi bir etkinlik haline geldi\u011fini ve her sene kat\u0131l\u0131m\u0131n ve ilginin artt\u0131\u011f\u0131n\u0131 ifade etti. PERAVOC Perakendede Mesleki Yeterlilik Belgelendirme Merkezi\u2019nin de 2020 y\u0131l\u0131 ba\u015f\u0131nda Kasiyer ve Sat\u0131\u015f Dan\u0131\u015fman\u0131 mesleklerinde belgelendirmeye ba\u015flayarak sekt\u00f6r\u00fcn kalitesinin y\u00fckseltilmesinde \u00f6nemli bir ad\u0131m olaca\u011f\u0131n\u0131n alt\u0131n\u0131 \u00e7izen G\u00f6ky\u0131ld\u0131r\u0131m, sekt\u00f6r \u00e7al\u0131\u015fanlar\u0131n\u0131n perakendenin kariyer f\u0131rsatlar\u0131n\u0131 g\u00f6rmeleri a\u00e7\u0131s\u0131ndan belgelendirme sisteminin \u00e7ok \u00f6nemli oldu\u011funu belirtti.<\/p><p>Yemekte s\u00f6z alan T\u00fcrkiye Al\u0131\u015fveri\u015f Merkezleri ve Perakendeciler Federasyonu (TAMPF) Y\u00f6netim Kurulu Ba\u015fkan\u0131 Alp \u00d6nder \u00d6zpamuk\u00e7u da zorlu ge\u00e7en 2018 ve 2019 y\u0131llar\u0131n\u0131n ard\u0131ndan 2020 y\u0131l\u0131nda bir toparlanma beklediklerini, ekonomik g\u00f6stergelerin iyile\u015fmesiyle t\u00fcketicinin de erteledi\u011fi ihtiya\u00e7lar\u0131n\u0131 kar\u015f\u0131lamaya ba\u015flad\u0131\u011f\u0131n\u0131 g\u00f6rd\u00fcklerini ifade etti.<\/p><\/div>\t\t\t\t\t\t\t\t<\/div>\n\t\t\t\t<\/div>\n\t\t\t\t\t<\/div>\n\t\t<\/div>\n\t\t\t\t\t<\/div>\n\t\t<\/section>\n\t\t\t\t<\/div>\n\t\t","protected":false},"excerpt":{"rendered":"<p>Kategori Ma\u011fazac\u0131l\u0131\u011f\u0131 Derne\u011fi (KMD) \u00dcyeleri, KMD Ba\u015fkan\u0131 Yenal G\u00f6ky\u0131ld\u0131r\u0131m\u2019\u0131n ev sahipli\u011finde, bu y\u0131l 3. kez ger\u00e7ekle\u015ftirilen ve geleneksel hale gelen Yeni Y\u0131l Yeme\u011fi\u2019nde bulu\u015ftu. Kategori Ma\u011fazac\u0131l\u0131\u011f\u0131 Derne\u011fi (KMD) \u00dcyeleri, \u00fc\u00e7\u00fcnc\u00fc kez d\u00fczenlenen Yeni Y\u0131l Yeme\u011fi organizasyonunda bir araya geldi. Yemekte a\u00e7\u0131l\u0131\u015f konu\u015fmas\u0131n\u0131 yapan KMD Y\u00f6netim Kurulu Ba\u015fkan\u0131 Yenal G\u00f6ky\u0131ld\u0131r\u0131m, 2019 \u00e7al\u0131\u015fmalar\u0131n\u0131n \u00f6zetini \u00fcyelerle payla\u015f\u0131rken sekt\u00f6rel [&hellip;]<\/p>\n","protected":false},"author":1,"featured_media":615,"comment_status":"open","ping_status":"open","sticky":false,"template":"","format":"standard","meta":{"footnotes":""},"categories":[17],"tags":[],"class_list":{"0":"post-614","1":"post","2":"type-post","3":"status-publish","4":"format-standard","5":"has-post-thumbnail","7":"category-haberler"},"_links":{"self":[{"href":"https:\/\/www.zincirmagazalar.org\/index.php?rest_route=\/wp\/v2\/posts\/614","targetHints":{"allow":["GET"]}}],"collection":[{"href":"https:\/\/www.zincirmagazalar.org\/index.php?rest_route=\/wp\/v2\/posts"}],"about":[{"href":"https:\/\/www.zincirmagazalar.org\/index.php?rest_route=\/wp\/v2\/types\/post"}],"author":[{"embeddable":true,"href":"https:\/\/www.zincirmagazalar.org\/index.php?rest_route=\/wp\/v2\/users\/1"}],"replies":[{"embeddable":true,"href":"https:\/\/www.zincirmagazalar.org\/index.php?rest_route=%2Fwp%2Fv2%2Fcomments&post=614"}],"version-history":[{"count":2,"href":"https:\/\/www.zincirmagazalar.org\/index.php?rest_route=\/wp\/v2\/posts\/614\/revisions"}],"predecessor-version":[{"id":617,"href":"https:\/\/www.zincirmagazalar.org\/index.php?rest_route=\/wp\/v2\/posts\/614\/revisions\/617"}],"wp:featuredmedia":[{"embeddable":true,"href":"https:\/\/www.zincirmagazalar.org\/index.php?rest_route=\/wp\/v2\/media\/615"}],"wp:attachment":[{"href":"https:\/\/www.zincirmagazalar.org\/index.php?rest_route=%2Fwp%2Fv2%2Fmedia&parent=614"}],"wp:term":[{"taxonomy":"category","embeddable":true,"href":"https:\/\/www.zincirmagazalar.org\/index.php?rest_route=%2Fwp%2Fv2%2Fcategories&post=614"},{"taxonomy":"post_tag","embeddable":true,"href":"https:\/\/www.zincirmagazalar.org\/index.php?rest_route=%2Fwp%2Fv2%2Ftags&post=614"}],"curies":[{"name":"wp","href":"https:\/\/api.w.org\/{rel}","templated":true}]}}