{"id":4469,"date":"2026-04-28T10:51:59","date_gmt":"2026-04-28T10:51:59","guid":{"rendered":"https:\/\/www.zincirmagazalar.org\/?p=4469"},"modified":"2026-04-28T11:01:25","modified_gmt":"2026-04-28T11:01:25","slug":"2026da-is-dunyasini-sekillendirecek-5-kritik-trend","status":"publish","type":"post","link":"https:\/\/www.zincirmagazalar.org\/?p=4469","title":{"rendered":"2026\u2019da \u0130\u015f D\u00fcnyas\u0131n\u0131 \u015eekillendirecek 5 Kritik Trend"},"content":{"rendered":"\t\t<div data-elementor-type=\"wp-post\" data-elementor-id=\"4469\" class=\"elementor elementor-4469\">\n\t\t\t\t\t\t<section class=\"elementor-section elementor-top-section elementor-element elementor-element-37e494d6 elementor-section-boxed elementor-section-height-default elementor-section-height-default\" data-id=\"37e494d6\" data-element_type=\"section\">\n\t\t\t\t\t\t<div class=\"elementor-container elementor-column-gap-default\">\n\t\t\t\t\t<div class=\"elementor-column elementor-col-100 elementor-top-column elementor-element elementor-element-3f48a51d\" data-id=\"3f48a51d\" data-element_type=\"column\">\n\t\t\t<div class=\"elementor-widget-wrap elementor-element-populated\">\n\t\t\t\t\t\t<div class=\"elementor-element elementor-element-48cd9dbb elementor-widget elementor-widget-text-editor\" data-id=\"48cd9dbb\" data-element_type=\"widget\" data-widget_type=\"text-editor.default\">\n\t\t\t\t<div class=\"elementor-widget-container\">\n\t\t\t\t\t\t\t\t\t<p><span style=\"color: #000000;\"><strong>Teknoloji d\u00fcnyas\u0131nda ilerleme, \u00e7\u00f6zd\u00fc\u011f\u00fc her sorunla birlikte yeni bilinmezler yaratan iki ucu keskin bir k\u0131l\u0131\u00e7 gibi. IBM Institute for Business Value taraf\u0131ndan yay\u0131nlanan bir ara\u015ft\u0131rma, 2026 y\u0131l\u0131nda, i\u015fletmelerin sadece hayatta kalmak de\u011fil, bu belirsizlik ortam\u0131nda nas\u0131l parlayacaklar\u0131n\u0131 ortaya koyacak 5 trendi a\u00e7\u0131kl\u0131yor. <\/strong><\/span><\/p><p><span style=\"color: #000000;\">\u201c5 Trends for 2026\u201d ara\u015ft\u0131rmas\u0131na g\u00f6re liderlerin radar\u0131nda olmas\u0131 gereken, yapay zekadan kuantuma uzanan 5 temel trend \u015f\u00f6yle:<br \/><strong>1. Belirsizli\u011fi En B\u00fcy\u00fck Varl\u0131\u011f\u0131n\u0131z Haline Getirin<\/strong><br \/>Geleneksel planlama y\u00f6ntemleri art\u0131k yetersiz kal\u0131yor; \u00e7\u00fcnk\u00fc harita hen\u00fcz \u00e7izilirken yol al\u0131nmas\u0131 gerekiyor. 2026 y\u0131l\u0131nda y\u00f6neticilerin %74\u2019\u00fc, ekonomik ve jeopolitik dalgalanmalar\u0131n yeni i\u015f f\u0131rsatlar\u0131 yarataca\u011f\u0131na inan\u0131yor.<br \/>\u00c7\u00f6z\u00fcm: Sadece de\u011fi\u015fime tepki vermeyin, onu \u00f6ng\u00f6r\u00fcn.<br \/>G\u00fc\u00e7 Kayna\u011f\u0131: Agentic AI kullanan liderler, belirsizlikte f\u0131rsat g\u00f6rme konusunda rakiplerinden iki kat daha \u00f6nde. <\/span><\/p><p><span style=\"color: #000000;\"><strong>2. \u00c7al\u0131\u015fanlar Yapay Zek\u00e2ya Direnmiyor, Onu Davet Ediyor<\/strong><\/span><br \/><span style=\"color: #000000;\">Y\u00f6neticiler \u00e7al\u0131\u015fanlar\u0131n de\u011fi\u015fimden yoruldu\u011funu d\u00fc\u015f\u00fcnse de veriler tam tersini s\u00f6yl\u00fcyor. \u00c7al\u0131\u015fanlar yapay zek\u00e2y\u0131 bir d\u00fc\u015fman de\u011fil, monoton i\u015flerden kurtaran bir &#8220;ka\u00e7\u0131\u015f yolu&#8221; olarak g\u00f6r\u00fcyor.<\/span><br \/><span style=\"color: #000000;\">\u0130lgin\u00e7 Veri: \u00c7al\u0131\u015fanlar\u0131n %48\u2019i bir yapay zek\u00e2 ajan\u0131 taraf\u0131ndan y\u00f6netilmekten rahats\u0131zl\u0131k duymayaca\u011f\u0131n\u0131 belirtiyor.<\/span><br \/><span style=\"color: #000000;\">Strateji: \u0130nsan yeteneklerini, yapay zek\u00e2n\u0131n yapamad\u0131\u011f\u0131, yarat\u0131c\u0131l\u0131k, ili\u015fki kurma ve etik yarg\u0131lama gibi alanlara odaklay\u0131n.<\/span><\/p><p><span style=\"color: #000000;\"><strong>3. \u015eeffafl\u0131k, Yeni G\u00fcven Birimi<\/strong><\/span><br \/><span style=\"color: #000000;\">Yapay zek\u00e2 s\u00f6z konusu oldu\u011funda m\u00fc\u015fteri g\u00fcveni her \u015feyden daha de\u011ferlidir. T\u00fcketiciler yapay zek\u00e2n\u0131n m\u00fckemmel olmas\u0131n\u0131 beklemiyor, ancak kendilerinden bir \u015fey saklanmas\u0131na asla tolerans g\u00f6stermiyor.<\/span><br \/><span style=\"color: #000000;\">Kritik Uyar\u0131: T\u00fcketicilerin \u00fc\u00e7te ikisi, bir \u015firket yapay zek\u00e2 kullan\u0131m\u0131n\u0131 kas\u0131tl\u0131 olarak gizlerse markay\u0131 terk edece\u011fini s\u00f6yl\u00fcyor.<\/span><br \/><span style=\"color: #000000;\">\u00d6neri: Verilerin nas\u0131l kullan\u0131ld\u0131\u011f\u0131n\u0131 basit\u00e7e a\u00e7\u0131klay\u0131n ve m\u00fc\u015fterilere &#8220;vazge\u00e7me&#8221; (opt-out) yerine &#8220;dahil olma&#8221; (opt-in) se\u00e7ene\u011fi sunun.<\/span><\/p><p><span style=\"color: #000000;\"><strong>4. Yapay Zek\u00e2 Dayan\u0131kl\u0131l\u0131\u011f\u0131 \u0130\u00e7in Yerel G\u00fcvenceler \u015eart<\/strong><\/span><br \/><span style=\"color: #000000;\">K\u00fcresel sistemlerdeki aksamalar, &#8220;Yapay Zek\u00e2 Egemenli\u011fi&#8221; kavram\u0131n\u0131 hayati k\u0131l\u0131yor. \u0130\u015fletmelerin veri, altyap\u0131 ve modelleri \u00fczerinde her an kontrol sahibi olmas\u0131 gerekiyor.<\/span><br \/><span style=\"color: #000000;\">Ger\u00e7eklik: Y\u00f6neticilerin %93\u2019\u00fc, 2026 stratejilerine yapay zek\u00e2 egemenli\u011fini dahil etmeleri gerekti\u011fini kabul ediyor.<\/span><br \/><span style=\"color: #000000;\">Ad\u0131m: Verilerinizin nerede durdu\u011funu ve kritik hesaplama kaynaklar\u0131n\u0131za eri\u015fiminizi garanti alt\u0131na al\u0131n.<\/span><\/p><p><span style=\"color: #000000;\"><strong>5. Kuantum \u00c7a\u011f\u0131nda &#8220;Birlikten Kuvvet Do\u011far&#8221;<\/strong><\/span><br \/><span style=\"color: #000000;\">Kuantum avantaj\u0131n\u0131n 2026 sonuna kadar ortaya \u00e7\u0131kmas\u0131 bekleniyor. Ancak bu teknoloji tek bir \u015firketin tek ba\u015f\u0131na s\u0131rtlayamayaca\u011f\u0131 kadar b\u00fcy\u00fck kaynaklar gerektiriyor.<\/span><br \/><span style=\"color: #000000;\">Ekosistem G\u00fcc\u00fc: Kuantuma en haz\u0131r organizasyonlar, di\u011ferlerine g\u00f6re 3 kat daha fazla i\u015f ortakl\u0131\u011f\u0131 ekosistemine dahil durumda.<\/span><br \/><span style=\"color: #000000;\">Sonu\u00e7: Gelece\u011fin kazananlar\u0131, verilerini ve i\u015flem g\u00fc\u00e7lerini do\u011fru ortaklarla birle\u015ftirenler olacak.<\/span><\/p><p><span style=\"color: #000000;\"><a style=\"color: #000000;\" href=\"https:\/\/www.ibm.com\/downloads\/documents\/us-en\/1443d5df79cf4c92\" target=\"_blank\" rel=\"noopener\">Raporun tamam\u0131 i\u00e7in t\u0131klay\u0131n\u0131z.<\/a><\/span><\/p>\t\t\t\t\t\t\t\t<\/div>\n\t\t\t\t<\/div>\n\t\t\t\t\t<\/div>\n\t\t<\/div>\n\t\t\t\t\t<\/div>\n\t\t<\/section>\n\t\t\t\t<\/div>\n\t\t","protected":false},"excerpt":{"rendered":"<p>Teknoloji d\u00fcnyas\u0131nda ilerleme, \u00e7\u00f6zd\u00fc\u011f\u00fc her sorunla birlikte yeni bilinmezler yaratan iki ucu keskin bir k\u0131l\u0131\u00e7 gibi. IBM Institute for Business Value taraf\u0131ndan yay\u0131nlanan bir ara\u015ft\u0131rma, 2026 y\u0131l\u0131nda, i\u015fletmelerin sadece hayatta kalmak de\u011fil, bu belirsizlik ortam\u0131nda nas\u0131l parlayacaklar\u0131n\u0131 ortaya koyacak 5 trendi a\u00e7\u0131kl\u0131yor. \u201c5 Trends for 2026\u201d ara\u015ft\u0131rmas\u0131na g\u00f6re liderlerin radar\u0131nda olmas\u0131 gereken, yapay zekadan kuantuma [&hellip;]<\/p>\n","protected":false},"author":2,"featured_media":4474,"comment_status":"open","ping_status":"open","sticky":false,"template":"","format":"standard","meta":{"footnotes":""},"categories":[17],"tags":[],"class_list":{"0":"post-4469","1":"post","2":"type-post","3":"status-publish","4":"format-standard","5":"has-post-thumbnail","7":"category-haberler"},"_links":{"self":[{"href":"https:\/\/www.zincirmagazalar.org\/index.php?rest_route=\/wp\/v2\/posts\/4469","targetHints":{"allow":["GET"]}}],"collection":[{"href":"https:\/\/www.zincirmagazalar.org\/index.php?rest_route=\/wp\/v2\/posts"}],"about":[{"href":"https:\/\/www.zincirmagazalar.org\/index.php?rest_route=\/wp\/v2\/types\/post"}],"author":[{"embeddable":true,"href":"https:\/\/www.zincirmagazalar.org\/index.php?rest_route=\/wp\/v2\/users\/2"}],"replies":[{"embeddable":true,"href":"https:\/\/www.zincirmagazalar.org\/index.php?rest_route=%2Fwp%2Fv2%2Fcomments&post=4469"}],"version-history":[{"count":8,"href":"https:\/\/www.zincirmagazalar.org\/index.php?rest_route=\/wp\/v2\/posts\/4469\/revisions"}],"predecessor-version":[{"id":4478,"href":"https:\/\/www.zincirmagazalar.org\/index.php?rest_route=\/wp\/v2\/posts\/4469\/revisions\/4478"}],"wp:featuredmedia":[{"embeddable":true,"href":"https:\/\/www.zincirmagazalar.org\/index.php?rest_route=\/wp\/v2\/media\/4474"}],"wp:attachment":[{"href":"https:\/\/www.zincirmagazalar.org\/index.php?rest_route=%2Fwp%2Fv2%2Fmedia&parent=4469"}],"wp:term":[{"taxonomy":"category","embeddable":true,"href":"https:\/\/www.zincirmagazalar.org\/index.php?rest_route=%2Fwp%2Fv2%2Fcategories&post=4469"},{"taxonomy":"post_tag","embeddable":true,"href":"https:\/\/www.zincirmagazalar.org\/index.php?rest_route=%2Fwp%2Fv2%2Ftags&post=4469"}],"curies":[{"name":"wp","href":"https:\/\/api.w.org\/{rel}","templated":true}]}}