{"id":4415,"date":"2026-03-13T08:13:12","date_gmt":"2026-03-13T08:13:12","guid":{"rendered":"https:\/\/www.zincirmagazalar.org\/?p=4415"},"modified":"2026-03-13T09:08:31","modified_gmt":"2026-03-13T09:08:31","slug":"kuresel-riskler-raporu-2026-jeoekonomik-catisma-ve-yapay-zeka-kiskacinda-bir-dunya","status":"publish","type":"post","link":"https:\/\/www.zincirmagazalar.org\/?p=4415","title":{"rendered":"K\u00fcresel Riskler Raporu 2026: Jeoekonomik \u00c7at\u0131\u015fma ve Yapay Zek\u00e2 K\u0131skac\u0131nda Bir D\u00fcnya"},"content":{"rendered":"\t\t<div data-elementor-type=\"wp-post\" data-elementor-id=\"4415\" class=\"elementor elementor-4415\">\n\t\t\t\t\t\t<section class=\"elementor-section elementor-top-section elementor-element elementor-element-37e494d6 elementor-section-boxed elementor-section-height-default elementor-section-height-default\" data-id=\"37e494d6\" data-element_type=\"section\">\n\t\t\t\t\t\t<div class=\"elementor-container elementor-column-gap-default\">\n\t\t\t\t\t<div class=\"elementor-column elementor-col-100 elementor-top-column elementor-element elementor-element-3f48a51d\" data-id=\"3f48a51d\" data-element_type=\"column\">\n\t\t\t<div class=\"elementor-widget-wrap elementor-element-populated\">\n\t\t\t\t\t\t<div class=\"elementor-element elementor-element-48cd9dbb elementor-widget elementor-widget-text-editor\" data-id=\"48cd9dbb\" data-element_type=\"widget\" data-widget_type=\"text-editor.default\">\n\t\t\t\t<div class=\"elementor-widget-container\">\n\t\t\t\t\t\t\t\t\t<p><span style=\"color: #808080;\"><strong>2026 y\u0131l\u0131nda d\u00fcnya, b\u00fcy\u00fck g\u00fc\u00e7ler aras\u0131ndaki ekonomik \u00e7at\u0131\u015fmalar\u0131n ve teknolojik h\u0131zlanman\u0131n yaratt\u0131\u011f\u0131 bir u\u00e7urumun kenar\u0131nda duruyor. D\u00fcnya Ekonomik Forumu (WEF) taraf\u0131ndan ge\u00e7ti\u011fimiz g\u00fcnlerde yay\u0131nlanan K\u00fcresel Riskler Raporu 2026, \u00f6n\u00fcm\u00fczdeki iki y\u0131l\u0131n &#8220;f\u0131rt\u0131nal\u0131&#8221; ge\u00e7ece\u011fine dair inanc\u0131n %36&#8217;dan %50&#8217;ye y\u00fckseldi\u011fini ortaya koyarak ciddi bir karamsarl\u0131k tablosu \u00e7iziyor.<\/strong><\/span><\/p><p>D\u00fcnya Ekonomik Forumu (WEF) taraf\u0131ndan her y\u0131l yay\u0131nlanan K\u00fcresel Riskler Raporu, i\u015f d\u00fcnyas\u0131, akademi, sivil toplum ve kamu d\u00e2hil olmak \u00fczere farkl\u0131 sekt\u00f6rlerden bin 300\u2019den fazla lider ve uzman\u0131n g\u00f6r\u00fc\u015flerine dayan\u0131yor. Rapora g\u00f6re, ankete kat\u0131lanlar\u0131n yar\u0131s\u0131 \u00f6n\u00fcm\u00fczdeki iki y\u0131l\u0131n \u00e7alkant\u0131l\u0131 veya f\u0131rt\u0131nal\u0131 ge\u00e7ece\u011fini \u00f6ng\u00f6r\u00fcyor. Bu oran, ge\u00e7en y\u0131lki raporda %36 seviyesindeydi.<\/p><p><img fetchpriority=\"high\" decoding=\"async\" class=\"size-large wp-image-4418 aligncenter\" src=\"https:\/\/www.zincirmagazalar.org\/wp-content\/uploads\/2026\/03\/kurusel-riskler-2026-tablo1-1024x605.jpg\" alt=\"\" width=\"696\" height=\"411\" srcset=\"https:\/\/www.zincirmagazalar.org\/wp-content\/uploads\/2026\/03\/kurusel-riskler-2026-tablo1-1024x605.jpg 1024w, https:\/\/www.zincirmagazalar.org\/wp-content\/uploads\/2026\/03\/kurusel-riskler-2026-tablo1-300x177.jpg 300w, https:\/\/www.zincirmagazalar.org\/wp-content\/uploads\/2026\/03\/kurusel-riskler-2026-tablo1-768x454.jpg 768w, https:\/\/www.zincirmagazalar.org\/wp-content\/uploads\/2026\/03\/kurusel-riskler-2026-tablo1-710x420.jpg 710w, https:\/\/www.zincirmagazalar.org\/wp-content\/uploads\/2026\/03\/kurusel-riskler-2026-tablo1-696x411.jpg 696w, https:\/\/www.zincirmagazalar.org\/wp-content\/uploads\/2026\/03\/kurusel-riskler-2026-tablo1-1068x631.jpg 1068w, https:\/\/www.zincirmagazalar.org\/wp-content\/uploads\/2026\/03\/kurusel-riskler-2026-tablo1.jpg 1179w\" sizes=\"(max-width: 696px) 100vw, 696px\" \/><\/p><p><strong>K\u0131sa Vadeli Tehdit: Jeoekonomik \u00c7at\u0131\u015fma ve Bilgi Kirlili\u011fi<\/strong><br \/>\u00d6n\u00fcm\u00fczdeki iki y\u0131ll\u0131k s\u00fcre\u00e7te (2026-2028), k\u00fcresel istikrar\u0131 bozmas\u0131 en muhtemel risklerin ba\u015f\u0131nda Jeoekonomik \u00c7at\u0131\u015fma geliyor. Ticaret sava\u015flar\u0131, yapt\u0131r\u0131mlar ve tedarik zincirlerinin silah olarak kullan\u0131lmas\u0131, kat\u0131l\u0131mc\u0131lar\u0131n %18\u2019i taraf\u0131ndan &#8220;en b\u00fcy\u00fck kriz tetikleyicisi&#8221; olarak g\u00f6r\u00fcl\u00fcyor.<br \/>K\u0131sa vadeli g\u00f6r\u00fcn\u00fcmde ilk 3 risk \u015fu \u015fekilde s\u0131ralan\u0131yor:<br \/><strong>1. Jeoekonomik \u00c7at\u0131\u015fma:<\/strong> Tedarik zincirlerini ve ortak \u015foklara yan\u0131t kapasitesini tehdit ediyor.<br \/><strong>2. Yanl\u0131\u015f ve Yan\u0131lt\u0131c\u0131 Bilgi:<\/strong> \u00d6zellikle yapay zek\u00e2 ile \u00fcretilen dezenformasyon, toplumsal g\u00fcveni sars\u0131yor.<br \/><strong>3. Toplumsal Kutupla\u015fma:<\/strong> Demokratik sistemler \u00fczerindeki bask\u0131y\u0131 art\u0131rarak karar alma s\u00fcre\u00e7lerini kilitliyor.<\/p><p><strong>Ekonomik Risklerde Sert Y\u00fckseli\u015f<\/strong><br \/>Raporun en dikkat \u00e7ekici k\u0131s\u0131mlar\u0131ndan biri, ekonomik endi\u015felerdeki h\u0131zl\u0131 t\u0131rman\u0131\u015f. Ekonomik durgunluk ve enflasyon riskleri ge\u00e7en y\u0131la g\u00f6re sekiz basamak birden y\u00fckselerek s\u0131ras\u0131yla 11. ve 21. s\u0131raya \u00e7\u0131kt\u0131. Uzmanlar; artan bor\u00e7 y\u00fck\u00fc ve varl\u0131k balonlar\u0131n\u0131n, jeopolitik gerilimlerle birle\u015ferek piyasalarda yeni bir oynakl\u0131k d\u00f6nemi ba\u015flatabilece\u011fi konusunda uyar\u0131yor.<\/p><p><strong>Yapay Zekan\u0131n \u0130ki Y\u00fcz\u00fc: F\u0131rsat m\u0131, Tehdit mi?<\/strong><br \/>Yapay zekan\u0131n (AI) olumsuz sonu\u00e7lar\u0131, rapordaki en sert y\u00fckseli\u015fi g\u00f6steren risk oldu. \u0130ki y\u0131ll\u0131k vadede listenin sonlar\u0131nda (30. s\u0131ra) yer alan bu risk, 10 y\u0131ll\u0131k perspektifte 5. s\u0131raya f\u0131rl\u0131yor. Bu durum, AI&#8217;n\u0131n k\u0131sa vadedeki verimlilik vaatlerinin \u00f6tesinde, uzun vadede i\u015fg\u00fcc\u00fc piyasalar\u0131n\u0131 ve k\u00fcresel g\u00fcvenli\u011fi k\u00f6kten sarsabilece\u011fine dair derin endi\u015feleri yans\u0131t\u0131yor.<\/p><p><strong>\u00c7evre Riskleri Geri Plana m\u0131 At\u0131l\u0131yor?<\/strong><br \/>\u0130lgin\u00e7 bir bulgu olarak, \u00e7evresel riskler (a\u015f\u0131r\u0131 hava olaylar\u0131, kirlilik vb.) k\u0131sa vadeli s\u0131ralamada geriledi. Ancak bu bir &#8220;iyile\u015fme&#8221; de\u011fil, k\u0131sa vadeli ekonomik ve siyasi kayg\u0131lar\u0131n aciliyetinin, uzun vadeli hedefleri g\u00f6lgeledi\u011fi bir \u00f6ncelik de\u011fi\u015fimi olarak tan\u0131mlan\u0131yor. Buna ra\u011fmen, 10 y\u0131ll\u0131k perspektifte listenin ilk \u00fc\u00e7 s\u0131ras\u0131n\u0131 h\u00e2l\u00e2 \u00e7evresel tehditler (a\u015f\u0131r\u0131 hava olaylar\u0131, biyo\u00e7e\u015fitlilik kayb\u0131 ve D\u00fcnya sistemlerinde kritik de\u011fi\u015fimler) olu\u015fturuyor.<\/p><p><strong>K\u00f6k Neden: E\u015fitsizlik<\/strong><br \/>E\u015fitsizlik, \u00fcst \u00fcste ikinci y\u0131l &#8220;en fazla birbirine ba\u011fl\u0131 risk&#8221; olarak tan\u0131mland\u0131. Toplumsal s\u00f6zle\u015fmenin zay\u0131flamas\u0131na neden olan bu durum; kutupla\u015fmay\u0131, g\u00f6\u00e7 hareketlerini ve ekonomik istikrars\u0131zl\u0131\u011f\u0131 besleyen bir motor g\u00f6revi g\u00f6r\u00fcyor.<\/p><p>\u00d6zetle 2026 K\u00fcresel Riskler Raporu, \u00e7ok kutuplu ve par\u00e7alanm\u0131\u015f bir d\u00fcnya d\u00fczenine do\u011fru h\u0131zla ilerledi\u011fimizi g\u00f6steriyor. G\u00fcvenin azald\u0131\u011f\u0131 bu d\u00f6nemde, k\u00fcresel riskleri y\u00f6netmek i\u00e7in i\u015f birli\u011fi her zamankinden daha hayati bir \u00f6nem ta\u015f\u0131yor.<\/p><p><img decoding=\"async\" class=\"size-large wp-image-4419 aligncenter\" src=\"https:\/\/www.zincirmagazalar.org\/wp-content\/uploads\/2026\/03\/kurusel-riskler-2026-tablo2-646x1024.jpg\" alt=\"\" width=\"646\" height=\"1024\" srcset=\"https:\/\/www.zincirmagazalar.org\/wp-content\/uploads\/2026\/03\/kurusel-riskler-2026-tablo2-646x1024.jpg 646w, https:\/\/www.zincirmagazalar.org\/wp-content\/uploads\/2026\/03\/kurusel-riskler-2026-tablo2-189x300.jpg 189w, https:\/\/www.zincirmagazalar.org\/wp-content\/uploads\/2026\/03\/kurusel-riskler-2026-tablo2-768x1217.jpg 768w, https:\/\/www.zincirmagazalar.org\/wp-content\/uploads\/2026\/03\/kurusel-riskler-2026-tablo2-970x1536.jpg 970w, https:\/\/www.zincirmagazalar.org\/wp-content\/uploads\/2026\/03\/kurusel-riskler-2026-tablo2-265x420.jpg 265w, https:\/\/www.zincirmagazalar.org\/wp-content\/uploads\/2026\/03\/kurusel-riskler-2026-tablo2-696x1103.jpg 696w, https:\/\/www.zincirmagazalar.org\/wp-content\/uploads\/2026\/03\/kurusel-riskler-2026-tablo2.jpg 1010w\" sizes=\"(max-width: 646px) 100vw, 646px\" \/><\/p>\t\t\t\t\t\t\t\t<\/div>\n\t\t\t\t<\/div>\n\t\t\t\t\t<\/div>\n\t\t<\/div>\n\t\t\t\t\t<\/div>\n\t\t<\/section>\n\t\t\t\t<\/div>\n\t\t","protected":false},"excerpt":{"rendered":"<p>2026 y\u0131l\u0131nda d\u00fcnya, b\u00fcy\u00fck g\u00fc\u00e7ler aras\u0131ndaki ekonomik \u00e7at\u0131\u015fmalar\u0131n ve teknolojik h\u0131zlanman\u0131n yaratt\u0131\u011f\u0131 bir u\u00e7urumun kenar\u0131nda duruyor. D\u00fcnya Ekonomik Forumu (WEF) taraf\u0131ndan ge\u00e7ti\u011fimiz g\u00fcnlerde yay\u0131nlanan K\u00fcresel Riskler Raporu 2026, \u00f6n\u00fcm\u00fczdeki iki y\u0131l\u0131n &#8220;f\u0131rt\u0131nal\u0131&#8221; ge\u00e7ece\u011fine dair inanc\u0131n %36&#8217;dan %50&#8217;ye y\u00fckseldi\u011fini ortaya koyarak ciddi bir karamsarl\u0131k tablosu \u00e7iziyor. D\u00fcnya Ekonomik Forumu (WEF) taraf\u0131ndan her y\u0131l yay\u0131nlanan K\u00fcresel Riskler [&hellip;]<\/p>\n","protected":false},"author":2,"featured_media":4416,"comment_status":"open","ping_status":"open","sticky":false,"template":"","format":"standard","meta":{"footnotes":""},"categories":[17],"tags":[],"class_list":{"0":"post-4415","1":"post","2":"type-post","3":"status-publish","4":"format-standard","5":"has-post-thumbnail","7":"category-haberler"},"_links":{"self":[{"href":"https:\/\/www.zincirmagazalar.org\/index.php?rest_route=\/wp\/v2\/posts\/4415","targetHints":{"allow":["GET"]}}],"collection":[{"href":"https:\/\/www.zincirmagazalar.org\/index.php?rest_route=\/wp\/v2\/posts"}],"about":[{"href":"https:\/\/www.zincirmagazalar.org\/index.php?rest_route=\/wp\/v2\/types\/post"}],"author":[{"embeddable":true,"href":"https:\/\/www.zincirmagazalar.org\/index.php?rest_route=\/wp\/v2\/users\/2"}],"replies":[{"embeddable":true,"href":"https:\/\/www.zincirmagazalar.org\/index.php?rest_route=%2Fwp%2Fv2%2Fcomments&post=4415"}],"version-history":[{"count":11,"href":"https:\/\/www.zincirmagazalar.org\/index.php?rest_route=\/wp\/v2\/posts\/4415\/revisions"}],"predecessor-version":[{"id":4429,"href":"https:\/\/www.zincirmagazalar.org\/index.php?rest_route=\/wp\/v2\/posts\/4415\/revisions\/4429"}],"wp:featuredmedia":[{"embeddable":true,"href":"https:\/\/www.zincirmagazalar.org\/index.php?rest_route=\/wp\/v2\/media\/4416"}],"wp:attachment":[{"href":"https:\/\/www.zincirmagazalar.org\/index.php?rest_route=%2Fwp%2Fv2%2Fmedia&parent=4415"}],"wp:term":[{"taxonomy":"category","embeddable":true,"href":"https:\/\/www.zincirmagazalar.org\/index.php?rest_route=%2Fwp%2Fv2%2Fcategories&post=4415"},{"taxonomy":"post_tag","embeddable":true,"href":"https:\/\/www.zincirmagazalar.org\/index.php?rest_route=%2Fwp%2Fv2%2Ftags&post=4415"}],"curies":[{"name":"wp","href":"https:\/\/api.w.org\/{rel}","templated":true}]}}