{"id":3887,"date":"2025-04-14T05:34:39","date_gmt":"2025-04-14T05:34:39","guid":{"rendered":"https:\/\/www.zincirmagazalar.org\/?p=3887"},"modified":"2025-04-14T05:36:31","modified_gmt":"2025-04-14T05:36:31","slug":"endustrilerin-gelecegi-2025-arastirmasi-yayinlandi","status":"publish","type":"post","link":"https:\/\/www.zincirmagazalar.org\/?p=3887","title":{"rendered":"End\u00fcstrilerin Gelece\u011fi 2025 Ara\u015ft\u0131rmas\u0131 Yay\u0131nland\u0131"},"content":{"rendered":"\t\t<div data-elementor-type=\"wp-post\" data-elementor-id=\"3887\" class=\"elementor elementor-3887\">\n\t\t\t\t\t\t<section class=\"elementor-section elementor-top-section elementor-element elementor-element-37e494d6 elementor-section-boxed elementor-section-height-default elementor-section-height-default\" data-id=\"37e494d6\" data-element_type=\"section\">\n\t\t\t\t\t\t<div class=\"elementor-container elementor-column-gap-default\">\n\t\t\t\t\t<div class=\"elementor-column elementor-col-100 elementor-top-column elementor-element elementor-element-3f48a51d\" data-id=\"3f48a51d\" data-element_type=\"column\">\n\t\t\t<div class=\"elementor-widget-wrap elementor-element-populated\">\n\t\t\t\t\t\t<div class=\"elementor-element elementor-element-48cd9dbb elementor-widget elementor-widget-text-editor\" data-id=\"48cd9dbb\" data-element_type=\"widget\" data-widget_type=\"text-editor.default\">\n\t\t\t\t<div class=\"elementor-widget-container\">\n\t\t\t\t\t\t\t\t\t<p><span style=\"color: #808080;\"><strong>EY End\u00fcstrilerin Gelece\u011fi Ara\u015ft\u0131rmas\u0131\u2019n\u0131n 2025 versiyonu yay\u0131mland\u0131. Ara\u015ft\u0131rmaya g\u00f6re, k\u00fcresel \u00e7apta \u015firketlerin geli\u015fmekte olan teknolojilere her y\u0131l daha fazla yat\u0131r\u0131m yapt\u0131\u011f\u0131 ve pilot kullan\u0131m alanlar\u0131n\u0131 geni\u015fletmekte oldu\u011fu g\u00f6r\u00fcl\u00fcyor. \u00dcretken yapay zek\u00e2 (GenAI), 5G ve u\u00e7 bili\u015fim gibi yenilik\u00e7i teknolojiler i\u015f d\u00fcnyas\u0131n\u0131n gelece\u011fini yeniden \u015fekillendirirken bu h\u0131zl\u0131 geli\u015fen ortam, i\u015fletmeler ile bilgi ve ileti\u015fim teknolojisi (ICT) tedarik\u00e7ileri aras\u0131ndaki ili\u015fkilerin de de\u011fi\u015fmesine neden oluyor.<\/strong><\/span><\/p><p><span style=\"color: #808080;\"> EY, T\u00fcrkiye\u2019nin de dahil oldu\u011fu 26 \u00fclkede, 8 farkl\u0131 sekt\u00f6rden 1.635 i\u015fletmenin kat\u0131ld\u0131\u011f\u0131 ve i\u015fletmelerin yenilik\u00e7i teknolojilere y\u00f6nelik yakla\u015f\u0131mlar\u0131n\u0131n ele al\u0131nd\u0131\u011f\u0131 End\u00fcstrilerin Gelece\u011fi (Reimagining Industry Futures) Ara\u015ft\u0131rmas\u0131\u2019n\u0131n 2025 versiyonunu yay\u0131mlad\u0131. EY ara\u015ft\u0131rmas\u0131na g\u00f6re; \u00fcretken yapay zek\u00e2 (GenAI), 5G ve u\u00e7 bili\u015fim (edge computing) gibi yenilik\u00e7i teknolojiler i\u015f d\u00fcnyas\u0131n\u0131n gelece\u011fini yeniden \u015fekillendirirken bunlar\u0131n uygulanmas\u0131 maliyet verimlili\u011fi, \u00e7eviklik ve inovasyon vaat ediyor. Ancak h\u0131zl\u0131 geli\u015fen ve karma\u015f\u0131k olan bu ortam, i\u015fletmeler ile bilgi ve ileti\u015fim teknolojisi (ICT) tedarik\u00e7ileri aras\u0131ndaki ili\u015fkilerin de de\u011fi\u015fmesine neden oluyor. <\/span><\/p><p>Ara\u015ft\u0131rmaya g\u00f6re, geli\u015fmekte olan teknolojilere y\u00f6nelik kurumsal yat\u0131r\u0131m ivmesinin g\u00fc\u00e7l\u00fc kalmaya devam etti\u011fi g\u00f6r\u00fcl\u00fcyor; \u00fcretken yapay zek\u00e2 (GenAI) alan\u0131nda ge\u00e7en y\u0131l k\u00fcresel \u00e7apta %43 olan yat\u0131r\u0131m oran\u0131n\u0131n, bu y\u0131l %47&#8217;ye \u00e7\u0131kmas\u0131yla i\u015fletmelerin neredeyse yar\u0131s\u0131n\u0131n bu alana yat\u0131r\u0131m yapt\u0131\u011f\u0131 g\u00f6zlemleniyor. Anket kat\u0131l\u0131mc\u0131lar\u0131n\u0131n %43&#8217;\u00fc ise nesnelerin interneti (IoT) alan\u0131na yat\u0131r\u0131m yapt\u0131\u011f\u0131n\u0131 belirtirken, %33&#8217;\u00fc 5G teknolojisine yat\u0131r\u0131m yap\u0131yor; bu, s\u0131ras\u0131yla 2024&#8217;teki %39 ve %27&#8217;lik oranlar\u0131na g\u00f6re art\u0131\u015f trendini yans\u0131t\u0131yor. Ayr\u0131ca ara\u015ft\u0131rma, bilgi ve ileti\u015fim teknolojileri (ICT) tedarik\u00e7ilerinin, i\u015fletmelerin dijital d\u00f6n\u00fc\u015f\u00fcmde ba\u015far\u0131l\u0131 olabilmesi i\u00e7in stratejilerini g\u00f6zden ge\u00e7irmeleri gerekti\u011fine vurgu yap\u0131yor. Ayn\u0131 zamanda EY ara\u015ft\u0131rmas\u0131; g\u00fcn\u00fcm\u00fczde \u00fcst d\u00fczey y\u00f6neticilerin %49&#8217;unun, tedarik\u00e7i se\u00e7imi de dahil olmak \u00fczere, geli\u015fen teknolojilere kurumsal stratejilerinde yer verdi\u011fini ortaya koyuyor. Teknoloji yat\u0131r\u0131mlar\u0131n\u0131n karar s\u00fcre\u00e7lerinde CEO&#8217;lar\u0131n do\u011frudan g\u00f6rev ald\u0131\u011f\u0131 i\u015fletmelerin %51&#8217;i GenAI&#8217;ye yat\u0131r\u0131m yaparken, CEO&#8217;lar\u0131n bu s\u00fcre\u00e7lerde daha az yer ald\u0131\u011f\u0131 organizasyonlarda ise bu oran\u0131n %44 oldu\u011fu g\u00f6r\u00fcl\u00fcyor.<\/p><p><strong>\u015eirketler, Pilot Teknoloji Uygulamalar\u0131n\u0131 Canl\u0131ya Almakta Zorlan\u0131yor<\/strong><br \/>Geli\u015fmekte olan teknolojilere y\u00f6nelik yat\u0131r\u0131mlarda k\u00fcresel \u00e7aptaki art\u0131\u015f e\u011filimine ra\u011fmen ara\u015ft\u0131rma, \u00e7ok say\u0131da i\u015fletmenin hala sadece deneme a\u015famas\u0131nda oldu\u011funu ve bu geli\u015fimin \u00f6n\u00fcndeki en b\u00fcy\u00fck zorluklar\u0131n mevcut sistemlerle entegrasyon (%48) ile b\u00fct\u00e7e k\u0131s\u0131tlamalar\u0131 (%46) oldu\u011funu ortaya koyuyor. \u00d6rne\u011fin, IoT&#8217;ye yap\u0131lan yat\u0131r\u0131mlar her ne kadar y\u0131ldan y\u0131la artsa da aktif IoT uygulamalar\u0131na sahip i\u015fletmelerin oran\u0131 d\u00fc\u015f\u00fc\u015f g\u00f6steriyor ve bu oran 2024&#8217;te k\u00fcresel \u00e7apta %19 iken, bu y\u0131l %16&#8217;ya gerilemi\u015f durumda. U\u00e7 bili\u015fimin aktif uygulamalar\u0131 da y\u0131ll\u0131k bazda %22 ile sabit kal\u0131rken, ankete kat\u0131lan i\u015fletmelerin yaln\u0131zca %1&#8217;inin GenAI aktif uygulamalar\u0131na sahip oldu\u011fu g\u00f6r\u00fcl\u00fcyor.<\/p><p><strong>\u015eirketler, Tedarik\u00e7i Se\u00e7imi Konusunda Karar Almakta G\u00fc\u00e7l\u00fck Ya\u015f\u0131yor<\/strong><br \/>\u015eirketler, dijital d\u00f6n\u00fc\u015f\u00fcm yolculuklar\u0131nda operasyonlar\u0131n\u0131 en iyi \u015fekilde destekleyebilecek ICT (bilgi ve i\u0130leti\u015fim teknolojileri) tedarik\u00e7ileri se\u00e7me konusunda kararlar almakta zorlan\u0131yorlar. Ara\u015ft\u0131rmaya g\u00f6re, k\u00fcresel \u00e7apta anket kat\u0131l\u0131mc\u0131lar\u0131n\u0131n %73&#8217;\u00fc, de\u011fi\u015fen tedarik\u00e7i ekosistemini daha iyi anlamalar\u0131 gerekti\u011fini ifade ediyor. Bu durum, farkl\u0131 teknoloji sa\u011flay\u0131c\u0131lar\u0131 aras\u0131ndaki i\u015f birliklerinin giderek daha yayg\u0131n hale geldi\u011fini yans\u0131t\u0131yor. Anket kat\u0131l\u0131mc\u0131lar\u0131n\u0131n %56&#8217;s\u0131 ise teknoloji tedarik\u00e7ilerinin ek i\u015f ortaklar\u0131 hakk\u0131nda fark\u0131ndal\u0131k eksikli\u011fi ya\u015fad\u0131klar\u0131n\u0131 d\u00fc\u015f\u00fcn\u00fcyor.<\/p><p><strong>Farkl\u0131 Kullan\u0131m \u0130htiya\u00e7lar\u0131, ICT Sa\u011flay\u0131c\u0131lar\u0131n\u0131 Sekt\u00f6r Odakl\u0131 Stratejiler Benimsemeye Y\u00f6nlendiriyor<\/strong><br \/>T\u00fcm sekt\u00f6rler genelinde, sistem ve s\u00fcre\u00e7 optimizasyonu (%40) bir IoT uygulamas\u0131 olarak ilk s\u0131rada gelirken; uzaktan \u00e7al\u0131\u015fma, e\u011fitim ve i\u015f birli\u011fi (%38) 5G tabanl\u0131 bir IoT kullan\u0131m alan\u0131 olarak bunu takip ediyor. Ancak, ara\u015ft\u0131rmaya g\u00f6re tercih edilen 5G kullan\u0131m alanlar\u0131na dair sekt\u00f6rler aras\u0131nda b\u00fcy\u00fck farkl\u0131l\u0131klar bulunuyor. \u00d6rne\u011fin uzaktan i\u015f birli\u011fi konusu, enerji ve finansal hizmetler sekt\u00f6rlerinde \u00f6ncelikli olurken, kritik altyap\u0131 kontrol\u00fc otomotiv ve imalat sekt\u00f6rlerinde en \u00fcst s\u0131rada yer al\u0131yor. T\u00fcketici ve kamu sekt\u00f6rleri i\u00e7in \u00f6ncelikli 5G kullan\u0131m alan\u0131 ise sistem optimizasyonu olarak \u00f6ne \u00e7\u0131k\u0131yor. Bu durum, ICT sa\u011flay\u0131c\u0131lar\u0131n\u0131n stratejilerini sekt\u00f6r merce\u011finden ele almas\u0131 gerekti\u011fine i\u015faret ediyor.<\/p><p><strong>\u015eirketler, Maliyet Avantaj\u0131n\u0131n \u00d6tesinde Kapsaml\u0131 \u00c7\u00f6z\u00fcmler Sunan Tedarik\u00e7ileri Tercih Ediyor<\/strong><br \/>\u0130\u015fletmeler ICT sa\u011flay\u0131c\u0131lar\u0131 i\u00e7in ideal tedarik\u00e7i \u00f6zelliklerini tan\u0131mlarken, \u00f6l\u00e7\u00fclebilir i\u015f \u00e7\u0131kt\u0131lar\u0131 sa\u011flama yetene\u011finin (%33) ve g\u00fc\u00e7l\u00fc bir i\u015f orta\u011f\u0131 ekosistemine eri\u015fim sa\u011flama yetene\u011finin (%33) ilk s\u0131ralarda yer ald\u0131\u011f\u0131n\u0131 belirtiyor. Bu \u00f6zelliklerin, de\u011fer bazl\u0131 fiyatland\u0131rman\u0131n (yakla\u015f\u0131k %10) \u00f6n\u00fcnde yer almas\u0131, i\u015fletmelerin tedarik\u00e7ileri de\u011ferlendirirken maliyet avantaj\u0131n\u0131n \u00f6tesine bakt\u0131\u011f\u0131na i\u015faret ediyor.<\/p><p>EY T\u00fcrkiye Telekom\u00fcnikasyon, Medya ve Teknoloji Sekt\u00f6r Lideri ve Dan\u0131\u015fmanl\u0131k B\u00f6l\u00fcm\u00fc \u015eirket Orta\u011f\u0131 Emre Be\u015fli, ilgili ara\u015ft\u0131rmaya y\u00f6nelik \u015fu de\u011ferlendirmelerde bulundu: &#8220;EY End\u00fcstrilerin Gelece\u011fi Ara\u015ft\u0131rmas\u0131\u2018n\u0131n 2025 versiyonunda, i\u015fletmelerin dijital d\u00f6n\u00fc\u015f\u00fcmlerini desteklemek i\u00e7in 5G&#8217;den yapay zek\u00e2ya (AI) ve u\u00e7 bili\u015fime kadar bir dizi yenilik\u00e7i teknolojiyi benimsemesiyle birlikte belli bir a\u015famaya geldi\u011fi ele al\u0131n\u0131yor. \u0130\u015fletmeler bu yenilik\u00e7i teknolojileri benimsemeye kararl\u0131 olsalar da yat\u0131r\u0131mlar\u0131ndan de\u011fer sa\u011flama konusunda baz\u0131 zorluklarla kar\u015f\u0131la\u015f\u0131yorlar. Temel sorunlar aras\u0131nda, tedarik\u00e7ilerin yeteneklerinin ve i\u015f orta\u011f\u0131 ekosistemlerinin de\u011fer zincirine nas\u0131l entegre olabileceklerinin yeterince anla\u015f\u0131lmamas\u0131 ve ilgili teknolojilerdeki en son yeniliklere ili\u015fkin fark\u0131ndal\u0131\u011f\u0131n d\u00fc\u015f\u00fck olmas\u0131 yer al\u0131yor. Bu durum, bilgi ve ileti\u015fim teknolojisi (ICT) tedarik\u00e7ilerinin, ara\u015ft\u0131rmada belirtilen be\u015f temel ad\u0131m\u0131 atarak \u201c\u015firketlerin b\u00fct\u00fcnsel i\u015f ortaklar\u0131\u201d olarak kendilerini yeniden konumland\u0131rmalar\u0131n\u0131n \u00f6nemine i\u015faret ediyor. Bu yeniden konumland\u0131rma sayesinde ICT tedarik\u00e7ileri, dijital d\u00f6n\u00fc\u015f\u00fcm i\u00e7in yap\u0131lan yat\u0131r\u0131mlar\u0131n uzun vadeli de\u011fere d\u00f6n\u00fc\u015fmesi konusunda m\u00fc\u015fterilerine yard\u0131mc\u0131 olabilirler.\u201d<\/p><p>EY ara\u015ft\u0131rmas\u0131n\u0131n sonu\u00e7lar\u0131n\u0131n a\u00e7\u0131kland\u0131\u011f\u0131 ve ayn\u0131 zamanda raporda ele al\u0131nan konular\u0131n paralelinde teknoloji d\u00fcnyas\u0131ndaki geli\u015fmelerin nabz\u0131n\u0131n tutuldu\u011fu Mobile World Congress (MWC) 2025\u2019e kat\u0131lan EY-Parthenon T\u00fcrkiye Strateji Hizmetleri Lideri Ka\u011fan Karamano\u011flu ise kongreden g\u00f6zlemlerini \u015f\u00f6yle payla\u015ft\u0131: \u201cHer y\u0131l d\u00fcnya genelinden binlerce ziyaret\u00e7iyi bir araya getiren, mobil ileti\u015fim sekt\u00f6r\u00fcn\u00fcn \u00f6nemli kongrelerinden biri olan MWC, bu sene de ileti\u015fim operat\u00f6rlerinden mobil cihaz \u00fcreticilerine, teknoloji sa\u011flay\u0131c\u0131lar\u0131ndan end\u00fcstri liderlerine kadar sekt\u00f6r\u00fcn \u00f6nde gelen temsilcilerini a\u011f\u0131rlad\u0131 ve yenilik\u00e7i teknolojilere ev sahipli\u011fi yapt\u0131. Kongrede, d\u00fcnyan\u0131n en b\u00fcy\u00fck giri\u015fimleri ve teknoloji devi \u015firketler, yapay zek\u00e2 teknolojisi ba\u015fta olmak \u00fczere en son yenilikleri tan\u0131tt\u0131. Yenilik\u00e7i teknolojilerin yan\u0131 s\u0131ra gelece\u011fin teknoloji trendleri de ele al\u0131nd\u0131. Ayn\u0131 zamanda, \u00fcretken yapay zek\u00e2 (GenAI), 5G ve u\u00e7 bili\u015fim gibi teknolojilerin i\u015f d\u00fcnyas\u0131n\u0131n gelece\u011fini nas\u0131l \u015fekillendirece\u011fine dair \u00f6nemli veriler payla\u015f\u0131ld\u0131. EY olarak, MWC\u2019de yer alarak, sekt\u00f6r payda\u015flar\u0131yla bir araya gelmekten mutluluk duyduk.\u201d<\/p><p><a href=\"https:\/\/www.ey.com\/content\/dam\/ey-unified-site\/ey-com\/en-gl\/insights\/telecommunications\/documents\/ey-reimagining-industry-futures-02-2025.pdf\" target=\"_blank\" rel=\"noopener\"><em>Raporu indirmek i\u00e7in t\u0131klay\u0131n\u0131z.<\/em><\/a><\/p>\t\t\t\t\t\t\t\t<\/div>\n\t\t\t\t<\/div>\n\t\t\t\t\t<\/div>\n\t\t<\/div>\n\t\t\t\t\t<\/div>\n\t\t<\/section>\n\t\t\t\t<\/div>\n\t\t","protected":false},"excerpt":{"rendered":"<p>EY End\u00fcstrilerin Gelece\u011fi Ara\u015ft\u0131rmas\u0131\u2019n\u0131n 2025 versiyonu yay\u0131mland\u0131. Ara\u015ft\u0131rmaya g\u00f6re, k\u00fcresel \u00e7apta \u015firketlerin geli\u015fmekte olan teknolojilere her y\u0131l daha fazla yat\u0131r\u0131m yapt\u0131\u011f\u0131 ve pilot kullan\u0131m alanlar\u0131n\u0131 geni\u015fletmekte oldu\u011fu g\u00f6r\u00fcl\u00fcyor. \u00dcretken yapay zek\u00e2 (GenAI), 5G ve u\u00e7 bili\u015fim gibi yenilik\u00e7i teknolojiler i\u015f d\u00fcnyas\u0131n\u0131n gelece\u011fini yeniden \u015fekillendirirken bu h\u0131zl\u0131 geli\u015fen ortam, i\u015fletmeler ile bilgi ve ileti\u015fim teknolojisi (ICT) [&hellip;]<\/p>\n","protected":false},"author":2,"featured_media":3889,"comment_status":"open","ping_status":"open","sticky":false,"template":"","format":"standard","meta":{"footnotes":""},"categories":[17],"tags":[],"class_list":{"0":"post-3887","1":"post","2":"type-post","3":"status-publish","4":"format-standard","5":"has-post-thumbnail","7":"category-haberler"},"_links":{"self":[{"href":"https:\/\/www.zincirmagazalar.org\/index.php?rest_route=\/wp\/v2\/posts\/3887","targetHints":{"allow":["GET"]}}],"collection":[{"href":"https:\/\/www.zincirmagazalar.org\/index.php?rest_route=\/wp\/v2\/posts"}],"about":[{"href":"https:\/\/www.zincirmagazalar.org\/index.php?rest_route=\/wp\/v2\/types\/post"}],"author":[{"embeddable":true,"href":"https:\/\/www.zincirmagazalar.org\/index.php?rest_route=\/wp\/v2\/users\/2"}],"replies":[{"embeddable":true,"href":"https:\/\/www.zincirmagazalar.org\/index.php?rest_route=%2Fwp%2Fv2%2Fcomments&post=3887"}],"version-history":[{"count":7,"href":"https:\/\/www.zincirmagazalar.org\/index.php?rest_route=\/wp\/v2\/posts\/3887\/revisions"}],"predecessor-version":[{"id":3896,"href":"https:\/\/www.zincirmagazalar.org\/index.php?rest_route=\/wp\/v2\/posts\/3887\/revisions\/3896"}],"wp:featuredmedia":[{"embeddable":true,"href":"https:\/\/www.zincirmagazalar.org\/index.php?rest_route=\/wp\/v2\/media\/3889"}],"wp:attachment":[{"href":"https:\/\/www.zincirmagazalar.org\/index.php?rest_route=%2Fwp%2Fv2%2Fmedia&parent=3887"}],"wp:term":[{"taxonomy":"category","embeddable":true,"href":"https:\/\/www.zincirmagazalar.org\/index.php?rest_route=%2Fwp%2Fv2%2Fcategories&post=3887"},{"taxonomy":"post_tag","embeddable":true,"href":"https:\/\/www.zincirmagazalar.org\/index.php?rest_route=%2Fwp%2Fv2%2Ftags&post=3887"}],"curies":[{"name":"wp","href":"https:\/\/api.w.org\/{rel}","templated":true}]}}