{"id":3857,"date":"2025-03-04T06:43:44","date_gmt":"2025-03-04T06:43:44","guid":{"rendered":"https:\/\/www.zincirmagazalar.org\/?p=3857"},"modified":"2025-03-04T06:45:31","modified_gmt":"2025-03-04T06:45:31","slug":"2025te-moda-sektorunu-bekleyen-dinamikler","status":"publish","type":"post","link":"https:\/\/www.zincirmagazalar.org\/?p=3857","title":{"rendered":"2025\u2019te Moda Sekt\u00f6r\u00fcn\u00fc Bekleyen Dinamikler"},"content":{"rendered":"\t\t<div data-elementor-type=\"wp-post\" data-elementor-id=\"3857\" class=\"elementor elementor-3857\">\n\t\t\t\t\t\t<section class=\"elementor-section elementor-top-section elementor-element elementor-element-37e494d6 elementor-section-boxed elementor-section-height-default elementor-section-height-default\" data-id=\"37e494d6\" data-element_type=\"section\">\n\t\t\t\t\t\t<div class=\"elementor-container elementor-column-gap-default\">\n\t\t\t\t\t<div class=\"elementor-column elementor-col-100 elementor-top-column elementor-element elementor-element-3f48a51d\" data-id=\"3f48a51d\" data-element_type=\"column\">\n\t\t\t<div class=\"elementor-widget-wrap elementor-element-populated\">\n\t\t\t\t\t\t<div class=\"elementor-element elementor-element-48cd9dbb elementor-widget elementor-widget-text-editor\" data-id=\"48cd9dbb\" data-element_type=\"widget\" data-widget_type=\"text-editor.default\">\n\t\t\t\t<div class=\"elementor-widget-container\">\n\t\t\t\t\t\t\t\t\t<p><span style=\"color: #808080;\"><strong>McKinsey ve The Business of Fashion (BoF) i\u015f birli\u011fiyle haz\u0131rlanan &#8220;State of Fashion 2025&#8221; raporu, sekt\u00f6rdeki ba\u015fl\u0131ca trendleri ve kritik odak alanlar\u0131n\u0131 ortaya koyuyor. Rapor, ekonomik ve co\u011frafi zorluklar ile m\u00fc\u015fteri de\u011ferlerindeki de\u011fi\u015fimleri de hesaba katarak 2025&#8217;in \u00e7alkant\u0131l\u0131 ge\u00e7ece\u011fini \u00f6ng\u00f6r\u00fcyor. <\/strong><\/span><\/p><p><span style=\"color: #808080;\">Moda end\u00fcstrisini \u00f6zellikle \u00e7alkant\u0131l\u0131 ve belirsiz bir 2025 bekliyor. Uzun zamand\u0131r korkulan konjonkt\u00fcrel yava\u015flama geldi. Son d\u00f6nemdeki y\u00fcksek enflasyondan yara alan t\u00fcketiciler, fiyatlara kar\u015f\u0131 giderek daha duyarl\u0131 hale geliyor. Ayr\u0131ca iklim de\u011fi\u015fikli\u011finin h\u0131zlanmas\u0131 ve k\u00fcresel ticaretin yeniden \u015fekillenmeye devam etmesi de s\u00f6z konusu. 2024&#8217;te belirginle\u015fen b\u00f6lgesel farkl\u0131l\u0131klar 2025\u2019te keskinle\u015fiyor.<\/span><\/p><p>Her y\u0131l ger\u00e7ekle\u015ftirilen BoF-McKinsey State of Fashion Y\u00f6netici Anketi&#8217;ne kat\u0131lan moda liderleri ge\u00e7en y\u0131lki kadar k\u00f6t\u00fcmser. Sadece %20&#8217;si 2025 y\u0131l\u0131nda t\u00fcketici duyarl\u0131l\u0131\u011f\u0131nda iyile\u015fme beklerken, %39&#8217;u sekt\u00f6r ko\u015fullar\u0131n\u0131n k\u00f6t\u00fcle\u015fti\u011fini d\u00fc\u015f\u00fcn\u00fcyor.<\/p><p>Y\u00f6neticiler, t\u00fcketicilere ula\u015fmak i\u00e7in pazara \u00e7\u0131k\u0131\u015f modellerini yerelle\u015ftireceklerini, fiyat aral\u0131klar\u0131n\u0131 geni\u015fleteceklerini ve giderek daha fazla de\u011fere \u00f6ncelik veren m\u00fc\u015fterilerin dikkatini \u00e7ekmek i\u00e7in marka konumland\u0131rmas\u0131na odaklanacaklar\u0131n\u0131 s\u00f6yl\u00fcyor. Bu d\u00fcrt\u00fc ayn\u0131 zamanda yeniden sat\u0131\u015f ve uygun fiyat segmentlerinin geni\u015flemesine de yol a\u00e7\u0131yor. Bu kategorilerde yer almak istemeyen markalar, m\u00fc\u015fterilere \u00fcr\u00fcnlerinin neden y\u00fcksek fiyatlara de\u011fer oldu\u011funu g\u00f6stermek durumunda kalacak.<\/p><p>Bunu ba\u015farman\u0131n bir yolu da al\u0131\u015fveri\u015f deneyimini iyile\u015ftirmekten ge\u00e7iyor. T\u00fcketiciler d\u00fcnyan\u0131n pek \u00e7ok yerinde pandemi \u00f6ncesi seviyelerde ma\u011faza i\u00e7i al\u0131\u015fveri\u015fe geri d\u00f6n\u00fcyor, ancak perakendecilerin m\u00fc\u015fterilere ma\u011faza i\u00e7i deneyimin nesini sevdiklerini hat\u0131rlatmalar\u0131 gerekiyor.<\/p><p>Markalar ayr\u0131ca hangi t\u00fcketici gruplar\u0131n\u0131 takip edeceklerini de yeniden de\u011ferlendiriyor. Moda end\u00fcstrisi tarihsel olarak gen\u00e7 m\u00fc\u015fterilere \u00f6ncelik vermi\u015f olsa da 50 ya\u015f \u00fcst\u00fc m\u00fc\u015fterilerden olu\u015fan &#8220;G\u00fcm\u00fc\u015f Nesil&#8221; genel n\u00fcfusun ve moda harcamalar\u0131n\u0131n bir oran\u0131 olarak b\u00fcy\u00fcyor. 2025 y\u0131l\u0131nda markalar, genellikle g\u00f6z ard\u0131 edilen bu m\u00fc\u015fterilere y\u00f6nelmekten fayda sa\u011flayacakt\u0131r.<\/p><p>\u0130klim krizi de moda tedarik zincirlerinde ve t\u00fcketici davran\u0131\u015flar\u0131n\u0131 y\u00f6nlendirmede etkili bir g\u00fc\u00e7 olmaya devam edecek. M\u00fc\u015fterilerin gezegen dostu \u00fcr\u00fcnler i\u00e7in fazladan \u00f6deme yapmaya umulandan daha az istekli oldu\u011fu kan\u0131tlanm\u0131\u015f olsa da s\u00fcrd\u00fcr\u00fclebilirli\u011fin g\u00fcndemin \u00f6nemli bir yerinde kalmas\u0131 yine de gerekli. K\u0131sa vadeli sorunlarla m\u00fccadele ederken bile s\u00fcrd\u00fcr\u00fclebilirli\u011fe uzun vadeli bir zihniyetle yakla\u015fmay\u0131 se\u00e7enler, daha verimli i\u015f operasyonlar\u0131 ve rekabet avantaj\u0131 ile \u00f6d\u00fcllendirilebilir.<\/p><p><strong>2025&#8217;te Moda End\u00fcstrisini \u015eekillendiren 10 Ana Tema<\/strong><br \/>Moda sekt\u00f6r\u00fc, ekonomik dalgalanmalar, de\u011fi\u015fen t\u00fcketici davran\u0131\u015flar\u0131 ve k\u00fcresel ticaretteki d\u00f6n\u00fc\u015f\u00fcmlerle b\u00fcy\u00fck bir de\u011fi\u015fim s\u00fcrecine giriyor. Rapora g\u00f6re, 2025 y\u0131l\u0131nda sekt\u00f6r\u00fcn y\u00f6n\u00fcn\u00fc belirleyecek 10 ana tema \u015f\u00f6yle:<br \/><strong>1. Ticaretin Yeniden Yap\u0131land\u0131r\u0131lmas\u0131<\/strong><br \/>K\u00fcresel ticarette ya\u015fanan de\u011fi\u015fimler, moda markalar\u0131n\u0131n tedarik zincirlerini yeniden d\u00fczenlemelerini gerektiriyor. \u00d6zellikle Asya\u2019daki kaynak kullan\u0131m\u0131n\u0131 \u00e7e\u015fitlendirme ve yak\u0131n tedarik stratejileri daha fazla \u00f6nem kazanacak.<br \/><strong>2. Asya&#8217;daki Yeni B\u00fcy\u00fcme Motorlar\u0131<\/strong><br \/>\u00c7in\u2019in ekonomik yava\u015flamas\u0131, moda markalar\u0131n\u0131 alternatif Asya pazarlar\u0131na y\u00f6nlendiriyor. Hindistan, Japonya ve G\u00fcney Kore, b\u00fcy\u00fcme i\u00e7in \u00f6nemli f\u0131rsatlar sunuyor.<br \/><strong>3. Moda Al\u0131\u015fveri\u015finde Ke\u015ffin Yeniden Tan\u0131mlanmas\u0131<\/strong><br \/>T\u00fcketiciler, sonsuz se\u00e7enekler aras\u0131nda kayboluyor. Yapay zek\u00e2 destekli k\u00fcrasyon ve ak\u0131ll\u0131 arama sistemleri, markalar\u0131n ke\u015fif s\u00fcrecini daha verimli hale getirmesine yard\u0131mc\u0131 olabilir.<br \/><strong>4. G\u00fcm\u00fc\u015f Nesil: 50 Ya\u015f \u00dcst\u00fc M\u00fc\u015fteriler<\/strong><br \/>Moda sekt\u00f6r\u00fc, gen\u00e7 t\u00fcketicilere odaklan\u0131rken, 50 ya\u015f \u00fcst\u00fc m\u00fc\u015fteriler giderek daha \u00f6nemli hale geliyor. Bu kesime y\u00f6nelik stratejiler geli\u015ftiren markalar rekabet avantaj\u0131 sa\u011flayacak.<br \/><strong>5. T\u00fcketici De\u011fer Alg\u0131s\u0131n\u0131n De\u011fi\u015fmesi<\/strong><br \/>Ekonomik bask\u0131lar nedeniyle t\u00fcketiciler, fiyat-performans dengesine daha fazla \u00f6nem veriyor. Uygun fiyatl\u0131 \u00fcr\u00fcnler, yeniden sat\u0131\u015f platformlar\u0131 ve eri\u015filebilir l\u00fcks segmentleri b\u00fcy\u00fcmeye devam edecek.<br \/><strong>6. Ma\u011faza Deneyiminin \u00d6nemi<\/strong><br \/>Ma\u011faza i\u00e7i al\u0131\u015fveri\u015f yeniden canlan\u0131yor. Markalar, ma\u011faza \u00e7al\u0131\u015fanlar\u0131n\u0131 e\u011fiterek ve m\u00fc\u015fteri deneyimini iyile\u015ftirerek rekabet avantaj\u0131 sa\u011flayabilir.<br \/><strong>7. Pazar Yerlerinde De\u011fi\u015fim<\/strong><br \/>\u00c7evrimi\u00e7i pazar yerleri, l\u00fcks segmentin ya\u015fad\u0131\u011f\u0131 zorluklara benzer sorunlarla kar\u015f\u0131 kar\u015f\u0131ya. Moda platformlar\u0131n\u0131n hayatta kalmak i\u00e7in net bir strateji belirlemeleri gerekiyor.<br \/><strong>8. Spor Giyimde Artan Rekabet<\/strong><br \/>Spor giyim sekt\u00f6r\u00fc h\u0131zla b\u00fcy\u00fcrken, b\u00fcy\u00fck markalar ve yeni giri\u015fimler aras\u0131ndaki rekabet giderek k\u0131z\u0131\u015f\u0131yor. Yenilik\u00e7i \u00fcr\u00fcn geli\u015ftiren ve etkili marka el\u00e7ileri ile \u00e7al\u0131\u015fan markalar \u00f6ne \u00e7\u0131kacak.<br \/><strong>9. Envanter Y\u00f6netiminde M\u00fckemmellik<\/strong><br \/>Stok fazlas\u0131 ve eksiklikleri, markalar i\u00e7in b\u00fcy\u00fck bir sorun olmaya devam ediyor. 2025\u2019te teknoloji destekli envanter y\u00f6netimi, markalar\u0131n verimlili\u011fini artt\u0131racak.<br \/><strong>10. S\u00fcrd\u00fcr\u00fclebilirlik Odakl\u0131 Kolektif Hareket<\/strong><br \/>Moda sekt\u00f6r\u00fcnde s\u00fcrd\u00fcr\u00fclebilirlik art\u0131k ka\u00e7\u0131n\u0131lmaz bir konu. \u015eirketler, karbon sal\u0131n\u0131m\u0131n\u0131 azaltma ve s\u00fcrd\u00fcr\u00fclebilir \u00fcretim y\u00f6ntemlerini benimseme konusunda daha fazla sorumluluk almak zorunda.<\/p><p><strong>Sonu\u00e7: Yeni Bir Form\u00fcle \u0130htiya\u00e7 Var<\/strong><br \/>Moda end\u00fcstrisi, h\u0131zla de\u011fi\u015fen ko\u015fullara uyum sa\u011flamak i\u00e7in geleneksel stratejileri geride b\u0131rakmal\u0131. Esneklik, inovasyon ve t\u00fcketici odakl\u0131 yakla\u015f\u0131mlar, 2025\u2019te ba\u015far\u0131y\u0131 belirleyen temel unsurlar olacak.<\/p><p><a href=\"https:\/\/www.mckinsey.com\/~\/media\/mckinsey\/industries\/retail\/our%20insights\/state%20of%20fashion\/2025\/the-state-of-fashion-2025-v2.pdf?shouldIndex=false\" target=\"_blank\" rel=\"noopener\"><em>Raporun tamam\u0131 i\u00e7in t\u0131klay\u0131n\u0131z.<\/em><\/a><\/p>\t\t\t\t\t\t\t\t<\/div>\n\t\t\t\t<\/div>\n\t\t\t\t\t<\/div>\n\t\t<\/div>\n\t\t\t\t\t<\/div>\n\t\t<\/section>\n\t\t\t\t<\/div>\n\t\t","protected":false},"excerpt":{"rendered":"<p>McKinsey ve The Business of Fashion (BoF) i\u015f birli\u011fiyle haz\u0131rlanan &#8220;State of Fashion 2025&#8221; raporu, sekt\u00f6rdeki ba\u015fl\u0131ca trendleri ve kritik odak alanlar\u0131n\u0131 ortaya koyuyor. Rapor, ekonomik ve co\u011frafi zorluklar ile m\u00fc\u015fteri de\u011ferlerindeki de\u011fi\u015fimleri de hesaba katarak 2025&#8217;in \u00e7alkant\u0131l\u0131 ge\u00e7ece\u011fini \u00f6ng\u00f6r\u00fcyor. Moda end\u00fcstrisini \u00f6zellikle \u00e7alkant\u0131l\u0131 ve belirsiz bir 2025 bekliyor. Uzun zamand\u0131r korkulan konjonkt\u00fcrel yava\u015flama geldi. [&hellip;]<\/p>\n","protected":false},"author":2,"featured_media":3858,"comment_status":"open","ping_status":"open","sticky":false,"template":"","format":"standard","meta":{"footnotes":""},"categories":[17],"tags":[],"class_list":{"0":"post-3857","1":"post","2":"type-post","3":"status-publish","4":"format-standard","5":"has-post-thumbnail","7":"category-haberler"},"_links":{"self":[{"href":"https:\/\/www.zincirmagazalar.org\/index.php?rest_route=\/wp\/v2\/posts\/3857","targetHints":{"allow":["GET"]}}],"collection":[{"href":"https:\/\/www.zincirmagazalar.org\/index.php?rest_route=\/wp\/v2\/posts"}],"about":[{"href":"https:\/\/www.zincirmagazalar.org\/index.php?rest_route=\/wp\/v2\/types\/post"}],"author":[{"embeddable":true,"href":"https:\/\/www.zincirmagazalar.org\/index.php?rest_route=\/wp\/v2\/users\/2"}],"replies":[{"embeddable":true,"href":"https:\/\/www.zincirmagazalar.org\/index.php?rest_route=%2Fwp%2Fv2%2Fcomments&post=3857"}],"version-history":[{"count":5,"href":"https:\/\/www.zincirmagazalar.org\/index.php?rest_route=\/wp\/v2\/posts\/3857\/revisions"}],"predecessor-version":[{"id":3863,"href":"https:\/\/www.zincirmagazalar.org\/index.php?rest_route=\/wp\/v2\/posts\/3857\/revisions\/3863"}],"wp:featuredmedia":[{"embeddable":true,"href":"https:\/\/www.zincirmagazalar.org\/index.php?rest_route=\/wp\/v2\/media\/3858"}],"wp:attachment":[{"href":"https:\/\/www.zincirmagazalar.org\/index.php?rest_route=%2Fwp%2Fv2%2Fmedia&parent=3857"}],"wp:term":[{"taxonomy":"category","embeddable":true,"href":"https:\/\/www.zincirmagazalar.org\/index.php?rest_route=%2Fwp%2Fv2%2Fcategories&post=3857"},{"taxonomy":"post_tag","embeddable":true,"href":"https:\/\/www.zincirmagazalar.org\/index.php?rest_route=%2Fwp%2Fv2%2Ftags&post=3857"}],"curies":[{"name":"wp","href":"https:\/\/api.w.org\/{rel}","templated":true}]}}