{"id":3813,"date":"2025-02-12T07:29:12","date_gmt":"2025-02-12T07:29:12","guid":{"rendered":"https:\/\/www.zincirmagazalar.org\/?p=3813"},"modified":"2025-02-12T07:32:00","modified_gmt":"2025-02-12T07:32:00","slug":"zincir-magazalar-dernegi-yonetim-kurulu-baskanligina-yeniden-serhan-tinastepeyi-secti-2","status":"publish","type":"post","link":"https:\/\/www.zincirmagazalar.org\/?p=3813","title":{"rendered":"Zincir Ma\u011fazalar Derne\u011fi, Y\u00f6netim Kurulu Ba\u015fkanl\u0131\u011f\u0131&#8217;na Yeniden Serhan T\u0131nastepe&#8217;yi Se\u00e7ti"},"content":{"rendered":"\t\t<div data-elementor-type=\"wp-post\" data-elementor-id=\"3813\" class=\"elementor elementor-3813\">\n\t\t\t\t\t\t<section class=\"elementor-section elementor-top-section elementor-element elementor-element-37e494d6 elementor-section-boxed elementor-section-height-default elementor-section-height-default\" data-id=\"37e494d6\" data-element_type=\"section\">\n\t\t\t\t\t\t<div class=\"elementor-container elementor-column-gap-default\">\n\t\t\t\t\t<div class=\"elementor-column elementor-col-100 elementor-top-column elementor-element elementor-element-3f48a51d\" data-id=\"3f48a51d\" data-element_type=\"column\">\n\t\t\t<div class=\"elementor-widget-wrap elementor-element-populated\">\n\t\t\t\t\t\t<div class=\"elementor-element elementor-element-48cd9dbb elementor-widget elementor-widget-text-editor\" data-id=\"48cd9dbb\" data-element_type=\"widget\" data-widget_type=\"text-editor.default\">\n\t\t\t\t<div class=\"elementor-widget-container\">\n\t\t\t\t\t\t\t\t\t<p><span style=\"color: #808080;\"><strong>\u00dcyelerimiz, 11 \u015eubat 2025 Sal\u0131 g\u00fcn\u00fc yap\u0131lan Genel Kurul\u2019da Serhan T\u0131nastepe ile devam karar\u0131 ald\u0131. Yeni d\u00f6nemde derne\u011fimizin \u00f6nemli g\u00fcndem maddesi verimlilik olacak. <\/strong><\/span><\/p><p><span style=\"color: #808080;\">G\u0131dad\u0131\u015f\u0131 modern perakendenin \u00f6nemli temsilcisi Zincir Ma\u011fazalar Derne\u011fi 11 \u015eubat 2025 Sal\u0131 g\u00fcn\u00fc \u00fcyelerinin geni\u015f kat\u0131l\u0131m\u0131yla Ola\u011fan Genel Kurul toplant\u0131s\u0131n\u0131 ger\u00e7ekle\u015ftirdi. Dernek Y\u00f6netim Kurulu Ba\u015fkan\u0131 g\u00f6revine Serhan T\u0131nastepe se\u00e7ildi. Genel Kurul taraf\u0131ndan 2025-2027 d\u00f6nemi i\u00e7in se\u00e7ilen Y\u00f6netim Kurulu ve Denetim Kurulu \u00fcyeleri \u015f\u00f6yle oldu:<br \/><strong>Y\u00f6netim Kurulu \u00dcyeleri:<\/strong><br \/>Bahad\u0131r \u00d6zbek &#8211; <strong>Shaya<\/strong><br \/>B\u00fclent G\u00fcrcan &#8211; <strong>Odak<\/strong><br \/>Doruk Cenk\u00e7i &#8211; <strong>Do\u011fu\u015f Grubu<\/strong><br \/>Elif Berker &#8211; <strong>Yves Rocher<\/strong><br \/>Ender \u00d6zg\u00fcn &#8211; <strong>HepsiBurada<\/strong><br \/>Eren \u00c7amurdan &#8211; <strong>Boyner<\/strong><br \/>Erkmen Onbulak &#8211; <strong>Karaca<\/strong><br \/>Evren Kutlu &#8211; <strong>Atasun Optik<\/strong><br \/>Hadi Mert Karaibrahimo\u011flu &#8211; <strong>Penti<\/strong><br \/>Haldun Pak &#8211; <strong>Rasyotek<\/strong><br \/>Handan Abdurrahmano\u011flu &#8211; <strong>Ar\u00e7elik<\/strong><br \/>Hulusi Acar &#8211; <strong>Mediamarkt<\/strong><br \/>Kamil Hilal Suerdem &#8211; <strong>Ki\u011f\u0131l\u0131<\/strong><br \/>Kerim Ni\u015fel &#8211; <strong>Ikea<\/strong><br \/>Muharrem Mete Yurdda\u015f &#8211; <strong>Watsons<\/strong><br \/>Murat Demiro\u011flu &#8211; <strong>Nebim<\/strong><br \/>Murat Helvac\u0131 &#8211; <strong>Eczac\u0131ba\u015f\u0131<\/strong><br \/>Mustafa Akdo\u011fan &#8211; <strong>Turkcell<\/strong><br \/>Mustafa Alt\u0131nda\u011f &#8211; <strong>DR<\/strong><br \/>Nihat Erciyas &#8211; <strong>Erciyas Hukuk<\/strong><br \/>Nilay P\u0131narc\u0131 B\u00f6l\u00fckba\u015f\u0131 &#8211; <strong>Decathlon<\/strong><br \/>O\u011fuzkan \u015eat\u0131ro\u011flu &#8211; <strong>Ko\u00e7ta\u015f<\/strong><br \/>Osman \u00c7olak &#8211; <strong>T\u00fcrk Telekom<\/strong><br \/>Osman Kaz\u0131m Mavu\u015f &#8211; <strong>Evidea<\/strong><br \/>Serdar Ersoy &#8211; <strong>Ecrou<\/strong><br \/>Serhan T\u0131nastepe &#8211; <strong>Parfois<\/strong><br \/>Serhat \u00dcnverdi &#8211; <strong>Mudo<\/strong><br \/>Sinem \u0130\u00e7bilen Tani\u015f &#8211; <strong>Estee Lauder<\/strong><br \/>Sinem Turanl\u0131 &#8211; <strong>Sephora<\/strong><br \/>Sitare Sezgin &#8211; <strong>Teknosa<\/strong><br \/>\u015eeyda M\u0131s\u0131r &#8211; <strong>L\u2019Oreal<\/strong><br \/>Tar\u0131k Lelo\u011flu &#8211; <strong>Vestel<\/strong><br \/>Tuncer G\u00fclsaran &#8211; <strong>Daikin<\/strong><br \/>Ufuk Memo\u011flu &#8211; <strong>Guess<\/strong><br \/>Yenal G\u00f6ky\u0131ld\u0131r\u0131m &#8211; <strong>FLO<\/strong><br \/>Yomi Kastro \u2013 <strong>Inveon<\/strong><\/span><\/p><p><strong>Denetim Kurulu \u00dcyeleri:<\/strong><br \/>Ayd\u0131n \u00d6zyurt &#8211; <strong>Xplace<\/strong><br \/>B\u00fclent Dal &#8211; <strong>Obase<\/strong><br \/>Erhan K\u0131z\u0131lme\u015fe &#8211; <strong>Kutup<\/strong> <strong>Pazarlama<\/strong><br \/>Fatih Derek\u00f6yl\u00fc &#8211; <strong>Linens<\/strong><br \/>Filiz B\u00fclb\u00fcl &#8211; <strong>Dolpfin<\/strong><br \/>\u0130lker \u00d6zkocac\u0131k &#8211; <strong>Horoz Lojistik<\/strong><\/p><p>G\u00fc\u00e7l\u00fc \u00fcye yap\u0131s\u0131 ve kapsay\u0131c\u0131 sekt\u00f6rel \u00e7al\u0131\u015fmalar\u0131yla \u00f6nemli bir yer edinen Zincir Ma\u011fazalar Derne\u011fi\u2019nin modern perakendenin y\u00fczde 70\u2019ini temsil eder bir konuma geldi\u011fini ifade eden <strong>Y\u00f6netim Kurulu Ba\u015fkan\u0131 Serhan T\u0131nastepe<\/strong>, bunda en \u00f6nemli pay\u0131n \u00fcyelerin \u00e7al\u0131\u015fmalara verdi\u011fi bilgi payla\u015f\u0131m\u0131 ve kat\u0131l\u0131m deste\u011fi oldu\u011funun alt\u0131n\u0131 \u00e7izdi. Yeni d\u00f6nemde de mevcut \u00e7al\u0131\u015fmalara yenilerinin eklenerek devam edece\u011fini belirten T\u0131nastepe, geni\u015fleyen \u00fcye yap\u0131s\u0131yla \u00f6nemli perakendecilerin dernek b\u00fcnyesine kat\u0131ld\u0131\u011f\u0131n\u0131 ve \u00e7al\u0131\u015fmalar\u0131n bu yolla da \u00e7e\u015fitlenece\u011fini vurgulad\u0131.<\/p><p>Her alanda oldu\u011fu gibi perakendede de enflasyonla m\u00fccadelenin ana g\u00fcndem oldu\u011funu ve<strong> maliyet kontrol\u00fc<\/strong> ile <strong>verimlilik<\/strong> \u00e7al\u0131\u015fmalar\u0131n\u0131n ana faaliyetler haline geldi\u011fini belirten T\u0131nastepe, perakende sekt\u00f6r\u00fcn\u00fcn dinamikleri \u00e7er\u00e7evesinde zorluklar\u0131n a\u015f\u0131lmaya \u00e7al\u0131\u015f\u0131ld\u0131\u011f\u0131n\u0131 ifade etti. Yeni d\u00f6nemde sekt\u00f6rel \u00e7al\u0131\u015fmalar ile birlikte sorunlara kar\u015f\u0131 \u00e7\u00f6z\u00fcm \u00f6nerilerine ili\u015fkin temaslar\u0131n da t\u00fcm h\u0131z\u0131yla devam edece\u011fini ifade eden T\u0131nastepe, derneklerin bu a\u015famada \u00f6nemlerinin bir kez daha \u00f6ne \u00e7\u0131kt\u0131\u011f\u0131n\u0131, t\u00fcm \u00fcyelerin dernek \u00e7al\u0131\u015fmalar\u0131na aktif katk\u0131lar\u0131n\u0131n \u00e7ok de\u011ferli oldu\u011funu s\u00f6zlerine ekledi.<\/p>\t\t\t\t\t\t\t\t<\/div>\n\t\t\t\t<\/div>\n\t\t\t\t\t<\/div>\n\t\t<\/div>\n\t\t\t\t\t<\/div>\n\t\t<\/section>\n\t\t\t\t<\/div>\n\t\t","protected":false},"excerpt":{"rendered":"<p>\u00dcyelerimiz, 11 \u015eubat 2025 Sal\u0131 g\u00fcn\u00fc yap\u0131lan Genel Kurul\u2019da Serhan T\u0131nastepe ile devam karar\u0131 ald\u0131. Yeni d\u00f6nemde derne\u011fimizin \u00f6nemli g\u00fcndem maddesi verimlilik olacak. G\u0131dad\u0131\u015f\u0131 modern perakendenin \u00f6nemli temsilcisi Zincir Ma\u011fazalar Derne\u011fi 11 \u015eubat 2025 Sal\u0131 g\u00fcn\u00fc \u00fcyelerinin geni\u015f kat\u0131l\u0131m\u0131yla Ola\u011fan Genel Kurul toplant\u0131s\u0131n\u0131 ger\u00e7ekle\u015ftirdi. Dernek Y\u00f6netim Kurulu Ba\u015fkan\u0131 g\u00f6revine Serhan T\u0131nastepe se\u00e7ildi. Genel Kurul taraf\u0131ndan [&hellip;]<\/p>\n","protected":false},"author":2,"featured_media":3814,"comment_status":"open","ping_status":"open","sticky":false,"template":"","format":"standard","meta":{"footnotes":""},"categories":[17],"tags":[],"class_list":{"0":"post-3813","1":"post","2":"type-post","3":"status-publish","4":"format-standard","5":"has-post-thumbnail","7":"category-haberler"},"_links":{"self":[{"href":"https:\/\/www.zincirmagazalar.org\/index.php?rest_route=\/wp\/v2\/posts\/3813","targetHints":{"allow":["GET"]}}],"collection":[{"href":"https:\/\/www.zincirmagazalar.org\/index.php?rest_route=\/wp\/v2\/posts"}],"about":[{"href":"https:\/\/www.zincirmagazalar.org\/index.php?rest_route=\/wp\/v2\/types\/post"}],"author":[{"embeddable":true,"href":"https:\/\/www.zincirmagazalar.org\/index.php?rest_route=\/wp\/v2\/users\/2"}],"replies":[{"embeddable":true,"href":"https:\/\/www.zincirmagazalar.org\/index.php?rest_route=%2Fwp%2Fv2%2Fcomments&post=3813"}],"version-history":[{"count":8,"href":"https:\/\/www.zincirmagazalar.org\/index.php?rest_route=\/wp\/v2\/posts\/3813\/revisions"}],"predecessor-version":[{"id":3822,"href":"https:\/\/www.zincirmagazalar.org\/index.php?rest_route=\/wp\/v2\/posts\/3813\/revisions\/3822"}],"wp:featuredmedia":[{"embeddable":true,"href":"https:\/\/www.zincirmagazalar.org\/index.php?rest_route=\/wp\/v2\/media\/3814"}],"wp:attachment":[{"href":"https:\/\/www.zincirmagazalar.org\/index.php?rest_route=%2Fwp%2Fv2%2Fmedia&parent=3813"}],"wp:term":[{"taxonomy":"category","embeddable":true,"href":"https:\/\/www.zincirmagazalar.org\/index.php?rest_route=%2Fwp%2Fv2%2Fcategories&post=3813"},{"taxonomy":"post_tag","embeddable":true,"href":"https:\/\/www.zincirmagazalar.org\/index.php?rest_route=%2Fwp%2Fv2%2Ftags&post=3813"}],"curies":[{"name":"wp","href":"https:\/\/api.w.org\/{rel}","templated":true}]}}