{"id":3628,"date":"2024-11-20T18:34:14","date_gmt":"2024-11-20T18:34:14","guid":{"rendered":"https:\/\/www.zincirmagazalar.org\/?p=3628"},"modified":"2024-11-20T18:44:20","modified_gmt":"2024-11-20T18:44:20","slug":"dff-global-50-ozel-baskisini-yayinladi-genclik-ve-gelecek-nesiller","status":"publish","type":"post","link":"https:\/\/www.zincirmagazalar.org\/?p=3628","title":{"rendered":"DFF &#8216;Global 50 \u00d6zel Bask\u0131s\u0131&#8217;n\u0131 Yay\u0131nlad\u0131: &#8216;Gen\u00e7lik ve Gelecek Nesiller&#8217;"},"content":{"rendered":"\t\t<div data-elementor-type=\"wp-post\" data-elementor-id=\"3628\" class=\"elementor elementor-3628\">\n\t\t\t\t\t\t<section class=\"elementor-section elementor-top-section elementor-element elementor-element-37e494d6 elementor-section-boxed elementor-section-height-default elementor-section-height-default\" data-id=\"37e494d6\" data-element_type=\"section\">\n\t\t\t\t\t\t<div class=\"elementor-container elementor-column-gap-default\">\n\t\t\t\t\t<div class=\"elementor-column elementor-col-100 elementor-top-column elementor-element elementor-element-3f48a51d\" data-id=\"3f48a51d\" data-element_type=\"column\">\n\t\t\t<div class=\"elementor-widget-wrap elementor-element-populated\">\n\t\t\t\t\t\t<div class=\"elementor-element elementor-element-48cd9dbb elementor-widget elementor-widget-text-editor\" data-id=\"48cd9dbb\" data-element_type=\"widget\" data-widget_type=\"text-editor.default\">\n\t\t\t\t<div class=\"elementor-widget-container\">\n\t\t\t\t\t\t\t\t\t<p><span style=\"color: #808080;\"><strong>Dubai Gelecek Vakf\u0131 (Dubai Future Foundation &#8211; DFF), gen\u00e7leri g\u00fc\u00e7lendiren ve gelecek nesiller i\u00e7in daha iyi bir gelecek tasarlamaya yard\u0131mc\u0131 olan yenilik\u00e7i \u00e7\u00f6z\u00fcmleri ke\u015ffetmek \u00fczere tasarlanan ve her y\u0131l yay\u0131nlanan Gelecek F\u0131rsatlar\u0131 Raporu: Global 50 (Future Opportunities Report: The Global 50) adl\u0131 raporunun \u00f6zel bir bask\u0131s\u0131n\u0131 yay\u0131nlad\u0131: Gen\u00e7lik ve Gelecek Nesiller (Youth and Future Generations)<\/strong><\/span><\/p><p><span style=\"color: #808080;\">Global 50 \u00d6zel Bask\u0131s\u0131: Gen\u00e7lik ve Gelecek Nesiller\u2019in yay\u0131n\u0131, d\u00fcnya liderlerinin bug\u00fcn\u00fcn ve gelecek y\u0131llar\u0131n zorluklar\u0131n\u0131 ve f\u0131rsatlar\u0131n\u0131 ele almak \u00fczere bir araya geldi\u011fi New York&#8217;taki Birle\u015fmi\u015f Milletler Gelecek Zirvesi&#8217;ne denk geldi. Uluslararas\u0131 ve BAE merkezli uzmanlar\u0131n g\u00f6r\u00fc\u015flerini bir araya getiren rapor, d\u00fcnyan\u0131n bug\u00fcn\u00fcn gen\u00e7lerini ve gelecek nesilleri yenilik\u00e7i eylemlerle nas\u0131l daha iyi destekleyebilece\u011fini vurguluyor.<\/span><\/p><p>Bu \u00f6zel bask\u0131da, Global 50&#8217;nin \u00f6nceki bask\u0131lar\u0131nda yer alan ve BM Gelecek Pakt\u0131 tasla\u011f\u0131ndaki odak alanlar\u0131yla uyumlu olan, Gelecek Nesiller Deklarasyonu tasla\u011f\u0131ndaki ilkeleri destekleyen ve zirvede tart\u0131\u015f\u0131lan temel belgeler olan K\u00fcresel Dijital \u0130lkeler S\u00f6zle\u015fmesi&#8217;ndeki f\u0131rsatlar vurgulan\u0131yor.<\/p><p><strong>\u00d6ne \u00c7\u0131kan F\u0131rsatlar<\/strong><br \/><strong>1. Kutu \u0130\u00e7inde Ya\u015fam (Life-in-a-box):<\/strong> Uzay ara\u015ft\u0131rmalar\u0131ndan ilham alan, ya\u015fam\u0131n temel ihtiya\u00e7lar\u0131n\u0131 kar\u015f\u0131layan ve gezegenin y\u00fck\u00fcn\u00fc hafifleten, kendi kendine yeten evler.<\/p><p><strong>2. GSY\u0130H 2.0 (GDP 2.0):<\/strong> Ya ekonomilerimizin ger\u00e7ek de\u011ferini \u00f6l\u00e7ebilseydik? Sosyal ve \u00e7evresel etkiler de dahil olmak \u00fczere t\u00fcm ekonomik faaliyetlerin tam maliyetinin ve ger\u00e7ek de\u011ferinin k\u00fcresel olarak kabul g\u00f6rm\u00fc\u015f bir \u00f6l\u00e7\u00fcs\u00fc.<\/p><p><strong>3. Standart Hizmet (Service as a standard):<\/strong> \u00dccretli sosyal ulusal hizmet herkes i\u00e7in yasal olarak mevcut ve bu da \u00e7al\u0131\u015fma hayat\u0131, toplum, sosyal ve \u00e7evresel kat\u0131l\u0131mla ilgili g\u00f6r\u00fc\u015flerin de\u011fi\u015fmesine ve insanlar\u0131n yeni bir kariyere ba\u015flamadan veya hayatlar\u0131n\u0131n bir sonraki a\u015famas\u0131na ge\u00e7meden \u00f6nce toplumlar\u0131na ve topluma katk\u0131da bulunmalar\u0131na olanak tan\u0131r.<\/p><p><strong>4. Kariyer Merdivenini Tersine \u00c7evirmek (Flipping the career ladder):<\/strong> Kariyer y\u00f6r\u00fcngelerinin tersine \u00e7evrilmesi: Gen\u00e7ler i\u00e7in &#8217;emeklilik&#8217;, bir b\u00fcy\u00fcme d\u00f6nemi ve ard\u0131ndan emekliler i\u00e7in &#8216;stajyerlik&#8217;, nesiller aras\u0131nda dinamik, \u00e7e\u015fitli i\u015fe al\u0131mlar\u0131 ve toplumsal kat\u0131l\u0131m\u0131 te\u015fvik eder.<\/p><p><strong>5. Petri Kab\u0131 Hareket Halinde (Petri dish on the go):<\/strong> Ta\u015f\u0131nabilir cihazlar ve geli\u015fmi\u015f nanoteknoloji, bakterilerin ger\u00e7ek zamanl\u0131 olarak tan\u0131mlanmas\u0131n\u0131 sa\u011flayarak daha hassas ve zaman\u0131nda tedaviye olanak tan\u0131r.<\/p><p><strong>6. Fikir Ekonomisi (The Ideas Economy):<\/strong> Bir gelir arac\u0131 olarak menkul k\u0131ymetle\u015ftirme yoluyla fikri m\u00fclkiyet haklar\u0131n\u0131n yayg\u0131n bir \u015fekilde olu\u015fturulmas\u0131, sahiplenilmesi ve ticaretinin yap\u0131lmas\u0131.<\/p><p><strong>7. Bilgelik Okulu (School for Wisdom):<\/strong> Okullar hem gen\u00e7ler hem de ya\u015fl\u0131lar i\u00e7in geli\u015fen teknolojilerin ortaya \u00e7\u0131kard\u0131\u011f\u0131 karma\u015f\u0131k zorluklar\u0131n \u00fcstesinden gelmek i\u00e7in k\u00fclt\u00fcrel olarak bilgilendirilmi\u015f muhakeme ve becerileri te\u015fvik eden bilgelik temelli e\u011fitim programlar\u0131 ile d\u00f6n\u00fc\u015ft\u00fcr\u00fcl\u00fcyor.<\/p><p><strong>8. \u0130nsanl\u0131k Mahkemesi (Humanity Court):<\/strong> S\u0131n\u0131rlar\u0131 olmayan dijital bir d\u00fcnyada uyu\u015fmazl\u0131k \u00e7\u00f6z\u00fcm\u00fc.<\/p><p><strong>9. \u00c7SY-G: Gelece\u011fe Do\u011fru (ESG-F: Into the Future):<\/strong> \u00c7evre, sosyal ve y\u00f6neti\u015fimin (\u00c7SY) \u00f6tesinde, i\u015fletmeler \u00c7SY&#8217;ye yakla\u015f\u0131mlar\u0131n\u0131n uzun vadeli etkiye nas\u0131l uygun oldu\u011funu, bo\u015fluklar\u0131n ortaya \u00e7\u0131kmas\u0131n\u0131 nas\u0131l \u00f6nlediklerini ve gelecekte payda\u015flar\u0131n endi\u015felerini nas\u0131l \u00f6ng\u00f6rd\u00fcklerini raporluyor.<\/p><p><strong>10. Kamusal Yapay Zek\u00e2 (Public AI):<\/strong> \u0130klim ve g\u0131da g\u00fcvenli\u011finden sa\u011fl\u0131k hizmetleri ve s\u00fcrd\u00fcr\u00fclebilir kalk\u0131nmaya kadar k\u00fcresel zorluklarla ilgili belirli kullan\u0131m durumlar\u0131na uygulanan s\u00fcrd\u00fcr\u00fclebilirlik ve devam eden performans zorluklar\u0131n\u0131 \u00f6zellikle ele alan bir kamu mal\u0131 olarak yapay zeka i\u00e7in bir \u00e7er\u00e7eve ve ara\u00e7 seti.<\/p><p><strong>11. T\u00fcm Ku\u015faklar\u0131n Diktat\u00f6rl\u00fc\u011f\u00fc (All-Generation Directorships):<\/strong> Peki ya y\u00f6netim kurulunda ku\u015fak \u00e7e\u015fitlili\u011fi bir zorunluluk olsayd\u0131? \u015eirket, kamu ve sivil toplum y\u00f6netim kurullar\u0131 ile m\u00fctevelli heyetlerine, yasal, d\u00fczenleyici ve uluslararas\u0131 standartlarda kurumsal bir y\u00f6neti\u015fim ilkesi olarak her ku\u015faktan insan\u0131n sistematik olarak dahil edilmesi.<\/p><p><strong>12. Orta\u00f6\u011fretim Art\u0131k Yok (Secondary No More):<\/strong> S\u0131n\u0131f seviyelerini ortadan kald\u0131r\u0131n ve orta\u00f6\u011fretimdeki gen\u00e7leri potansiyel geleceklerini ke\u015ffetmek ve tamamen ki\u015fiselle\u015ftirilmi\u015f, uyarlanabilir ve bili\u015fsel olarak \u00e7e\u015fitli ortamlar arac\u0131l\u0131\u011f\u0131yla bilin\u00e7li kararlar almak i\u00e7in g\u00fcven, esneklik ve g\u00fc\u00e7l\u00fc ruh sa\u011fl\u0131\u011f\u0131 ile donat\u0131n.<\/p><p><strong>13. Ta\u015f \u00dcst\u00fcne Ta\u015f &#8211; Her Yerde Karbon Temizli\u011fi (Brick By Brick \u2013 Carbon Removal Everywhere):<\/strong> Her y\u00fczey karbonu temizleyebilseydi, ne olurdu? Yeni malzemeler, kaplamalar ve geneti\u011fi de\u011fi\u015ftirilmi\u015f bitkiler havadaki karbonu uzakla\u015ft\u0131rabilir ve \u015fehirlerin net s\u0131f\u0131r, hatta karbon negatif alanlar haline gelmesine yard\u0131mc\u0131 olabilir.<\/p><p><strong>14. Kendini Ger\u00e7ekle\u015ftirme Bakanl\u0131\u011f\u0131 (The Ministry Of Self-Realisation):<\/strong> Evrensel ihtiya\u00e7lar kar\u015f\u0131land\u0131k\u00e7a, h\u00fck\u00fcmetler kendini ger\u00e7ekle\u015ftirmeyi mevzuatta bir \u00f6ncelik haline getirerek t\u00fcm politika alanlar\u0131nda kendi g\u00fcndemlerini ve vatanda\u015flar\u0131n\u0131n g\u00fcndemini etkileyecek.<\/p><p>Bu f\u0131rsatlar toplumlar\u0131 g\u00fc\u00e7lendirebilir, karma\u015f\u0131k ve evrensel ihtiya\u00e7lara \u00e7\u00f6z\u00fcmler sunabilir, bireylerin ve topluluklar\u0131n yenilik yapmas\u0131n\u0131 sa\u011flayabilir ve insanl\u0131\u011f\u0131n yeni ger\u00e7ekliklere, geli\u015fmi\u015f ekonomilere, daha iyi sa\u011fl\u0131\u011fa ve daha temiz havaya d\u00f6n\u00fc\u015f\u00fcm\u00fcne yard\u0131mc\u0131 olabilir.<\/p><p>Raporda ayr\u0131ca, DFF taraf\u0131ndan y\u00fcr\u00fct\u00fclen ara\u015ft\u0131rmalardan elde edilen \u00f6nemli demografik e\u011filimlere ve i\u00e7g\u00f6r\u00fclere dikkat \u00e7ekilerek, 15-24 ya\u015f aras\u0131 gen\u00e7lerin \u015fu anda k\u00fcresel n\u00fcfusun %16&#8217;s\u0131n\u0131, yani yakla\u015f\u0131k 1,2 milyar ki\u015fiyi olu\u015fturdu\u011fu belirtiliyor. Do\u011furganl\u0131k oranlar\u0131nda \u00f6ng\u00f6r\u00fclen d\u00fc\u015f\u00fc\u015f nedeniyle 2100 y\u0131l\u0131na kadar bu n\u00fcfusun sadece %11,5&#8217;e d\u00fc\u015fmesi bekleniyor ve bu durum gen\u00e7lerin ve gelecek nesillerin de\u011fi\u015fen ihtiya\u00e7lar\u0131n\u0131 kar\u015f\u0131layacak yenilik\u00e7i stratejilerin aciliyetinin alt\u0131n\u0131 \u00e7iziyor.<\/p><p>Raporda yer alan katk\u0131lar, BAE Khalifa \u00dcniversitesi&#8217;nde Do\u00e7ent olan Dr. Ameena Al-Sumaiti&#8217;nin de aralar\u0131nda bulundu\u011fu, kendi kendine yeten evler f\u0131rsat\u0131na yan\u0131t veren \u00e7e\u015fitli d\u00fc\u015f\u00fcnce liderlerinden geliyor. Yapay zek\u00e2 destekli ak\u0131ll\u0131 evlerin insan ihtiya\u00e7lar\u0131na sezgisel olarak nas\u0131l uyum sa\u011flayabilece\u011fini ve gelecek nesiller i\u00e7in kentsel ya\u015fam\u0131 nas\u0131l d\u00f6n\u00fc\u015ft\u00fcrebilece\u011fini ara\u015ft\u0131r\u0131yor. Bu arada, Birle\u015fmi\u015f Milletler Sekretaryas\u0131 Bilgi Teknolojileri Ofisi Veri ve Yapay Zek\u00e2 \u015eefi Lambert Hogenhout, \u201cYapay zekan\u0131n bir k\u0131sm\u0131 kamu yarar\u0131 olsayd\u0131 ne olurdu?\u201d diye sorarak Kamusal Yapay Zek\u00e2 kavram\u0131 \u00fczerine d\u00fc\u015f\u00fcn\u00fcyor.<\/p><p>Ayr\u0131ca katk\u0131da bulunanlar aras\u0131nda yer alan BAE \u00dcniversitesi Mikrobiyoloji ve \u0130mm\u00fcnoloji Yard\u0131mc\u0131 Do\u00e7enti Dr. Farah Al Marzooq, \u201cPetri Kab\u0131 Hareket Halinde\u201d f\u0131rsat\u0131na yan\u0131t olarak yenilik\u00e7i kavramlar\u0131 payla\u015f\u0131yor ve \u201cYa enfeksiyonlar\u0131 saniyeler i\u00e7inde bilseydik?\u201d sorusunu yan\u0131tl\u0131yor. Kanada Queen&#8217;s \u00dcniversitesi&#8217;nde \u0130\u015f D\u00fcnyas\u0131nda E\u015fitlik ve Kapsay\u0131c\u0131l\u0131k Profes\u00f6r\u00fc olan Dr. Eddy Ng, \u201cKariyer Merdivenini Tersine \u00c7evirmek\u201d konusundaki bak\u0131\u015f a\u00e7\u0131s\u0131n\u0131 ekliyor ve \u201cGen\u00e7lere kariyerlerini ke\u015ffetmeleri i\u00e7in para \u00f6denseydi ve emekliler hi\u00e7 emekli olmasayd\u0131 ne olurdu?\u201d diye soruyor.<\/p><p><em><a href=\"https:\/\/www.dubaifuture.ae\/wp-content\/uploads\/2024\/09\/The-Global-50-Youth-And-Future-Generations-ENG.pdf\" target=\"_blank\" rel=\"noopener\">Raporun tamam\u0131 i\u00e7in t\u0131klay\u0131n\u0131z.<\/a><\/em><\/p>\t\t\t\t\t\t\t\t<\/div>\n\t\t\t\t<\/div>\n\t\t\t\t\t<\/div>\n\t\t<\/div>\n\t\t\t\t\t<\/div>\n\t\t<\/section>\n\t\t\t\t<\/div>\n\t\t","protected":false},"excerpt":{"rendered":"<p>Dubai Gelecek Vakf\u0131 (Dubai Future Foundation &#8211; DFF), gen\u00e7leri g\u00fc\u00e7lendiren ve gelecek nesiller i\u00e7in daha iyi bir gelecek tasarlamaya yard\u0131mc\u0131 olan yenilik\u00e7i \u00e7\u00f6z\u00fcmleri ke\u015ffetmek \u00fczere tasarlanan ve her y\u0131l yay\u0131nlanan Gelecek F\u0131rsatlar\u0131 Raporu: Global 50 (Future Opportunities Report: The Global 50) adl\u0131 raporunun \u00f6zel bir bask\u0131s\u0131n\u0131 yay\u0131nlad\u0131: Gen\u00e7lik ve Gelecek Nesiller (Youth and Future Generations) [&hellip;]<\/p>\n","protected":false},"author":2,"featured_media":3629,"comment_status":"open","ping_status":"open","sticky":false,"template":"","format":"standard","meta":{"footnotes":""},"categories":[17],"tags":[],"class_list":{"0":"post-3628","1":"post","2":"type-post","3":"status-publish","4":"format-standard","5":"has-post-thumbnail","7":"category-haberler"},"_links":{"self":[{"href":"https:\/\/www.zincirmagazalar.org\/index.php?rest_route=\/wp\/v2\/posts\/3628","targetHints":{"allow":["GET"]}}],"collection":[{"href":"https:\/\/www.zincirmagazalar.org\/index.php?rest_route=\/wp\/v2\/posts"}],"about":[{"href":"https:\/\/www.zincirmagazalar.org\/index.php?rest_route=\/wp\/v2\/types\/post"}],"author":[{"embeddable":true,"href":"https:\/\/www.zincirmagazalar.org\/index.php?rest_route=\/wp\/v2\/users\/2"}],"replies":[{"embeddable":true,"href":"https:\/\/www.zincirmagazalar.org\/index.php?rest_route=%2Fwp%2Fv2%2Fcomments&post=3628"}],"version-history":[{"count":5,"href":"https:\/\/www.zincirmagazalar.org\/index.php?rest_route=\/wp\/v2\/posts\/3628\/revisions"}],"predecessor-version":[{"id":3634,"href":"https:\/\/www.zincirmagazalar.org\/index.php?rest_route=\/wp\/v2\/posts\/3628\/revisions\/3634"}],"wp:featuredmedia":[{"embeddable":true,"href":"https:\/\/www.zincirmagazalar.org\/index.php?rest_route=\/wp\/v2\/media\/3629"}],"wp:attachment":[{"href":"https:\/\/www.zincirmagazalar.org\/index.php?rest_route=%2Fwp%2Fv2%2Fmedia&parent=3628"}],"wp:term":[{"taxonomy":"category","embeddable":true,"href":"https:\/\/www.zincirmagazalar.org\/index.php?rest_route=%2Fwp%2Fv2%2Fcategories&post=3628"},{"taxonomy":"post_tag","embeddable":true,"href":"https:\/\/www.zincirmagazalar.org\/index.php?rest_route=%2Fwp%2Fv2%2Ftags&post=3628"}],"curies":[{"name":"wp","href":"https:\/\/api.w.org\/{rel}","templated":true}]}}