{"id":3311,"date":"2024-01-19T05:36:13","date_gmt":"2024-01-19T05:36:13","guid":{"rendered":"https:\/\/www.zincirmagazalar.org\/?p=3311"},"modified":"2024-01-19T05:37:56","modified_gmt":"2024-01-19T05:37:56","slug":"2024-kuresel-riskler-raporu-yayinlandi","status":"publish","type":"post","link":"https:\/\/www.zincirmagazalar.org\/?p=3311","title":{"rendered":"2024 K\u00fcresel Riskler Raporu Yay\u0131nland\u0131"},"content":{"rendered":"\t\t<div data-elementor-type=\"wp-post\" data-elementor-id=\"3311\" class=\"elementor elementor-3311\">\n\t\t\t\t\t\t<section class=\"elementor-section elementor-top-section elementor-element elementor-element-37e494d6 elementor-section-boxed elementor-section-height-default elementor-section-height-default\" data-id=\"37e494d6\" data-element_type=\"section\">\n\t\t\t\t\t\t<div class=\"elementor-container elementor-column-gap-default\">\n\t\t\t\t\t<div class=\"elementor-column elementor-col-100 elementor-top-column elementor-element elementor-element-3f48a51d\" data-id=\"3f48a51d\" data-element_type=\"column\">\n\t\t\t<div class=\"elementor-widget-wrap elementor-element-populated\">\n\t\t\t\t\t\t<div class=\"elementor-element elementor-element-48cd9dbb elementor-widget elementor-widget-text-editor\" data-id=\"48cd9dbb\" data-element_type=\"widget\" data-widget_type=\"text-editor.default\">\n\t\t\t\t<div class=\"elementor-widget-container\">\n\t\t\t\t\t\t\t\t\t<p><span style=\"color: #808080;\"><strong>D\u00fcnya Ekonomik Forumu\u2019nun 2024 Y\u0131ll\u0131k Toplant\u0131s\u0131, \u2018G\u00fcvenin Yeniden \u0130n\u015fas\u0131\u2019 temas\u0131 alt\u0131nda d\u00fcnyan\u0131n \u00f6nde gelen liderlerini bir araya getiriyor. D\u00fcnya Ekonomik Forumu kapsam\u0131nda yay\u0131nlanan 2024 K\u00fcresel Riskler Raporu\u2019na g\u00f6re, yanl\u0131\u015f bilgi ve dezenformasyon k\u0131sa vadede en \u00f6nemli riskler olarak de\u011ferlendirilirken a\u015f\u0131r\u0131 hava olaylar\u0131 ve d\u00fcnya sistemlerindeki kritik de\u011fi\u015fimler uzun vadede en \u00f6nemli riskler olarak de\u011ferlendiriliyor. Ara\u015ft\u0131rmaya kat\u0131lan uzmanlar\u0131n \u00fc\u00e7te ikisi, \u00f6n\u00fcm\u00fczdeki 10 y\u0131l i\u00e7erisinde d\u00fcnya genelinde \u00e7ok kutuplu ve par\u00e7alara ayr\u0131lm\u0131\u015f bir d\u00fczen \u00f6ng\u00f6r\u00fcyor. Rapor, acil harekete ge\u00e7ilmesi gereken k\u00fcresel konularda i\u015f birli\u011finin yetersiz kalabilece\u011fi ve yeni yakla\u015f\u0131mlar ve \u00e7\u00f6z\u00fcmler gerekebilece\u011fi konusunda uyar\u0131yor.<\/strong><\/span><\/p><p><span style=\"color: #808080;\">Yakla\u015f\u0131k yirmi y\u0131ld\u0131r risk alg\u0131 anketi verilerinden yararlanarak D\u00fcnya Ekonomik Forumu taraf\u0131ndan Marsh &amp; McLennan \u015eirketleri, SK Group ve Zurich Sigorta Grubu stratejik ortakl\u0131\u011f\u0131nda haz\u0131rlanan 2024 K\u00fcresel Riskler Raporu, insani geli\u015fmelerdeki ilerlemenin yava\u015f yava\u015f azald\u0131\u011f\u0131, devletleri ve bireyleri yeni ve yeniden ortaya \u00e7\u0131kan risklere kar\u015f\u0131 savunmas\u0131z b\u0131rakan k\u00fcresel risk ortam\u0131 konusunda uyar\u0131da bulunuyor. K\u00fcresel g\u00fc\u00e7 dinamikleri, iklim, teknoloji ve demografik yap\u0131daki sistemik de\u011fi\u015fimler kar\u015f\u0131s\u0131nda, k\u00fcresel riskler d\u00fcnyan\u0131n uyum kapasitesini s\u0131n\u0131rlar\u0131na kadar zorlamaktad\u0131r.<\/span><\/p><p>2024 K\u00fcresel Riskler Raporu acil harekete ge\u00e7ilmesi gereken k\u00fcresel sorunlara ili\u015fkin i\u015f birli\u011finin giderek azalabilece\u011fi ve risklerle ba\u015fa \u00e7\u0131kabilmek i\u00e7in yeni yakla\u015f\u0131mlar ve \u00e7\u00f6z\u00fcmler geli\u015ftirilmesi gereklili\u011fini savunuyor. D\u00fcnya genelinde uzmanlar\u0131n \u00fc\u00e7te ikisi, orta ve b\u00fcy\u00fck g\u00fc\u00e7lerin yeni kurallar ve normlar i\u00e7in yar\u0131\u015ft\u0131\u011f\u0131 ve bu normlar\u0131 belirledi\u011fi (ayn\u0131 zamanda uygulad\u0131\u011f\u0131) \u00e7ok kutuplu veya par\u00e7al\u0131 bir d\u00fczenin \u00f6n\u00fcm\u00fczdeki on y\u0131lda \u015fekillenece\u011fini \u00f6ng\u00f6r\u00fcyor.<\/p><p>Zurich Sigorta Grubu ve Marsh McLennan staratejik ortakl\u0131\u011f\u0131 ile haz\u0131rlanan rapor, Eyl\u00fcl 2023&#8217;te ankete kat\u0131lan 1.400&#8217;den fazla k\u00fcresel risk uzman\u0131, politika yap\u0131c\u0131 ve sekt\u00f6r liderinin g\u00f6r\u00fc\u015flerinden yararlanarak olu\u015fturuluyor. Sonu\u00e7lar, k\u0131sa vadeli olarak d\u00fcnya i\u00e7in \u00e7o\u011funlukla olumsuz bir g\u00f6r\u00fcn\u00fcm\u00fc vurguluyor ve bu durumun uzun vadede daha da k\u00f6t\u00fcle\u015fmesinin beklendi\u011finin alt\u0131n\u0131 \u00e7iziyor. Rapora katk\u0131 sunan uzmanlar\u0131n %30&#8217;u \u00f6n\u00fcm\u00fczdeki iki y\u0131l i\u00e7inde k\u00fcresel felaket olas\u0131l\u0131\u011f\u0131n\u0131n artmas\u0131n\u0131 beklerken, neredeyse \u00fc\u00e7te ikisi \u00f6n\u00fcm\u00fczdeki 10 y\u0131l i\u00e7inde bunu bekliyor.<\/p><p>D\u00fcnya Ekonomik Forumu Genel M\u00fcd\u00fcr\u00fc Saadia Zahidi, \u201cKutupla\u015ft\u0131r\u0131c\u0131 s\u00f6ylemler ve g\u00fcvensizlikle karakterize edilen istikrars\u0131z bir k\u00fcresel d\u00fczen, a\u015f\u0131r\u0131 hava olaylar\u0131 ve ekonomik belirsizli\u011fin giderek daha da k\u00f6t\u00fcle\u015fen etkileri, yanl\u0131\u015f bilgi ve dezenformasyon da dahil olmak \u00fczere h\u0131zla artan risklerin yay\u0131lmas\u0131na neden oluyor. D\u00fcnya liderlerin, k\u0131sa vadeli krizlere \u00e7\u00f6z\u00fcm bulman\u0131n yan\u0131 s\u0131ra daha diren\u00e7li, s\u00fcrd\u00fcr\u00fclebilir ve kapsay\u0131c\u0131 bir gelece\u011fin temellerini olu\u015fturmak i\u00e7in bir araya gelmeleri gereklidir&#8221; \u015feklinde d\u00fc\u015f\u00fcncelerini aktard\u0131.<\/p><p><strong>Dezenformasyon ve \u00c7at\u0131\u015fmalar\u0131n Y\u00fckseli\u015fi<\/strong><br \/>S\u00fcregelen hayat pahal\u0131l\u0131\u011f\u0131 krizi, yapay zek\u00e2 ile ili\u015fkili olarak yay\u0131lan yanl\u0131\u015f bilgi ve dezenformasyon riski ile toplumsal kutupla\u015fma riski, 2024 y\u0131l\u0131 risk g\u00f6r\u00fcn\u00fcm\u00fcn\u00fc domine ediyor. Yanl\u0131\u015f bilgi ile toplumsal huzursuzluk aras\u0131ndaki ba\u011flant\u0131, \u00f6n\u00fcm\u00fczdeki iki y\u0131l i\u00e7inde bir\u00e7ok b\u00fcy\u00fck ekonomide yap\u0131lmas\u0131 planlanan se\u00e7imler s\u0131ras\u0131nda merkezi bir rol oynayacak. Devletleraras\u0131 silahl\u0131 \u00e7at\u0131\u015fmalar \u00f6n\u00fcm\u00fczdeki iki y\u0131l\u0131n en \u00f6nemli be\u015f riski aras\u0131nda yer al\u0131yor. Bir\u00e7ok \u00e7at\u0131\u015fman\u0131n devam etti\u011fi bir d\u00f6nemde, \u00f6nde gelen jeopolitik gerilimler ve zay\u0131flayan toplumsal dayan\u0131kl\u0131l\u0131k riski, \u00e7at\u0131\u015fmalar\u0131n yay\u0131lmas\u0131na neden oluyor.<\/p><p><strong>Ekonomik Belirsizlik ve Gerileyen Kalk\u0131nma<\/strong><br \/>\u00d6n\u00fcm\u00fczdeki y\u0131llara kal\u0131c\u0131 ekonomik belirsizlik ile b\u00fcy\u00fcyen ekonomik ve teknolojik b\u00f6l\u00fcnmeler damgas\u0131n\u0131 vuracak. Ekonomide f\u0131rsat e\u015fitsizli\u011fi \u00f6n\u00fcm\u00fczdeki iki y\u0131l i\u00e7erisinde \u00f6ne \u00e7\u0131kan riskler aras\u0131nda 6. s\u0131rada yer al\u0131yor. Uzun vadede ise, ekonomik hareketlili\u011fin \u00f6n\u00fcnde engeller olu\u015farak n\u00fcfusun b\u00fcy\u00fck bir kesiminin ekonomik f\u0131rsatlardan mahrum kalmas\u0131na neden olabilir. \u00c7at\u0131\u015fma riski ta\u015f\u0131yan veya iklim a\u00e7\u0131s\u0131ndan savunmas\u0131z \u00fclkeler, yat\u0131r\u0131mlardan, teknolojilerden ve ilgili istihdam yaratma faaliyetlerinden giderek daha fazla izole edilebilirler. G\u00fcvenli ve emniyetli ge\u00e7im kaynaklar\u0131na giden yollar\u0131n yoklu\u011funda bireyler su\u00e7a, askerile\u015fmeye veya radikalle\u015fmeye daha yatk\u0131n olabilirler.<\/p><p><strong>Gezegenimiz Tehlikede<\/strong><br \/>\u00c7evresel riskler, t\u00fcm zaman dilimlerinde risk ortam\u0131n\u0131 domine etmeye devam ediyor. Uzmanlar\u0131n \u00fc\u00e7te ikisi 2024 y\u0131l\u0131nda ya\u015fanacak a\u015f\u0131r\u0131 hava olaylar\u0131ndan endi\u015fe ediyor. A\u015f\u0131r\u0131 hava olaylar\u0131, D\u00fcnya sistemlerinde kritik de\u011fi\u015fiklikler, biyo\u00e7e\u015fitlilik kayb\u0131 ve ekosistem \u00e7\u00f6k\u00fc\u015f\u00fc, do\u011fal kaynak k\u0131tl\u0131\u011f\u0131 ve kirlilik, \u00f6n\u00fcm\u00fczdeki on y\u0131l boyunca kar\u015f\u0131la\u015f\u0131lmas\u0131 beklenen en ciddi 10 riskten be\u015fini temsil ediyor. Bununla birlikte, rapora katk\u0131 sunan uzmanlar risklerin aciliyeti konusunda farkl\u0131 d\u00fc\u015f\u00fcncelere sahipler. \u00d6zel sekt\u00f6r kat\u0131l\u0131mc\u0131lar\u0131, \u00e7o\u011fu \u00e7evresel riskin sivil toplum ve h\u00fck\u00fcmetlere k\u0131yasla daha uzun bir zaman \u00e7er\u00e7evesinde ger\u00e7ekle\u015fece\u011fine inan\u0131yor. Bu durum, \u00e7evresel riskler ile m\u00fccadelede d\u00f6n\u00fc\u015f\u00fc olmayan bir noktaya gelme riskinin artt\u0131\u011f\u0131na i\u015faret ediyor.<\/p><p><strong>Risklere Yan\u0131t Verme<\/strong><br \/>Rapor, liderleri k\u00fcresel riskleri ele almak i\u00e7in aksiyonlar\u0131 yeniden d\u00fc\u015f\u00fcnmeye \u00e7a\u011f\u0131r\u0131yor. Rapor, yapay zek\u00e2n\u0131n anla\u015fmazl\u0131k karar alma s\u00fcre\u00e7lerine entegrasyonunu ele alan anla\u015fmalar gibi, ortaya \u00e7\u0131kan en y\u0131k\u0131c\u0131 risklere kar\u015f\u0131 h\u0131zla koruma \u00f6nlemleri in\u015fa etmeye y\u00f6nelik k\u00fcresel i\u015f birli\u011fine odaklan\u0131lmas\u0131n\u0131 \u00f6neriyor. Bununla birlikte raporda, yanl\u0131\u015f bilgi ve dezenformasyona kar\u015f\u0131 dijital okuryazarl\u0131k kampanyalar\u0131yla bireysel ve devletlerin dayan\u0131kl\u0131l\u0131\u011f\u0131n\u0131n g\u00fc\u00e7lendirilmesi veya hem kamu hem de \u00f6zel sekt\u00f6r\u00fcn rol oynayaca\u011f\u0131, enerji d\u00f6n\u00fc\u015f\u00fcm\u00fcn\u00fc h\u0131zland\u0131rma potansiyeline sahip iklim modellemesi ve teknolojileri konusunda daha fazla ara\u015ft\u0131rma ve geli\u015ftirmenin te\u015fvik edilmesi gibi, yaln\u0131zca s\u0131n\u0131r \u00f6tesi i\u015f birli\u011fine ba\u011fl\u0131 olmas\u0131 gerekmeyen di\u011fer eylem t\u00fcrleri de ele al\u0131n\u0131yor.<\/p><p>Marsh McLennan Avrupa CCO\u2019su Carolina Klint, \u201cYapay zekadaki at\u0131l\u0131mlar; yanl\u0131\u015f bilgilendirme, arac\u0131lar\u0131n ortadan kalkmas\u0131 ve stratejik yanl\u0131\u015f hesaplamalardan kaynaklanan tehditlere kar\u015f\u0131 tepki vermede zorluk ya\u015fayan bir\u00e7ok organizasyon i\u00e7in risk g\u00f6r\u00fcn\u00fcm\u00fcn\u00fc k\u00f6kten de\u011fi\u015ftirecek. Ayn\u0131 zamanda \u015firketler, jeopolitik ve iklim de\u011fi\u015fikli\u011finin daha karma\u015f\u0131k hale getirdi\u011fi tedarik zincirleri ve say\u0131lar\u0131 giderek artan k\u00f6t\u00fc niyetli akt\u00f6rlerin siber tehditleri ile m\u00fccadele etmek zorunda kal\u0131yorlar. H\u0131zla de\u011fi\u015fen bu risk ortam\u0131n\u0131 y\u00f6netmek i\u00e7in kurumsal, \u00fclke ve uluslararas\u0131 d\u00fczeylerde dayan\u0131kl\u0131l\u0131k olu\u015fturmaya ve kamu ile \u00f6zel sekt\u00f6rler aras\u0131nda daha fazla i\u015f birli\u011fine odaklanmak gerekecek\u201d \u015feklinde d\u00fc\u015f\u00fcncelerini aktard\u0131.<\/p><p>Zurich Sigorta Grubu, S\u00fcrd\u00fcr\u00fclebilirlik Riskler Lideri John Scott, \u201cD\u00fcnya yapay zek\u00e2, iklim de\u011fi\u015fikli\u011fi, jeopolitik de\u011fi\u015fimler ve demografik de\u011fi\u015fimlerle \u00f6nemli yap\u0131sal d\u00f6n\u00fc\u015f\u00fcmlerden ge\u00e7iyor. Bilinen riskler yo\u011funla\u015f\u0131yor ve yeni riskler ortaya \u00e7\u0131k\u0131yor ancak bunlar ayn\u0131 zamanda f\u0131rsatlar da sunuyor. Kolektif ve koordine edilmi\u015f s\u0131n\u0131r \u00f6tesi aksiyonlar \u00f6nemli rol oynar ancak k\u00fcresel risklerin etkisini azaltmak i\u00e7in yerelle\u015ftirilmi\u015f stratejiler kritiktir. Vatanda\u015flar\u0131n, \u015firketlerin ve \u00fclkelerin bireysel eylemleri, k\u00fcresel risklerin azalt\u0131lmas\u0131nda \u00f6nemli bir rol oynayarak daha ayd\u0131nl\u0131k ve g\u00fcvenli bir d\u00fcnyaya katk\u0131da bulunabilir\u201d \u015feklinde d\u00fc\u015f\u00fcncelerini aktard\u0131.<\/p><p><strong>K\u00fcresel Riskler \u0130nisiyatifi Hakk\u0131nda<\/strong><br \/>K\u00fcresel Riskler Raporu, d\u00fcnyan\u0131n kar\u015f\u0131 kar\u015f\u0131ya oldu\u011fu risklere y\u00f6nelik haz\u0131rl\u0131kl\u0131 olma ve dayan\u0131kl\u0131l\u0131\u011f\u0131 art\u0131rma konusunda fark\u0131ndal\u0131k yaratmak ve fikir birli\u011fi olu\u015fturmak i\u00e7in \u00e7al\u0131\u015fan D\u00fcnya Ekonomi Forumu&#8217;nun K\u00fcresel Riskler \u0130nisiyatifi\u2019nin \u00f6nemli bir aya\u011f\u0131. \u0130\u015f d\u00fcnyas\u0131, h\u00fck\u00fcmet ve akademisyenlerden olu\u015fan bir grup olan K\u00fcresel Riskler Konsorsiyumu, risk \u00f6ng\u00f6r\u00fcs\u00fcn\u00fc proaktif eylem i\u00e7in fikirlere d\u00f6n\u00fc\u015ft\u00fcrmede ve liderleri ortaya \u00e7\u0131kan krizleri y\u00f6nlendirmek ve daha istikrarl\u0131, diren\u00e7li bir d\u00fcnyay\u0131 \u015fekillendirmek i\u00e7in bilgi ve ara\u00e7larla desteklemede kritik bir rol oynuyor.<\/p>\t\t\t\t\t\t\t\t<\/div>\n\t\t\t\t<\/div>\n\t\t\t\t\t<\/div>\n\t\t<\/div>\n\t\t\t\t\t<\/div>\n\t\t<\/section>\n\t\t\t\t<\/div>\n\t\t","protected":false},"excerpt":{"rendered":"<p>D\u00fcnya Ekonomik Forumu\u2019nun 2024 Y\u0131ll\u0131k Toplant\u0131s\u0131, \u2018G\u00fcvenin Yeniden \u0130n\u015fas\u0131\u2019 temas\u0131 alt\u0131nda d\u00fcnyan\u0131n \u00f6nde gelen liderlerini bir araya getiriyor. D\u00fcnya Ekonomik Forumu kapsam\u0131nda yay\u0131nlanan 2024 K\u00fcresel Riskler Raporu\u2019na g\u00f6re, yanl\u0131\u015f bilgi ve dezenformasyon k\u0131sa vadede en \u00f6nemli riskler olarak de\u011ferlendirilirken a\u015f\u0131r\u0131 hava olaylar\u0131 ve d\u00fcnya sistemlerindeki kritik de\u011fi\u015fimler uzun vadede en \u00f6nemli riskler olarak de\u011ferlendiriliyor. Ara\u015ft\u0131rmaya [&hellip;]<\/p>\n","protected":false},"author":2,"featured_media":3312,"comment_status":"open","ping_status":"open","sticky":false,"template":"","format":"standard","meta":{"footnotes":""},"categories":[17],"tags":[],"class_list":{"0":"post-3311","1":"post","2":"type-post","3":"status-publish","4":"format-standard","5":"has-post-thumbnail","7":"category-haberler"},"_links":{"self":[{"href":"https:\/\/www.zincirmagazalar.org\/index.php?rest_route=\/wp\/v2\/posts\/3311","targetHints":{"allow":["GET"]}}],"collection":[{"href":"https:\/\/www.zincirmagazalar.org\/index.php?rest_route=\/wp\/v2\/posts"}],"about":[{"href":"https:\/\/www.zincirmagazalar.org\/index.php?rest_route=\/wp\/v2\/types\/post"}],"author":[{"embeddable":true,"href":"https:\/\/www.zincirmagazalar.org\/index.php?rest_route=\/wp\/v2\/users\/2"}],"replies":[{"embeddable":true,"href":"https:\/\/www.zincirmagazalar.org\/index.php?rest_route=%2Fwp%2Fv2%2Fcomments&post=3311"}],"version-history":[{"count":4,"href":"https:\/\/www.zincirmagazalar.org\/index.php?rest_route=\/wp\/v2\/posts\/3311\/revisions"}],"predecessor-version":[{"id":3316,"href":"https:\/\/www.zincirmagazalar.org\/index.php?rest_route=\/wp\/v2\/posts\/3311\/revisions\/3316"}],"wp:featuredmedia":[{"embeddable":true,"href":"https:\/\/www.zincirmagazalar.org\/index.php?rest_route=\/wp\/v2\/media\/3312"}],"wp:attachment":[{"href":"https:\/\/www.zincirmagazalar.org\/index.php?rest_route=%2Fwp%2Fv2%2Fmedia&parent=3311"}],"wp:term":[{"taxonomy":"category","embeddable":true,"href":"https:\/\/www.zincirmagazalar.org\/index.php?rest_route=%2Fwp%2Fv2%2Fcategories&post=3311"},{"taxonomy":"post_tag","embeddable":true,"href":"https:\/\/www.zincirmagazalar.org\/index.php?rest_route=%2Fwp%2Fv2%2Ftags&post=3311"}],"curies":[{"name":"wp","href":"https:\/\/api.w.org\/{rel}","templated":true}]}}