{"id":3300,"date":"2023-12-22T11:46:15","date_gmt":"2023-12-22T11:46:15","guid":{"rendered":"https:\/\/www.zincirmagazalar.org\/?p=3300"},"modified":"2023-12-22T11:52:59","modified_gmt":"2023-12-22T11:52:59","slug":"tampf-birlik-ve-beraberligin-10-yilini-kutladi","status":"publish","type":"post","link":"https:\/\/www.zincirmagazalar.org\/?p=3300","title":{"rendered":"TAMPF, Birlik ve Beraberli\u011fin 10. Y\u0131l\u0131n\u0131 Kutlad\u0131"},"content":{"rendered":"\t\t<div data-elementor-type=\"wp-post\" data-elementor-id=\"3300\" class=\"elementor elementor-3300\">\n\t\t\t\t\t\t<section class=\"elementor-section elementor-top-section elementor-element elementor-element-37e494d6 elementor-section-boxed elementor-section-height-default elementor-section-height-default\" data-id=\"37e494d6\" data-element_type=\"section\">\n\t\t\t\t\t\t<div class=\"elementor-container elementor-column-gap-default\">\n\t\t\t\t\t<div class=\"elementor-column elementor-col-100 elementor-top-column elementor-element elementor-element-3f48a51d\" data-id=\"3f48a51d\" data-element_type=\"column\">\n\t\t\t<div class=\"elementor-widget-wrap elementor-element-populated\">\n\t\t\t\t\t\t<div class=\"elementor-element elementor-element-48cd9dbb elementor-widget elementor-widget-text-editor\" data-id=\"48cd9dbb\" data-element_type=\"widget\" data-widget_type=\"text-editor.default\">\n\t\t\t\t<div class=\"elementor-widget-container\">\n\t\t\t\t\t\t\t\t\t<p><span style=\"color: #808080;\"><strong>Organize perakendenin \u00e7at\u0131 kurulu\u015fu olan TAMPF, kurulu\u015funun 10. y\u0131l\u0131n\u0131 perakende ve al\u0131\u015fveri\u015f merkezleri sekt\u00f6rlerinin \u00f6nde gelen isimlerinin kat\u0131ld\u0131\u011f\u0131 bir davetle kutlad\u0131.<\/strong><\/span><\/p><p><span style=\"color: #808080;\">T\u00fcrkiye\u2019de organize perakendenin \u00e7at\u0131 kurulu\u015fu olan ve b\u00fcnyesinde Al\u0131\u015fveri\u015f Merkezleri ve Yat\u0131r\u0131mc\u0131lar\u0131 Derne\u011fi (AYD), G\u0131da Perakendecileri Derne\u011fi (GPD), Tescilli Markalar Derne\u011fi (TMD),Turizm, Restoran Yat\u0131r\u0131mc\u0131lar\u0131 ve Gastronomi \u0130\u015fletmeleri Derne\u011fi (TURY\u0130D) ve Zincir Ma\u011fazalar Derne\u011fi\u2019ni (ZMD) bulunduran T\u00fcrkiye Al\u0131\u015fveri\u015f Merkezleri ve Perakendeciler Federasyonu (TAMPF) 10. y\u0131l\u0131n\u0131 kutlad\u0131.<\/span><\/p><p>Florya Crowne Plaza Otel\u2019de ger\u00e7ekle\u015fen davete Federasyonun ge\u00e7mi\u015f d\u00f6nem ba\u015fkanlar\u0131, Federasyonu olu\u015fturan derneklerin ba\u015fkanlar\u0131 ve y\u00f6netim kurulu \u00fcyeleri ile sekt\u00f6r\u00fcn \u00f6nde gelen isimleri kat\u0131ld\u0131lar. A\u00e7\u0131l\u0131\u015f konu\u015fmas\u0131n\u0131 ger\u00e7ekle\u015ftiren TAMPF Y\u00f6netim Kurulu Ba\u015fkan\u0131 Prof. Dr. H\u00fcseyin Alta\u015f, \u201cFederasyonun kurulu\u015f a\u015famas\u0131ndan bug\u00fcne kadar eme\u011fi bulunan herkese \u00e7ok te\u015fekk\u00fcr ederiz. Federasyonumuzun 10. y\u0131l\u0131n\u0131n Cumhuriyetimizin 100. y\u0131l\u0131n\u0131 kutlad\u0131\u011f\u0131m\u0131z bu seneye gelmesi de ayr\u0131 bir mutlulu\u011fumuz oldu. Sekt\u00f6r\u00fcn birbirinden farkl\u0131 taraflar\u0131n\u0131n bir \u00e7at\u0131 alt\u0131nda bulunarak, ortak hareket ederek \u00fclke ekonomimize daha b\u00fcy\u00fck katk\u0131lar sunmas\u0131n\u0131 sa\u011flamak olduk\u00e7a zor bir misyondu. Federasyonumuzun olu\u015fturdu\u011fu birlik ve beraberli\u011fin sekt\u00f6r\u00fcm\u00fcze ve \u00fclke ekonomimize \u00e7ok b\u00fcy\u00fck kazan\u0131mlar sa\u011flad\u0131\u011f\u0131n\u0131 d\u00fc\u015f\u00fcn\u00fcyoruz. Biz konular\u0131m\u0131z\u0131 ayn\u0131 \u00e7at\u0131 alt\u0131nda bazen y\u00fcksek sesle konu\u015fup tart\u0131\u015fsak dahi sekt\u00f6r\u00fcm\u00fcze ve \u00fclkemize katk\u0131y\u0131 \u00f6n planda tutarak m\u00fc\u015fterekte bulu\u015fmay\u0131 esas edindik. Bundan sonra da bu uyumu, birlik ve beraberli\u011fi art\u0131rarak korumay\u0131 ama\u00e7l\u0131yoruz\u201d dedi.<\/p><p>TAMPF 10. y\u0131l kutlamas\u0131, SAP Global Strateji, \u0130\u015f Geli\u015ftirme ve Inovasyondan Sorumlu Ba\u015fkan Yard\u0131mc\u0131s\u0131 Sammar Farooqi\u2019nin \u201cPerakendenin ve Al\u0131\u015fveri\u015f Merkezlerinin Gelece\u011fi\u201d sunumunun ard\u0131ndan, sekt\u00f6r payda\u015flar\u0131n\u0131n iyi dileklerini sunmas\u0131 ile son buldu.<\/p>\t\t\t\t\t\t\t\t<\/div>\n\t\t\t\t<\/div>\n\t\t\t\t\t<\/div>\n\t\t<\/div>\n\t\t\t\t\t<\/div>\n\t\t<\/section>\n\t\t\t\t<\/div>\n\t\t","protected":false},"excerpt":{"rendered":"<p>Organize perakendenin \u00e7at\u0131 kurulu\u015fu olan TAMPF, kurulu\u015funun 10. y\u0131l\u0131n\u0131 perakende ve al\u0131\u015fveri\u015f merkezleri sekt\u00f6rlerinin \u00f6nde gelen isimlerinin kat\u0131ld\u0131\u011f\u0131 bir davetle kutlad\u0131. T\u00fcrkiye\u2019de organize perakendenin \u00e7at\u0131 kurulu\u015fu olan ve b\u00fcnyesinde Al\u0131\u015fveri\u015f Merkezleri ve Yat\u0131r\u0131mc\u0131lar\u0131 Derne\u011fi (AYD), G\u0131da Perakendecileri Derne\u011fi (GPD), Tescilli Markalar Derne\u011fi (TMD),Turizm, Restoran Yat\u0131r\u0131mc\u0131lar\u0131 ve Gastronomi \u0130\u015fletmeleri Derne\u011fi (TURY\u0130D) ve Zincir Ma\u011fazalar Derne\u011fi\u2019ni (ZMD) [&hellip;]<\/p>\n","protected":false},"author":2,"featured_media":3301,"comment_status":"open","ping_status":"open","sticky":false,"template":"","format":"standard","meta":{"footnotes":""},"categories":[17],"tags":[],"class_list":{"0":"post-3300","1":"post","2":"type-post","3":"status-publish","4":"format-standard","5":"has-post-thumbnail","7":"category-haberler"},"_links":{"self":[{"href":"https:\/\/www.zincirmagazalar.org\/index.php?rest_route=\/wp\/v2\/posts\/3300","targetHints":{"allow":["GET"]}}],"collection":[{"href":"https:\/\/www.zincirmagazalar.org\/index.php?rest_route=\/wp\/v2\/posts"}],"about":[{"href":"https:\/\/www.zincirmagazalar.org\/index.php?rest_route=\/wp\/v2\/types\/post"}],"author":[{"embeddable":true,"href":"https:\/\/www.zincirmagazalar.org\/index.php?rest_route=\/wp\/v2\/users\/2"}],"replies":[{"embeddable":true,"href":"https:\/\/www.zincirmagazalar.org\/index.php?rest_route=%2Fwp%2Fv2%2Fcomments&post=3300"}],"version-history":[{"count":5,"href":"https:\/\/www.zincirmagazalar.org\/index.php?rest_route=\/wp\/v2\/posts\/3300\/revisions"}],"predecessor-version":[{"id":3306,"href":"https:\/\/www.zincirmagazalar.org\/index.php?rest_route=\/wp\/v2\/posts\/3300\/revisions\/3306"}],"wp:featuredmedia":[{"embeddable":true,"href":"https:\/\/www.zincirmagazalar.org\/index.php?rest_route=\/wp\/v2\/media\/3301"}],"wp:attachment":[{"href":"https:\/\/www.zincirmagazalar.org\/index.php?rest_route=%2Fwp%2Fv2%2Fmedia&parent=3300"}],"wp:term":[{"taxonomy":"category","embeddable":true,"href":"https:\/\/www.zincirmagazalar.org\/index.php?rest_route=%2Fwp%2Fv2%2Fcategories&post=3300"},{"taxonomy":"post_tag","embeddable":true,"href":"https:\/\/www.zincirmagazalar.org\/index.php?rest_route=%2Fwp%2Fv2%2Ftags&post=3300"}],"curies":[{"name":"wp","href":"https:\/\/api.w.org\/{rel}","templated":true}]}}