{"id":3260,"date":"2023-11-21T17:22:29","date_gmt":"2023-11-21T17:22:29","guid":{"rendered":"https:\/\/www.zincirmagazalar.org\/?p=3260"},"modified":"2023-11-21T17:23:41","modified_gmt":"2023-11-21T17:23:41","slug":"1-numarali-markalar-odulleri-sahiplerini-buldu","status":"publish","type":"post","link":"https:\/\/www.zincirmagazalar.org\/?p=3260","title":{"rendered":"\u201c1 Numaral\u0131 Markalar\u201d \u00d6d\u00fclleri Sahiplerini Buldu"},"content":{"rendered":"\t\t<div data-elementor-type=\"wp-post\" data-elementor-id=\"3260\" class=\"elementor elementor-3260\">\n\t\t\t\t\t\t<section class=\"elementor-section elementor-top-section elementor-element elementor-element-37e494d6 elementor-section-boxed elementor-section-height-default elementor-section-height-default\" data-id=\"37e494d6\" data-element_type=\"section\">\n\t\t\t\t\t\t<div class=\"elementor-container elementor-column-gap-default\">\n\t\t\t\t\t<div class=\"elementor-column elementor-col-100 elementor-top-column elementor-element elementor-element-3f48a51d\" data-id=\"3f48a51d\" data-element_type=\"column\">\n\t\t\t<div class=\"elementor-widget-wrap elementor-element-populated\">\n\t\t\t\t\t\t<div class=\"elementor-element elementor-element-48cd9dbb elementor-widget elementor-widget-text-editor\" data-id=\"48cd9dbb\" data-element_type=\"widget\" data-widget_type=\"text-editor.default\">\n\t\t\t\t<div class=\"elementor-widget-container\">\n\t\t\t\t\t\t\t\t\t<p><span style=\"color: #808080;\"><strong>14. AYD Al\u0131\u015fveri\u015f Ekonomisi Zirvesi sonras\u0131nda d\u00fczenlenen ve Melda Y\u00fccel\u2019in sunumuyla ger\u00e7ekle\u015fen t\u00f6rende \u201c1 Numaral\u0131 Markalar\u201d \u00f6d\u00fclleri sahiplerini buldu. <\/strong><\/span><\/p><p><span style=\"color: #808080;\">Al\u0131\u015fveri\u015f Merkezleri ve Yat\u0131r\u0131mc\u0131lar\u0131 Derne\u011fi (AYD) taraf\u0131ndan bu y\u0131l 14.\u2019s\u00fc d\u00fczenlenen \u201cAYD Al\u0131\u015fveri\u015f Ekonomisi Zirvesi\u201d 20 Kas\u0131m Pazartesi g\u00fcn\u00fc Alka\u015f i\u015f birli\u011fiyle \u0130stanbul Swissotel\u2019de ger\u00e7ekle\u015ftirildi. Zirvede, ayn\u0131 zamanda \u201c1 Numaral\u0131 Markalar\u201d \u00f6d\u00fclleri de sahiplerini buldu. AVM\u2019lerde \u201cEn Be\u011fenilen ve Tercih Edilen Perakende Markalar\u0131&#8221;, AYD \u2013 Akademetre Research i\u015f birli\u011fiyle Esomar ve G\u00fcvenilir Ara\u015ft\u0131rma Belgesi standartlar\u0131na uygun bi\u00e7imde ger\u00e7ekle\u015ftirilen ara\u015ft\u0131rma ile belirleniyor. Ara\u015ft\u0131rma, AVM yo\u011funlu\u011fu olan 25 farkl\u0131 ilde yakla\u015f\u0131k 2.400 AVM m\u00fc\u015fterisi ile hanelerde y\u00fcz y\u00fcze g\u00f6r\u00fc\u015fme metoduyla ger\u00e7ekle\u015ftiriliyor. \u00c7al\u0131\u015fma sonucunda 20 kategoride birinci olmaya hak kazanan markalara \u00f6d\u00fcl veriliyor.<\/span><\/p><p>\u00d6d\u00fcl t\u00f6reninin a\u00e7\u0131l\u0131\u015f konu\u015fmas\u0131n\u0131 yapan AYD Ba\u015fkan\u0131 Nuri \u015eapkac\u0131, \u201cG\u00fcn\u00fcm\u00fczde markalar, sadece \u00fcr\u00fcn ve hizmet satmakla kalm\u0131yor, ayn\u0131 zamanda t\u00fcketici deneyimini \u015fekillendiriyor ve sekt\u00f6r\u00fcm\u00fcz\u00fc ileriye ta\u015f\u0131yorlar. Bu \u00f6d\u00fcller de yaln\u0131zca ba\u015far\u0131y\u0131 de\u011fil, ayn\u0131 zamanda s\u00fcrekli yenilenmeyi simgeliyor. Perakende sekt\u00f6r\u00fc, her ge\u00e7en g\u00fcn d\u00f6n\u00fc\u015f\u00fcyor ve geli\u015fiyor. Bu de\u011fi\u015fim, AVM yat\u0131r\u0131mc\u0131lar\u0131 ve markalar aras\u0131ndaki i\u015f birli\u011fi ve dayan\u0131\u015fma a\u00e7\u0131s\u0131ndan b\u00fcy\u00fck \u00f6nem ta\u015f\u0131yor. Birlikte hareket etmek, t\u00fcketicilerin beklentilerine cevap vermek ve en \u00f6nemlisi birbirimizden \u00f6\u011frenmek ve payla\u015fmak, hepimizi daha g\u00fc\u00e7l\u00fc k\u0131l\u0131yor. G\u00fczel bir rekabetin ya\u015fand\u0131\u011f\u0131 \u201cAVM\u2019lerde En Be\u011fenilen ve Tercih Edilen Markalar\u201d ara\u015ft\u0131rmas\u0131nda, halk\u0131m\u0131z\u0131n tercih ve be\u011fenisini kazanarak \u00f6d\u00fcle de\u011fer g\u00f6r\u00fclen perakende markalar\u0131m\u0131z\u0131 tebrik ediyorum. Ayr\u0131ca ara\u015ft\u0131rmam\u0131z\u0131n ve \u00f6d\u00fcl t\u00f6renimizin ger\u00e7ekle\u015fmesindeki katk\u0131lar\u0131 nedeniyle Akademetre Research Company\u2019e te\u015fekk\u00fcr ediyorum\u201d dedi.<\/p><p><strong>\u201c1 Numaral\u0131 Markalar\u201d<\/strong><br \/>Aksesuar: Zen P\u0131rlanta<br \/>G\u00fcnl\u00fck Spor Giyim: Mavi<br \/>Bebek \u00dcr\u00fcnleri\/Oyuncak: Ebebek<br \/>Spor Malzemeleri: Decathlon<br \/>Teknoloji Perakendecili\u011fi: MediaMarkt<br \/>Self Servis Restoran: Burger King<br \/>Ayakkab\u0131\/\u00c7anta: Instreet<br \/>Ki\u015fisel Bak\u0131m\/Kozmetik: Watsons<br \/>Ev Tekstili\/Dekorasyon: English Home<br \/>\u00c7ocuk Giyim: LC Waikiki<br \/>Kafe: Kahve D\u00fcnyas\u0131<br \/>Teknoloji \u00dcreticisi: Ar\u00e7elik<br \/>Restoran: Tavuk D\u00fcnyas\u0131<br \/>Kad\u0131n \u0130\u00e7 Giyim\/\u00c7orap: Penti<br \/>Kitap\/M\u00fczik\/Hobi: D&amp;R<br \/>Yap\u0131 Market: Ko\u00e7ta\u015f<br \/>Erkek Giyim: Ki\u011f\u0131l\u0131<br \/>Kad\u0131n Giyim: Koton<br \/>Anchor Ma\u011faza: Boyner<br \/>En Be\u011fenilen Marka Y\u00fcz\u00fc: Hadise &#8211; Ko\u00e7ak<\/p>\t\t\t\t\t\t\t\t<\/div>\n\t\t\t\t<\/div>\n\t\t\t\t\t<\/div>\n\t\t<\/div>\n\t\t\t\t\t<\/div>\n\t\t<\/section>\n\t\t\t\t<\/div>\n\t\t","protected":false},"excerpt":{"rendered":"<p>14. AYD Al\u0131\u015fveri\u015f Ekonomisi Zirvesi sonras\u0131nda d\u00fczenlenen ve Melda Y\u00fccel\u2019in sunumuyla ger\u00e7ekle\u015fen t\u00f6rende \u201c1 Numaral\u0131 Markalar\u201d \u00f6d\u00fclleri sahiplerini buldu. Al\u0131\u015fveri\u015f Merkezleri ve Yat\u0131r\u0131mc\u0131lar\u0131 Derne\u011fi (AYD) taraf\u0131ndan bu y\u0131l 14.\u2019s\u00fc d\u00fczenlenen \u201cAYD Al\u0131\u015fveri\u015f Ekonomisi Zirvesi\u201d 20 Kas\u0131m Pazartesi g\u00fcn\u00fc Alka\u015f i\u015f birli\u011fiyle \u0130stanbul Swissotel\u2019de ger\u00e7ekle\u015ftirildi. Zirvede, ayn\u0131 zamanda \u201c1 Numaral\u0131 Markalar\u201d \u00f6d\u00fclleri de sahiplerini buldu. AVM\u2019lerde [&hellip;]<\/p>\n","protected":false},"author":2,"featured_media":3261,"comment_status":"open","ping_status":"open","sticky":false,"template":"","format":"standard","meta":{"footnotes":""},"categories":[17],"tags":[],"class_list":{"0":"post-3260","1":"post","2":"type-post","3":"status-publish","4":"format-standard","5":"has-post-thumbnail","7":"category-haberler"},"_links":{"self":[{"href":"https:\/\/www.zincirmagazalar.org\/index.php?rest_route=\/wp\/v2\/posts\/3260","targetHints":{"allow":["GET"]}}],"collection":[{"href":"https:\/\/www.zincirmagazalar.org\/index.php?rest_route=\/wp\/v2\/posts"}],"about":[{"href":"https:\/\/www.zincirmagazalar.org\/index.php?rest_route=\/wp\/v2\/types\/post"}],"author":[{"embeddable":true,"href":"https:\/\/www.zincirmagazalar.org\/index.php?rest_route=\/wp\/v2\/users\/2"}],"replies":[{"embeddable":true,"href":"https:\/\/www.zincirmagazalar.org\/index.php?rest_route=%2Fwp%2Fv2%2Fcomments&post=3260"}],"version-history":[{"count":5,"href":"https:\/\/www.zincirmagazalar.org\/index.php?rest_route=\/wp\/v2\/posts\/3260\/revisions"}],"predecessor-version":[{"id":3266,"href":"https:\/\/www.zincirmagazalar.org\/index.php?rest_route=\/wp\/v2\/posts\/3260\/revisions\/3266"}],"wp:featuredmedia":[{"embeddable":true,"href":"https:\/\/www.zincirmagazalar.org\/index.php?rest_route=\/wp\/v2\/media\/3261"}],"wp:attachment":[{"href":"https:\/\/www.zincirmagazalar.org\/index.php?rest_route=%2Fwp%2Fv2%2Fmedia&parent=3260"}],"wp:term":[{"taxonomy":"category","embeddable":true,"href":"https:\/\/www.zincirmagazalar.org\/index.php?rest_route=%2Fwp%2Fv2%2Fcategories&post=3260"},{"taxonomy":"post_tag","embeddable":true,"href":"https:\/\/www.zincirmagazalar.org\/index.php?rest_route=%2Fwp%2Fv2%2Ftags&post=3260"}],"curies":[{"name":"wp","href":"https:\/\/api.w.org\/{rel}","templated":true}]}}