{"id":3200,"date":"2023-09-13T12:39:43","date_gmt":"2023-09-13T12:39:43","guid":{"rendered":"https:\/\/www.zincirmagazalar.org\/?p=3200"},"modified":"2023-09-13T12:41:46","modified_gmt":"2023-09-13T12:41:46","slug":"kisisel-bakim-marketi-seciminde-kampanya-ve-indirimler-ilk-sirada","status":"publish","type":"post","link":"https:\/\/www.zincirmagazalar.org\/?p=3200","title":{"rendered":"Ki\u015fisel Bak\u0131m Marketi Se\u00e7iminde Kampanya ve \u0130ndirimler \u0130lk S\u0131rada"},"content":{"rendered":"\t\t<div data-elementor-type=\"wp-post\" data-elementor-id=\"3200\" class=\"elementor elementor-3200\">\n\t\t\t\t\t\t<section class=\"elementor-section elementor-top-section elementor-element elementor-element-37e494d6 elementor-section-boxed elementor-section-height-default elementor-section-height-default\" data-id=\"37e494d6\" data-element_type=\"section\">\n\t\t\t\t\t\t<div class=\"elementor-container elementor-column-gap-default\">\n\t\t\t\t\t<div class=\"elementor-column elementor-col-100 elementor-top-column elementor-element elementor-element-3f48a51d\" data-id=\"3f48a51d\" data-element_type=\"column\">\n\t\t\t<div class=\"elementor-widget-wrap elementor-element-populated\">\n\t\t\t\t\t\t<div class=\"elementor-element elementor-element-48cd9dbb elementor-widget elementor-widget-text-editor\" data-id=\"48cd9dbb\" data-element_type=\"widget\" data-widget_type=\"text-editor.default\">\n\t\t\t\t<div class=\"elementor-widget-container\">\n\t\t\t\t\t\t\t\t\t<p><span style=\"color: #808080;\"><strong>Areda Piar ara\u015ft\u0131rma \u015firketi, son d\u00f6nemde kullan\u0131m\u0131 olduk\u00e7a yayg\u0131nla\u015fan ki\u015fisel bak\u0131m \u00fcr\u00fcnleri i\u00e7in \u00f6zel olarak hizmet veren market zincirlerinin tercih edilmesindeki en \u00f6nemli etkenin ne oldu\u011funu ara\u015ft\u0131rd\u0131. Buna g\u00f6re ki\u015fisel bak\u0131m marketi se\u00e7iminde, y\u00fczde 42,5 ile kampanya ve indirimler etkili oluyor. <\/strong><\/span><\/p><p><span style=\"color: #808080;\">Areda Piar taraf\u0131ndan 8-14 A\u011fustos tarihleri aras\u0131nda ger\u00e7ekle\u015ftirilen \u2018Benim Markam\u2019 Ki\u015fisel Bak\u0131m Ara\u015ft\u0131rmas\u0131na 400 kad\u0131n kat\u0131ld\u0131. Ara\u015ft\u0131rmaya g\u00f6re t\u00fcketicilerin ki\u015fisel bak\u0131m marketi se\u00e7iminde, y\u00fczde 42,5 ile kampanya ve indirimlerin etkili oldu\u011fu g\u00f6r\u00fcl\u00fcyor. \u0130kinci s\u0131rada y\u00fczde 34,4 ile fiyatlar, \u00fc\u00e7\u00fcnc\u00fc s\u0131rada y\u00fczde 13,5 ile \u00fcr\u00fcn \u00e7e\u015fitlili\u011fi, d\u00f6rd\u00fcnc\u00fc s\u0131rada y\u00fczde 4,6 ile personel ilgisi, be\u015finci s\u0131rada y\u00fczde 3,3 ile sadece o markette olan \u00fcr\u00fcnler ve alt\u0131nc\u0131 s\u0131rada y\u00fczde 1,4 ile reklamlar\u0131n etkisi yer al\u0131yor.<\/span><\/p><p><span style=\"color: #808080;\">Ki\u015fisel bak\u0131m \u00fcr\u00fcnleri aras\u0131nda makyaj malzemeleri olduk\u00e7a b\u00fcy\u00fck bir yer tutuyor. Ara\u015ft\u0131rma sonu\u00e7lar\u0131na g\u00f6re t\u00fcketicilerin y\u00fczde 44,4&#8217;\u00fc d\u00fczenli olarak makyaj yapmay\u0131 tercih ederken, y\u00fczde 27,7\u2019si hi\u00e7 makyaj yapm\u0131yor. Sadece \u00f6zel g\u00fcnlerde makyaj yapt\u0131\u011f\u0131n\u0131 belirtenlerin oran\u0131 ise y\u00fczde 27,9.<\/span><\/p>\t\t\t\t\t\t\t\t<\/div>\n\t\t\t\t<\/div>\n\t\t\t\t\t<\/div>\n\t\t<\/div>\n\t\t\t\t\t<\/div>\n\t\t<\/section>\n\t\t\t\t<\/div>\n\t\t","protected":false},"excerpt":{"rendered":"<p>Areda Piar ara\u015ft\u0131rma \u015firketi, son d\u00f6nemde kullan\u0131m\u0131 olduk\u00e7a yayg\u0131nla\u015fan ki\u015fisel bak\u0131m \u00fcr\u00fcnleri i\u00e7in \u00f6zel olarak hizmet veren market zincirlerinin tercih edilmesindeki en \u00f6nemli etkenin ne oldu\u011funu ara\u015ft\u0131rd\u0131. Buna g\u00f6re ki\u015fisel bak\u0131m marketi se\u00e7iminde, y\u00fczde 42,5 ile kampanya ve indirimler etkili oluyor. Areda Piar taraf\u0131ndan 8-14 A\u011fustos tarihleri aras\u0131nda ger\u00e7ekle\u015ftirilen \u2018Benim Markam\u2019 Ki\u015fisel Bak\u0131m Ara\u015ft\u0131rmas\u0131na 400 [&hellip;]<\/p>\n","protected":false},"author":2,"featured_media":3201,"comment_status":"open","ping_status":"open","sticky":false,"template":"","format":"standard","meta":{"footnotes":""},"categories":[17],"tags":[],"class_list":{"0":"post-3200","1":"post","2":"type-post","3":"status-publish","4":"format-standard","5":"has-post-thumbnail","7":"category-haberler"},"_links":{"self":[{"href":"https:\/\/www.zincirmagazalar.org\/index.php?rest_route=\/wp\/v2\/posts\/3200","targetHints":{"allow":["GET"]}}],"collection":[{"href":"https:\/\/www.zincirmagazalar.org\/index.php?rest_route=\/wp\/v2\/posts"}],"about":[{"href":"https:\/\/www.zincirmagazalar.org\/index.php?rest_route=\/wp\/v2\/types\/post"}],"author":[{"embeddable":true,"href":"https:\/\/www.zincirmagazalar.org\/index.php?rest_route=\/wp\/v2\/users\/2"}],"replies":[{"embeddable":true,"href":"https:\/\/www.zincirmagazalar.org\/index.php?rest_route=%2Fwp%2Fv2%2Fcomments&post=3200"}],"version-history":[{"count":5,"href":"https:\/\/www.zincirmagazalar.org\/index.php?rest_route=\/wp\/v2\/posts\/3200\/revisions"}],"predecessor-version":[{"id":3206,"href":"https:\/\/www.zincirmagazalar.org\/index.php?rest_route=\/wp\/v2\/posts\/3200\/revisions\/3206"}],"wp:featuredmedia":[{"embeddable":true,"href":"https:\/\/www.zincirmagazalar.org\/index.php?rest_route=\/wp\/v2\/media\/3201"}],"wp:attachment":[{"href":"https:\/\/www.zincirmagazalar.org\/index.php?rest_route=%2Fwp%2Fv2%2Fmedia&parent=3200"}],"wp:term":[{"taxonomy":"category","embeddable":true,"href":"https:\/\/www.zincirmagazalar.org\/index.php?rest_route=%2Fwp%2Fv2%2Fcategories&post=3200"},{"taxonomy":"post_tag","embeddable":true,"href":"https:\/\/www.zincirmagazalar.org\/index.php?rest_route=%2Fwp%2Fv2%2Ftags&post=3200"}],"curies":[{"name":"wp","href":"https:\/\/api.w.org\/{rel}","templated":true}]}}