{"id":3004,"date":"2023-04-13T12:45:14","date_gmt":"2023-04-13T12:45:14","guid":{"rendered":"https:\/\/www.zincirmagazalar.org\/?p=3004"},"modified":"2023-04-13T12:47:01","modified_gmt":"2023-04-13T12:47:01","slug":"perakende-satislar-deprem-etkisiyle-pandemi-sonrasi-en-sert-dususu-yasadi","status":"publish","type":"post","link":"https:\/\/www.zincirmagazalar.org\/?p=3004","title":{"rendered":"Perakende Sat\u0131\u015flar, Deprem Etkisiyle Pandemi Sonras\u0131 En Sert D\u00fc\u015f\u00fc\u015f\u00fc Ya\u015fad\u0131"},"content":{"rendered":"\t\t<div data-elementor-type=\"wp-post\" data-elementor-id=\"3004\" class=\"elementor elementor-3004\">\n\t\t\t\t\t\t<section class=\"elementor-section elementor-top-section elementor-element elementor-element-37e494d6 elementor-section-boxed elementor-section-height-default elementor-section-height-default\" data-id=\"37e494d6\" data-element_type=\"section\">\n\t\t\t\t\t\t<div class=\"elementor-container elementor-column-gap-default\">\n\t\t\t\t\t<div class=\"elementor-column elementor-col-100 elementor-top-column elementor-element elementor-element-3f48a51d\" data-id=\"3f48a51d\" data-element_type=\"column\">\n\t\t\t<div class=\"elementor-widget-wrap elementor-element-populated\">\n\t\t\t\t\t\t<div class=\"elementor-element elementor-element-48cd9dbb elementor-widget elementor-widget-text-editor\" data-id=\"48cd9dbb\" data-element_type=\"widget\" data-widget_type=\"text-editor.default\">\n\t\t\t\t<div class=\"elementor-widget-container\">\n\t\t\t\t\t\t\t\t\t<p><span style=\"color: #000000;\"><strong>Perakende sat\u0131\u015flar, \u015eubat ay\u0131nda ayl\u0131k %6,5 oran\u0131nda d\u00fc\u015ferek pandemi sonras\u0131 en k\u00f6t\u00fc performans\u0131 g\u00f6sterdi.<\/strong><\/span><\/p><p><span style=\"color: #000000;\">T\u00dc\u0130K\u2019in a\u00e7\u0131klad\u0131\u011f\u0131 Perakende Sat\u0131\u015f Endeksi verilerine g\u00f6re \u015eubat ay\u0131nda \u00fclkemizde ya\u015fanan deprem felaketi nedeniyle afet b\u00f6lgesinde beyannameler ertelendi\u011fi i\u00e7in hesaplama tahminler \u00fczerinden ger\u00e7ekle\u015ftirildi. Sabit fiyatlarla perakende sat\u0131\u015f hacmi 2023 y\u0131l\u0131 \u015eubat ay\u0131nda bir \u00f6nceki aya g\u00f6re %6,5 azald\u0131. Ayl\u0131k bazda g\u0131da, i\u00e7ecek ve t\u00fct\u00fcn sat\u0131\u015flar\u0131 %0,3, g\u0131da d\u0131\u015f\u0131 sat\u0131\u015flar (otomotiv yak\u0131t\u0131 hari\u00e7) %8,7, otomotiv yak\u0131t\u0131 sat\u0131\u015flar\u0131 ise %8,8 oran\u0131nda azalma g\u00f6sterdi.<\/span><\/p><p><strong><span style=\"color: #000000;\">Y\u0131ll\u0131k Art\u0131\u015f Oran\u0131 %21,5<\/span><\/strong><br \/><span style=\"color: #000000;\">Perakende sekt\u00f6r\u00fcnde sat\u0131\u015flar 2022 \u015eubat ay\u0131na g\u00f6re y\u0131ll\u0131k %21,5 artt\u0131. Y\u0131ll\u0131k bazda g\u0131da, i\u00e7ecek ve t\u00fct\u00fcn sat\u0131\u015flar\u0131 %24,3, g\u0131da d\u0131\u015f\u0131 sat\u0131\u015flar (otomotiv yak\u0131t\u0131 hari\u00e7) %24,5, otomotiv yak\u0131t\u0131 sat\u0131\u015flar\u0131 ise %7,8 oran\u0131nda y\u00fckseli\u015f kaydetti.<\/span><\/p><p><span style=\"color: #000000;\">Perakende ticaret \u015eubat&#8217;ta ayl\u0131k %5,5 d\u00fc\u015ferek pandemi sonras\u0131 en sert kayb\u0131 ya\u015fad\u0131. Y\u0131ll\u0131k bazda ise ciro \u015eubat&#8217;ta %93,4 art\u0131\u015f g\u00f6sterdi.<\/span><\/p>\t\t\t\t\t\t\t\t<\/div>\n\t\t\t\t<\/div>\n\t\t\t\t\t<\/div>\n\t\t<\/div>\n\t\t\t\t\t<\/div>\n\t\t<\/section>\n\t\t\t\t<\/div>\n\t\t","protected":false},"excerpt":{"rendered":"<p>Perakende sat\u0131\u015flar, \u015eubat ay\u0131nda ayl\u0131k %6,5 oran\u0131nda d\u00fc\u015ferek pandemi sonras\u0131 en k\u00f6t\u00fc performans\u0131 g\u00f6sterdi. T\u00dc\u0130K\u2019in a\u00e7\u0131klad\u0131\u011f\u0131 Perakende Sat\u0131\u015f Endeksi verilerine g\u00f6re \u015eubat ay\u0131nda \u00fclkemizde ya\u015fanan deprem felaketi nedeniyle afet b\u00f6lgesinde beyannameler ertelendi\u011fi i\u00e7in hesaplama tahminler \u00fczerinden ger\u00e7ekle\u015ftirildi. Sabit fiyatlarla perakende sat\u0131\u015f hacmi 2023 y\u0131l\u0131 \u015eubat ay\u0131nda bir \u00f6nceki aya g\u00f6re %6,5 azald\u0131. Ayl\u0131k bazda g\u0131da, [&hellip;]<\/p>\n","protected":false},"author":2,"featured_media":3005,"comment_status":"open","ping_status":"open","sticky":false,"template":"","format":"standard","meta":{"footnotes":""},"categories":[17],"tags":[],"class_list":{"0":"post-3004","1":"post","2":"type-post","3":"status-publish","4":"format-standard","5":"has-post-thumbnail","7":"category-haberler"},"_links":{"self":[{"href":"https:\/\/www.zincirmagazalar.org\/index.php?rest_route=\/wp\/v2\/posts\/3004","targetHints":{"allow":["GET"]}}],"collection":[{"href":"https:\/\/www.zincirmagazalar.org\/index.php?rest_route=\/wp\/v2\/posts"}],"about":[{"href":"https:\/\/www.zincirmagazalar.org\/index.php?rest_route=\/wp\/v2\/types\/post"}],"author":[{"embeddable":true,"href":"https:\/\/www.zincirmagazalar.org\/index.php?rest_route=\/wp\/v2\/users\/2"}],"replies":[{"embeddable":true,"href":"https:\/\/www.zincirmagazalar.org\/index.php?rest_route=%2Fwp%2Fv2%2Fcomments&post=3004"}],"version-history":[{"count":5,"href":"https:\/\/www.zincirmagazalar.org\/index.php?rest_route=\/wp\/v2\/posts\/3004\/revisions"}],"predecessor-version":[{"id":3010,"href":"https:\/\/www.zincirmagazalar.org\/index.php?rest_route=\/wp\/v2\/posts\/3004\/revisions\/3010"}],"wp:featuredmedia":[{"embeddable":true,"href":"https:\/\/www.zincirmagazalar.org\/index.php?rest_route=\/wp\/v2\/media\/3005"}],"wp:attachment":[{"href":"https:\/\/www.zincirmagazalar.org\/index.php?rest_route=%2Fwp%2Fv2%2Fmedia&parent=3004"}],"wp:term":[{"taxonomy":"category","embeddable":true,"href":"https:\/\/www.zincirmagazalar.org\/index.php?rest_route=%2Fwp%2Fv2%2Fcategories&post=3004"},{"taxonomy":"post_tag","embeddable":true,"href":"https:\/\/www.zincirmagazalar.org\/index.php?rest_route=%2Fwp%2Fv2%2Ftags&post=3004"}],"curies":[{"name":"wp","href":"https:\/\/api.w.org\/{rel}","templated":true}]}}