{"id":2940,"date":"2023-02-11T07:38:26","date_gmt":"2023-02-11T07:38:26","guid":{"rendered":"https:\/\/www.zincirmagazalar.org\/?p=2940"},"modified":"2023-02-11T07:39:50","modified_gmt":"2023-02-11T07:39:50","slug":"halkimizla-beraber-yaralarimizi-saracagiz","status":"publish","type":"post","link":"https:\/\/www.zincirmagazalar.org\/?p=2940","title":{"rendered":"Halk\u0131m\u0131zla Beraber Yaralar\u0131m\u0131z\u0131 Saraca\u011f\u0131z"},"content":{"rendered":"\t\t<div data-elementor-type=\"wp-post\" data-elementor-id=\"2940\" class=\"elementor elementor-2940\">\n\t\t\t\t\t\t<section class=\"elementor-section elementor-top-section elementor-element elementor-element-37e494d6 elementor-section-boxed elementor-section-height-default elementor-section-height-default\" data-id=\"37e494d6\" data-element_type=\"section\">\n\t\t\t\t\t\t<div class=\"elementor-container elementor-column-gap-default\">\n\t\t\t\t\t<div class=\"elementor-column elementor-col-100 elementor-top-column elementor-element elementor-element-3f48a51d\" data-id=\"3f48a51d\" data-element_type=\"column\">\n\t\t\t<div class=\"elementor-widget-wrap elementor-element-populated\">\n\t\t\t\t\t\t<div class=\"elementor-element elementor-element-48cd9dbb elementor-widget elementor-widget-text-editor\" data-id=\"48cd9dbb\" data-element_type=\"widget\" data-widget_type=\"text-editor.default\">\n\t\t\t\t<div class=\"elementor-widget-container\">\n\t\t\t\t\t\t\t\t\t<p><strong>\u00dclkemizi yasa bo\u011fan, \u015fiddeti, kapsad\u0131\u011f\u0131 alan ve etkileriyle y\u00fczy\u0131l\u0131n afeti olarak nitelendiren depremden ve ya\u015fanan kay\u0131plardan derin \u00fcz\u00fcnt\u00fc duymaktay\u0131z. Bu zor g\u00fcnlerde halk\u0131m\u0131z\u0131n yan\u0131nda oldu\u011fumuzu belirterek, hayat\u0131n\u0131 kaybeden vatanda\u015flar\u0131m\u0131za Allah\u2019tan rahmet, yak\u0131nlar\u0131na ve milletimize ba\u015f sa\u011fl\u0131\u011f\u0131, yaral\u0131lara acil \u015fifalar dileriz.<\/strong><\/p><p>\u00dcyelerimiz, felaketin ilk saatlerinden itibaren t\u00fcm birimleriyle seferber olmu\u015f, derne\u011fimizin AFAD ve di\u011fer kamu kurulu\u015flar\u0131yla kurdu\u011fu ileti\u015fim a\u011f\u0131 \u00e7er\u00e7evesinde yard\u0131mlar\u0131m\u0131z afet b\u00f6lgesine ula\u015ft\u0131r\u0131lmaya devam etmektedir.<\/p><p>Bu yolla \u00f6ncelikle hava \u015fartlar\u0131n\u0131n da durumu dikkate al\u0131narak bar\u0131nma ve \u0131s\u0131nma ihtiya\u00e7lar\u0131na y\u00f6nelik ekipmanlar b\u00f6lgeye sevkedilmi\u015f, bunun yan\u0131 s\u0131ra giysi, hijyen \u00fcr\u00fcnleri, jenerat\u00f6r, projekt\u00f6r, pil, batarya, battaniye, yatak, yorgan, ayakkab\u0131, bot, \u00e7orap, i\u00e7 giyim, atk\u0131, bere, eldiven ve temel g\u0131da maddeleri y\u00fcklenmi\u015f TIR\u2019larla b\u00f6lgeye ula\u015fm\u0131\u015ft\u0131r. Benzer yard\u0131mlar bundan sonraki d\u00f6nemde de b\u00f6lgeye akmaya devam edecektir. Ticaret Bakanl\u0131\u011f\u0131 ile Aile ve Sosyal Hizmetler Bakanl\u0131\u011f\u0131\u2019n\u0131n koordinasyonunda y\u00fcr\u00fct\u00fclen Deprem Yard\u0131mla\u015fma Seferberli\u011fi\u2019ne bir\u00e7ok \u00fcyemiz e-ticaret siteleri ve pazaryeri ortamlar\u0131 ile dahil olmu\u015f, halk\u0131m\u0131z\u0131n yard\u0131mlar\u0131na arac\u0131l\u0131k hizmeti vermektedir.<\/p><p>Kamu kurumlar\u0131n\u0131n ve arama kurtarma \u00e7al\u0131\u015fmalar\u0131nda g\u00f6rev yapan STK\u2019lar\u0131n \u00f6zellikle bar\u0131nma, \u0131s\u0131nma, enerji ihtiya\u00e7lar\u0131nda \u00fcyelerimiz t\u00fcm kaynaklar\u0131n\u0131 y\u00f6nlendirmi\u015f, \u00e7ad\u0131r, konteyner, \u0131s\u0131t\u0131c\u0131, jenerat\u00f6r ve projeksiyon sa\u011flayarak destek olmu\u015ftur. Canla ba\u015fla \u00e7al\u0131\u015fmalar\u0131 y\u00fcr\u00fcten t\u00fcm kurumlar\u0131n bu \u00e7abalar\u0131na destek olmas\u0131 amac\u0131yla \u00fcyelerimiz \u00e7e\u015fitli kurumlar arac\u0131l\u0131\u011f\u0131yla maddi desteklerini de s\u00fcrd\u00fcrmektedir. B\u00f6lgedeki ekiplerimiz, yard\u0131mlar\u0131n daha ufak merkezlere ula\u015ft\u0131r\u0131lmas\u0131 y\u00f6n\u00fcnde ara\u00e7 ve lojistik deste\u011fi vermektedir.<\/p><p>B\u00f6lgede depremden etkilenen \u00e7al\u0131\u015fma arkada\u015flar\u0131m\u0131z ve aileleri i\u00e7in yak\u0131n b\u00f6lgelerde konaklama imkanlar\u0131 yarat\u0131lm\u0131\u015f, ihtiya\u00e7lar\u0131 kar\u015f\u0131lanm\u0131\u015f, her t\u00fcrl\u00fc destek ula\u015ft\u0131r\u0131lm\u0131\u015ft\u0131r. Etkilenen illerde ya\u015fayan ve talep eden arkada\u015flar\u0131m\u0131z\u0131n aileleriyle beraber ba\u015fka illere transferleri sa\u011flanmaktad\u0131r. Faaliyete devam edebilen ma\u011fazalar\u0131m\u0131zda \u00e7al\u0131\u015fan arkada\u015flar\u0131m\u0131z\u0131n \u00e7al\u0131\u015fma saatleri k\u0131salt\u0131lm\u0131\u015f, arkada\u015flar\u0131m\u0131z maddi olarak desteklenmektedir. En k\u0131sa s\u00fcrede maksimum ma\u011fazam\u0131z\u0131 da faaliyete alarak ihtiya\u00e7lar\u0131n kar\u015f\u0131lanmas\u0131 i\u00e7in haz\u0131r hale getirmek i\u00e7in \u00e7abalar\u0131m\u0131z s\u00fcrmektedir.<\/p><p>Afetin b\u00fcy\u00fckl\u00fc\u011f\u00fc, yaralar\u0131n sar\u0131lmas\u0131 i\u00e7in b\u00fcy\u00fck \u00e7abalar\u0131 gerektirecektir. B\u00f6lgedeki yard\u0131m kurulu\u015flar\u0131n\u0131n koordinasyonunda ihtiya\u00e7 sahiplerine her t\u00fcrl\u00fc yard\u0131m\u0131n ula\u015ft\u0131r\u0131lmas\u0131nda derne\u011fimiz ve \u00fcyelerimiz \u00fcst\u00fcne d\u00fc\u015fen t\u00fcm vazifeleri yerine getirmeye haz\u0131rd\u0131r.<\/p>\t\t\t\t\t\t\t\t<\/div>\n\t\t\t\t<\/div>\n\t\t\t\t\t<\/div>\n\t\t<\/div>\n\t\t\t\t\t<\/div>\n\t\t<\/section>\n\t\t\t\t<\/div>\n\t\t","protected":false},"excerpt":{"rendered":"<p>\u00dclkemizi yasa bo\u011fan, \u015fiddeti, kapsad\u0131\u011f\u0131 alan ve etkileriyle y\u00fczy\u0131l\u0131n afeti olarak nitelendiren depremden ve ya\u015fanan kay\u0131plardan derin \u00fcz\u00fcnt\u00fc duymaktay\u0131z. Bu zor g\u00fcnlerde halk\u0131m\u0131z\u0131n yan\u0131nda oldu\u011fumuzu belirterek, hayat\u0131n\u0131 kaybeden vatanda\u015flar\u0131m\u0131za Allah\u2019tan rahmet, yak\u0131nlar\u0131na ve milletimize ba\u015f sa\u011fl\u0131\u011f\u0131, yaral\u0131lara acil \u015fifalar dileriz. \u00dcyelerimiz, felaketin ilk saatlerinden itibaren t\u00fcm birimleriyle seferber olmu\u015f, derne\u011fimizin AFAD ve di\u011fer kamu kurulu\u015flar\u0131yla [&hellip;]<\/p>\n","protected":false},"author":2,"featured_media":2935,"comment_status":"open","ping_status":"open","sticky":false,"template":"","format":"standard","meta":{"footnotes":""},"categories":[17],"tags":[],"class_list":{"0":"post-2940","1":"post","2":"type-post","3":"status-publish","4":"format-standard","5":"has-post-thumbnail","7":"category-haberler"},"_links":{"self":[{"href":"https:\/\/www.zincirmagazalar.org\/index.php?rest_route=\/wp\/v2\/posts\/2940","targetHints":{"allow":["GET"]}}],"collection":[{"href":"https:\/\/www.zincirmagazalar.org\/index.php?rest_route=\/wp\/v2\/posts"}],"about":[{"href":"https:\/\/www.zincirmagazalar.org\/index.php?rest_route=\/wp\/v2\/types\/post"}],"author":[{"embeddable":true,"href":"https:\/\/www.zincirmagazalar.org\/index.php?rest_route=\/wp\/v2\/users\/2"}],"replies":[{"embeddable":true,"href":"https:\/\/www.zincirmagazalar.org\/index.php?rest_route=%2Fwp%2Fv2%2Fcomments&post=2940"}],"version-history":[{"count":5,"href":"https:\/\/www.zincirmagazalar.org\/index.php?rest_route=\/wp\/v2\/posts\/2940\/revisions"}],"predecessor-version":[{"id":2945,"href":"https:\/\/www.zincirmagazalar.org\/index.php?rest_route=\/wp\/v2\/posts\/2940\/revisions\/2945"}],"wp:featuredmedia":[{"embeddable":true,"href":"https:\/\/www.zincirmagazalar.org\/index.php?rest_route=\/wp\/v2\/media\/2935"}],"wp:attachment":[{"href":"https:\/\/www.zincirmagazalar.org\/index.php?rest_route=%2Fwp%2Fv2%2Fmedia&parent=2940"}],"wp:term":[{"taxonomy":"category","embeddable":true,"href":"https:\/\/www.zincirmagazalar.org\/index.php?rest_route=%2Fwp%2Fv2%2Fcategories&post=2940"},{"taxonomy":"post_tag","embeddable":true,"href":"https:\/\/www.zincirmagazalar.org\/index.php?rest_route=%2Fwp%2Fv2%2Ftags&post=2940"}],"curies":[{"name":"wp","href":"https:\/\/api.w.org\/{rel}","templated":true}]}}