{"id":2934,"date":"2023-02-08T08:17:24","date_gmt":"2023-02-08T08:17:24","guid":{"rendered":"https:\/\/www.zincirmagazalar.org\/?p=2934"},"modified":"2023-02-08T08:18:03","modified_gmt":"2023-02-08T08:18:03","slug":"kamuoyunu-bilgilendirme","status":"publish","type":"post","link":"https:\/\/www.zincirmagazalar.org\/?p=2934","title":{"rendered":"KAMUOYUNU B\u0130LG\u0130LEND\u0130RME"},"content":{"rendered":"\t\t<div data-elementor-type=\"wp-post\" data-elementor-id=\"2934\" class=\"elementor elementor-2934\">\n\t\t\t\t\t\t<section class=\"elementor-section elementor-top-section elementor-element elementor-element-37e494d6 elementor-section-boxed elementor-section-height-default elementor-section-height-default\" data-id=\"37e494d6\" data-element_type=\"section\">\n\t\t\t\t\t\t<div class=\"elementor-container elementor-column-gap-default\">\n\t\t\t\t\t<div class=\"elementor-column elementor-col-100 elementor-top-column elementor-element elementor-element-3f48a51d\" data-id=\"3f48a51d\" data-element_type=\"column\">\n\t\t\t<div class=\"elementor-widget-wrap elementor-element-populated\">\n\t\t\t\t\t\t<div class=\"elementor-element elementor-element-48cd9dbb elementor-widget elementor-widget-text-editor\" data-id=\"48cd9dbb\" data-element_type=\"widget\" data-widget_type=\"text-editor.default\">\n\t\t\t\t<div class=\"elementor-widget-container\">\n\t\t\t\t\t\t\t\t\t<p><strong>\u00dclkemizi yasa bo\u011fan, \u015fiddeti, kapsad\u0131\u011f\u0131 alan ve etkileriyle y\u00fczy\u0131l\u0131n afeti olarak nitelendiren depremden ve ya\u015fanan kay\u0131plardan derin \u00fcz\u00fcnt\u00fc duymaktay\u0131z.<\/strong><\/p><p>Halk\u0131n ihtiya\u00e7lar\u0131n\u0131n kar\u015f\u0131lanmas\u0131 noktas\u0131nda ilk s\u0131rada gelen perakendeciler felaketin ilk saatlerinden itibaren seferber olmu\u015f, derne\u011fimizin AFAD ve di\u011fer kamu kurulu\u015flar\u0131yla kurdu\u011fu ileti\u015fim a\u011f\u0131 \u00e7er\u00e7evesinde yard\u0131mlar\u0131m\u0131z afet b\u00f6lgesine ula\u015ft\u0131r\u0131lmaya devam etmektedir.<\/p><p>Temel ihtiya\u00e7 olan g\u0131dan\u0131n yan\u0131 s\u0131ra hava ko\u015fullar\u0131n\u0131n da etkisiyle \u00f6ne \u00e7\u0131kan g\u0131da d\u0131\u015f\u0131 ihtiya\u00e7lar\u0131n kar\u015f\u0131lanmas\u0131 ve yard\u0131m kurulu\u015flar\u0131n\u0131n koordinasyonunda ihtiya\u00e7 sahiplerine ula\u015ft\u0131r\u0131lmas\u0131nda derne\u011fimiz ve \u00fcyelerimiz \u00fcst\u00fcne d\u00fc\u015fen t\u00fcm vazifeleri yerine getirmeye haz\u0131rd\u0131r.<\/p><p>Halk\u0131m\u0131z\u0131n g\u00fcnl\u00fck ya\u015fant\u0131s\u0131na en k\u0131sa s\u00fcrede d\u00f6nebilmesi i\u00e7in yanlar\u0131nda oldu\u011fumuzu belirterek, hayat\u0131n\u0131 kaybeden vatanda\u015flar\u0131m\u0131za Allah\u2019tan rahmet, yak\u0131nlar\u0131na ve milletimize ba\u015f sa\u011fl\u0131\u011f\u0131, yaral\u0131lara acil \u015fifalar dileriz.<\/p>\t\t\t\t\t\t\t\t<\/div>\n\t\t\t\t<\/div>\n\t\t\t\t\t<\/div>\n\t\t<\/div>\n\t\t\t\t\t<\/div>\n\t\t<\/section>\n\t\t\t\t<\/div>\n\t\t","protected":false},"excerpt":{"rendered":"<p>\u00dclkemizi yasa bo\u011fan, \u015fiddeti, kapsad\u0131\u011f\u0131 alan ve etkileriyle y\u00fczy\u0131l\u0131n afeti olarak nitelendiren depremden ve ya\u015fanan kay\u0131plardan derin \u00fcz\u00fcnt\u00fc duymaktay\u0131z. Halk\u0131n ihtiya\u00e7lar\u0131n\u0131n kar\u015f\u0131lanmas\u0131 noktas\u0131nda ilk s\u0131rada gelen perakendeciler felaketin ilk saatlerinden itibaren seferber olmu\u015f, derne\u011fimizin AFAD ve di\u011fer kamu kurulu\u015flar\u0131yla kurdu\u011fu ileti\u015fim a\u011f\u0131 \u00e7er\u00e7evesinde yard\u0131mlar\u0131m\u0131z afet b\u00f6lgesine ula\u015ft\u0131r\u0131lmaya devam etmektedir. Temel ihtiya\u00e7 olan g\u0131dan\u0131n yan\u0131 s\u0131ra [&hellip;]<\/p>\n","protected":false},"author":2,"featured_media":2935,"comment_status":"open","ping_status":"open","sticky":false,"template":"","format":"standard","meta":{"footnotes":""},"categories":[17],"tags":[],"class_list":{"0":"post-2934","1":"post","2":"type-post","3":"status-publish","4":"format-standard","5":"has-post-thumbnail","7":"category-haberler"},"_links":{"self":[{"href":"https:\/\/www.zincirmagazalar.org\/index.php?rest_route=\/wp\/v2\/posts\/2934","targetHints":{"allow":["GET"]}}],"collection":[{"href":"https:\/\/www.zincirmagazalar.org\/index.php?rest_route=\/wp\/v2\/posts"}],"about":[{"href":"https:\/\/www.zincirmagazalar.org\/index.php?rest_route=\/wp\/v2\/types\/post"}],"author":[{"embeddable":true,"href":"https:\/\/www.zincirmagazalar.org\/index.php?rest_route=\/wp\/v2\/users\/2"}],"replies":[{"embeddable":true,"href":"https:\/\/www.zincirmagazalar.org\/index.php?rest_route=%2Fwp%2Fv2%2Fcomments&post=2934"}],"version-history":[{"count":4,"href":"https:\/\/www.zincirmagazalar.org\/index.php?rest_route=\/wp\/v2\/posts\/2934\/revisions"}],"predecessor-version":[{"id":2939,"href":"https:\/\/www.zincirmagazalar.org\/index.php?rest_route=\/wp\/v2\/posts\/2934\/revisions\/2939"}],"wp:featuredmedia":[{"embeddable":true,"href":"https:\/\/www.zincirmagazalar.org\/index.php?rest_route=\/wp\/v2\/media\/2935"}],"wp:attachment":[{"href":"https:\/\/www.zincirmagazalar.org\/index.php?rest_route=%2Fwp%2Fv2%2Fmedia&parent=2934"}],"wp:term":[{"taxonomy":"category","embeddable":true,"href":"https:\/\/www.zincirmagazalar.org\/index.php?rest_route=%2Fwp%2Fv2%2Fcategories&post=2934"},{"taxonomy":"post_tag","embeddable":true,"href":"https:\/\/www.zincirmagazalar.org\/index.php?rest_route=%2Fwp%2Fv2%2Ftags&post=2934"}],"curies":[{"name":"wp","href":"https:\/\/api.w.org\/{rel}","templated":true}]}}