{"id":2842,"date":"2022-12-12T10:38:33","date_gmt":"2022-12-12T10:38:33","guid":{"rendered":"https:\/\/www.zincirmagazalar.org\/?p=2842"},"modified":"2022-12-12T10:39:36","modified_gmt":"2022-12-12T10:39:36","slug":"perakendenin-tanimasi-gereken-5-tuketici-kategorisi","status":"publish","type":"post","link":"https:\/\/www.zincirmagazalar.org\/?p=2842","title":{"rendered":"Perakendenin Tan\u0131mas\u0131 Gereken 5 T\u00fcketici Kategorisi"},"content":{"rendered":"\t\t<div data-elementor-type=\"wp-post\" data-elementor-id=\"2842\" class=\"elementor elementor-2842\">\n\t\t\t\t\t\t<section class=\"elementor-section elementor-top-section elementor-element elementor-element-37e494d6 elementor-section-boxed elementor-section-height-default elementor-section-height-default\" data-id=\"37e494d6\" data-element_type=\"section\">\n\t\t\t\t\t\t<div class=\"elementor-container elementor-column-gap-default\">\n\t\t\t\t\t<div class=\"elementor-column elementor-col-100 elementor-top-column elementor-element elementor-element-3f48a51d\" data-id=\"3f48a51d\" data-element_type=\"column\">\n\t\t\t<div class=\"elementor-widget-wrap elementor-element-populated\">\n\t\t\t\t\t\t<div class=\"elementor-element elementor-element-48cd9dbb elementor-widget elementor-widget-text-editor\" data-id=\"48cd9dbb\" data-element_type=\"widget\" data-widget_type=\"text-editor.default\">\n\t\t\t\t<div class=\"elementor-widget-container\">\n\t\t\t\t\t\t\t\t\t<p><strong>Ernst &amp; Young (EY), Gelece\u011fin T\u00fcketici Endeksi ara\u015ft\u0131rmalar\u0131n\u0131n 11&#8217;incisini yay\u0131nlad\u0131. D\u00fczenli g\u00f6stergelerin yan\u0131 s\u0131ra hangi de\u011fi\u015fikliklerin ge\u00e7ici, hangilerinin ise temel nitelikte olabilece\u011fine ili\u015fkin bir perspektif sunan ara\u015ft\u0131rma, Covid-19 tehdidinin geride kald\u0131\u011f\u0131n\u0131n d\u00fc\u015f\u00fcn\u00fcld\u00fc\u011f\u00fc bir d\u00f6nemde, ba\u015fa \u00e7\u0131k\u0131lmas\u0131 gereken bir\u00e7ok farkl\u0131 endi\u015fenin ortaya \u00e7\u0131kt\u0131\u011f\u0131na dikkati \u00e7ekiyor.<\/strong><\/p><p>Yeni t\u00fcketici tercihleri ile de\u011fi\u015fen tutum ve al\u0131\u015fkanl\u0131klar\u0131 detayl\u0131 analiz eden EY Gelece\u011fin T\u00fcketicisi Endeksi ara\u015ft\u0131rmas\u0131, d\u00fczenli g\u00f6stergelerin yan\u0131 s\u0131ra hangi de\u011fi\u015fikliklerin ge\u00e7ici, hangilerinin ise temel nitelikte olabilece\u011fine ili\u015fkin bir perspektif sunuyor. T\u00fcketici tercih ve davran\u0131\u015flar\u0131ndaki de\u011fi\u015fimi mercek alt\u0131na alan Gelece\u011fin T\u00fcketici Endeksi, 27 \u00fclkeden 21 bin t\u00fcketici ile yap\u0131lan anket \u00e7al\u0131\u015fmalar\u0131na dayan\u0131yor.<\/p><p>Ara\u015ft\u0131rma, Kovid-19 tehdidinin geride kald\u0131\u011f\u0131n\u0131n d\u00fc\u015f\u00fcn\u00fcld\u00fc\u011f\u00fc bir d\u00f6nemde, ba\u015fa \u00e7\u0131k\u0131lmas\u0131 gereken bir\u00e7ok farkl\u0131 endi\u015fenin ortaya \u00e7\u0131kt\u0131\u011f\u0131na dikkati \u00e7ekiyor. T\u00fcm d\u00fcnyada y\u00fckselen enflasyon ve enerji krizi, bu endi\u015feler aras\u0131nda ilk s\u0131ralarda yer al\u0131yor. Ara\u015ft\u0131rma, gelecek aylarda daha da derinle\u015fece\u011fi tahmin edilen ekonomik krizin t\u00fcketicileri etkilemeye devam edece\u011fini g\u00f6steriyor. Uygun maliyetin t\u00fcm t\u00fcketiciler i\u00e7in &#8220;tan\u0131mlay\u0131c\u0131 etken&#8221; niteli\u011finde bir endi\u015fe kayna\u011f\u0131 olmad\u0131\u011f\u0131n\u0131n da alt\u0131n\u0131 \u00e7iziyor. Ara\u015ft\u0131rma, t\u00fcketicilerin harcama ve ya\u015fam tarz\u0131 tercihlerinin maliyetin yan\u0131 s\u0131ra ba\u015fka fakt\u00f6rler taraf\u0131ndan da \u015fekillendirildi\u011fini g\u00f6steriyor.<\/p><p><strong>T\u00fcketiciler 5 Kategoride Ele Al\u0131n\u0131yor<\/strong><br \/>EY Gelece\u011fin T\u00fcketici Endeksi, de\u011fi\u015fen tutum, tercih ve al\u0131\u015fkanl\u0131klar\u0131n yaratt\u0131\u011f\u0131 f\u0131rsat ve zorluklar\u0131n \u00f6ng\u00f6r\u00fclebilmesini kolayla\u015ft\u0131rmak i\u00e7in t\u00fcketicileri 5 kategoride ele al\u0131yor. Bu kategoriler aras\u0131nda \u015funlar yer al\u0131yor:<br \/><strong>1. &#8220;\u00d6nce uygun maliyet&#8221; diyen t\u00fcketiciler:<\/strong><br \/>Bu t\u00fcketiciler i\u00e7in tutumluluk bir ya\u015fam bi\u00e7imi. Bu t\u00fcketiciler, fiyat ve maliyetlere g\u00fc\u00e7l\u00fc bir \u015fekilde odaklan\u0131yor. Bir\u00e7o\u011fu, ya\u015fad\u0131klar\u0131 \u00fclkenin ekonomik g\u00f6r\u00fcn\u00fcm\u00fc ve ki\u015fisel mali durumlar\u0131n\u0131n gelece\u011fi konusunda karamsar ve yakla\u015f\u0131k y\u00fczde 40&#8217;\u0131 hayatlar\u0131n\u0131n 3 y\u0131l i\u00e7inde daha olumsuza do\u011fru bir seyir izleyece\u011fini d\u00fc\u015f\u00fcn\u00fcyor. Harcamalar\u0131n\u0131 temel \u00fcr\u00fcnlere odaklayan ve moda trendlerini takip etme ihtiyac\u0131 hissetmeyen (y\u00fczde 76) bu grupta, gelecek y\u0131l tatil yapmay\u0131 planlayanlar k\u00fc\u00e7\u00fck bir az\u0131nl\u0131k durumunda.<br \/>Ayr\u0131ca ara\u015ft\u0131rmaya kat\u0131lan t\u00fcketicilerin y\u00fczde 71&#8217;i, ellerindekini tamir edebilecekken yeni bir \u00fcr\u00fcn almak istemiyor. EY bu kategorideki t\u00fcketicilere ula\u015fmak isteyen markalara \u015fu \u00f6nerilerde bulunuyor: Fiyat\u0131 optimize etmek ve se\u00e7imi kolayla\u015ft\u0131rmak i\u00e7in portf\u00f6yleri, stok ve kategorileri basitle\u015ftirin, temel kategorilerde daha d\u00fc\u015f\u00fck fiyatl\u0131 alternatifleri artt\u0131r\u0131n. Karma\u015f\u0131k dijital sadakat programlar\u0131 yerine sat\u0131\u015f noktalar\u0131nda promosyonlu fiyat teklifleri geli\u015ftirin. Maliyetleri azaltabilecek enerji tasarruflu ve s\u00fcrd\u00fcr\u00fclebilir \u00fcr\u00fcnler alan\u0131nda yenilik ve e\u011fitimlere y\u00f6nelin.<\/p><p><strong>2. &#8220;\u00d6nce gezegen&#8221; diyen t\u00fcketiciler:<\/strong><br \/>Bu t\u00fcketiciler, daha iyi bir gelecek i\u00e7in s\u00fcrd\u00fcr\u00fclebilir se\u00e7imlere y\u00f6neliyor. &#8216;\u00d6nce gezegen&#8217; diyen t\u00fcketiciler de di\u011fer gruplar kadar olmasa da enflasyon konusunda endi\u015feli ancak bu grubu s\u00fcrd\u00fcr\u00fclebilirlik tan\u0131ml\u0131yor. Daha az finansal kayg\u0131 i\u00e7erisindeler ve harcamalar\u0131n\u0131 k\u0131sma olas\u0131l\u0131klar\u0131 daha d\u00fc\u015f\u00fck. S\u00fcrd\u00fcr\u00fclebilirlik, g\u00fcnl\u00fck hayatlar\u0131nda benimsedikleri bir ya\u015fam bi\u00e7imi. Bu gruptaki t\u00fcketiciler daha s\u00fcrd\u00fcr\u00fclebilir olmak i\u00e7in al\u0131\u015fkanl\u0131klar\u0131n\u0131n \u00e7o\u011funu de\u011fi\u015ftiriyorlar.<br \/>S\u00fcrd\u00fcr\u00fclebilir \u00fcr\u00fcnler i\u00e7in daha fazla \u00f6demeye haz\u0131r olduklar\u0131n\u0131 s\u00f6yleyenlerin oran\u0131, y\u00fczde 58. Y\u00fczde 30&#8217;u daha s\u00fcrd\u00fcr\u00fclebilir olabilmek i\u00e7in daha az sat\u0131n alma e\u011filiminde. &#8216;\u00d6nce gezegen&#8217; grubundaki t\u00fcketiciler, ba\u015fkalar\u0131n\u0131n davran\u0131\u015flar\u0131n\u0131 etkilemeyi bir sorumluluk olarak d\u00fc\u015f\u00fcn\u00fcyorlar ve kendi sat\u0131n alma kararlar\u0131n\u0131 y\u00f6nlendirmek i\u00e7in daha fazla bilgi beklentisindeler. \u00d6te yandan, bir\u00e7o\u011funun hala en son moday\u0131 veya teknoloji trendlerini yak\u0131ndan takip etme arzusunda olmas\u0131, s\u00fcrd\u00fcr\u00fclebilir ya\u015fama ba\u011fl\u0131l\u0131klar\u0131n\u0131n her zaman eylemlere yans\u0131mad\u0131\u011f\u0131n\u0131 da g\u00f6steriyor.<br \/>Genelde dijitalde bilgi ve deneyim sahibi olan bu kategorideki t\u00fcketiciler, al\u0131\u015fveri\u015f yapmak i\u00e7in dijital kanallar\u0131 kullanmay\u0131 tercih ediyor. EY&#8217;\u0131n bu gruba ula\u015fmay\u0131 hedefleyen markalara \u00f6nerileri \u015f\u00f6yle: De\u011fer zinciri boyunca izlenebilirli\u011fi sa\u011flay\u0131n ve s\u00fcrd\u00fcr\u00fclebilirlik etkisini \u015feffaf bir \u015fekilde raporlay\u0131n. Ambalaj kullan\u0131m\u0131n\u0131 azaltan s\u00fcrd\u00fcr\u00fclebilir ve geri d\u00f6n\u00fc\u015ft\u00fcr\u00fclebilir \u00fcr\u00fcn ve \u00e7\u00f6z\u00fcmlere yat\u0131r\u0131m yap\u0131n.<\/p><p><strong>3. &#8220;\u00d6nce deneyim&#8221; diyen t\u00fcketiciler:<\/strong><br \/>Bu t\u00fcketiciler, hayat\u0131 yar\u0131n i\u00e7in de\u011fil, bug\u00fcn i\u00e7in ya\u015f\u0131yor. Ortalaman\u0131n \u00fczerinde bir gelire ve e\u011fitime sahip olan &#8216;\u00f6nce deneyim&#8217; t\u00fcketici grubu, harcamalar\u0131n\u0131 di\u011ferleri kadar k\u0131sma ihtiyac\u0131 hissetmiyor. Yakla\u015f\u0131k 3&#8217;te 1&#8217;i, ev d\u0131\u015f\u0131 e\u011flence etkinliklerine veya tatillere daha fazla harcama yapma e\u011filiminde. Neredeyse yar\u0131s\u0131 gelecek 6 ay i\u00e7inde bir tatil rezervasyonu yapm\u0131\u015f durumda ve y\u00fczde 48&#8217;i tatil i\u00e7in ge\u00e7mi\u015fe g\u00f6re daha fazla para harcamay\u0131 planl\u0131yor. Bu gruptaki t\u00fcketiciler d\u0131\u015far\u0131 \u00e7\u0131k\u0131p deneyimlerin tad\u0131n\u0131 \u00e7\u0131karmak i\u00e7in can at\u0131yorlar ve y\u00fczde 63&#8217;\u00fc pandemi d\u00f6neminde ka\u00e7\u0131rd\u0131klar\u0131n\u0131 d\u00fc\u015f\u00fcnd\u00fckleri \u015feyleri yakalamak istiyor.<br \/>\u00c7evrim i\u00e7i hizmetlere abonelik olas\u0131l\u0131klar\u0131 \u00e7ok daha y\u00fcksek olan bu gruptaki t\u00fcketiciler, di\u011fer gruplara k\u0131yasla ev i\u00e7i deneyimlerden de daha fazla keyif al\u0131yor. \u00d6rne\u011fin, y\u00fczde 41&#8217;inin \u00e7evrim i\u00e7i oyun hizmetlerine aboneli\u011fi var. EY, &#8216;\u00f6nce deneyim&#8217; diyen t\u00fcketicilere hizmet etmenin \u00fc\u00e7 yolunu \u015f\u00f6yle s\u0131ral\u0131yor: \u00dcr\u00fcnlerde kalite ve farkl\u0131la\u015fmaya odaklan\u0131n. Benzersiz f\u0131rsatlar yaratmak, \u00fcr\u00fcnlere de\u011fer ve deneyim eklemek i\u00e7in \u00fcr\u00fcnler etraf\u0131nda hizmetler sunun. Marka ba\u011fl\u0131l\u0131\u011f\u0131 yoluyla \u00f6zg\u00fcnl\u00fck ve e\u011flence sunmak i\u00e7in dijital kanallarda yenilik\u00e7i ara\u00e7lar kullan\u0131n.<\/p><p><strong>4. &#8220;\u00d6nce sa\u011fl\u0131k&#8221; diyen t\u00fcketiciler:<\/strong><br \/>\u00d6nceli\u011fi sa\u011fl\u0131k olan bu gruptaki t\u00fcketiciler, fiziksel ve zihinsel sa\u011fl\u0131klar\u0131na \u00f6ncelik veriyor. \u0130klim de\u011fi\u015fikli\u011fi ile m\u00fccadeleyle birlikte sa\u011fl\u0131k ve refah\u0131n toplumun en \u00f6nemli konular\u0131 oldu\u011funu d\u00fc\u015f\u00fcn\u00fcyorlar. &#8216;\u00d6nce sa\u011fl\u0131k&#8217; diyen t\u00fcketicilerin y\u00fczde 54&#8217;\u00fc, gelecek y\u0131llarda sat\u0131n alma davran\u0131\u015flar\u0131n\u0131 y\u00f6nlendiren temel bir fakt\u00f6r olarak sa\u011fl\u0131k ve zindeli\u011fe \u00f6ncelik vermeyi planl\u0131yor. &#8216;\u00d6nce sa\u011fl\u0131k&#8217; grubu, maliyet bask\u0131s\u0131 sorunlar\u0131n\u0131n daha uzun vadeye yay\u0131laca\u011f\u0131n\u0131 d\u00fc\u015f\u00fcn\u00fcyor. Bundan dolay\u0131, temel nitelikte olmayan \u00fcr\u00fcnlere, \u00f6zellikle de daha az sa\u011fl\u0131kl\u0131 \u00fcr\u00fcnlere y\u00f6nelik harcamalar\u0131n\u0131 \u00f6nemli \u00f6l\u00e7\u00fcde k\u0131s\u0131yorlar.<br \/>Y\u00fczde 44&#8217;\u00fc alkoll\u00fc i\u00e7eceklere y\u00f6nelik harcamalar\u0131n\u0131 azaltma e\u011filiminde. \u00dclkelerinin genel ekonomik g\u00f6r\u00fcn\u00fcm\u00fcyle ilgili karamsarl\u0131k ta\u015f\u0131yorlar ve artan maliyetler konusunda yine olduk\u00e7a kayg\u0131l\u0131lar. &#8216;\u00d6nce sa\u011fl\u0131k&#8217; t\u00fcketicileri, \u00e7evrim i\u00e7i sipari\u015f veya video gibi yerle\u015fik dijital hizmetlerden memnun. Yeni dijital varl\u0131klar\u0131 denemek i\u00e7in ise di\u011fer gruplara g\u00f6re daha az a\u00e7\u0131klar. Onlara ula\u015fmak isteyen markalara EY&#8217;\u0131n \u00f6nerileri \u015funlar: Zihinsel ve fiziksel sa\u011fl\u0131k faydalar\u0131 sunan yenilik\u00e7i \u00fcr\u00fcnler geli\u015ftirin, bilimsel olarak desteklenen sa\u011fl\u0131k bilgilerini de\u011ferlendirin. Sa\u011fl\u0131kl\u0131 \u00fcr\u00fcn tekliflerini tamamlamak i\u00e7in diyet ve spor tavsiyesi gibi hizmetler sunun. \u00d6deme ve teslimat i\u00e7in temass\u0131z dijital hizmetlerden yararlan\u0131n.<\/p><p><strong>5. &#8220;\u00d6nce toplum&#8221; diyen t\u00fcketiciler:<\/strong><br \/>\u00d6nceli\u011fi toplumun faydas\u0131na veren bu gruptaki t\u00fcketiciler, ayn\u0131 zamanda artan ya\u015fam maliyetleri konusunda en az endi\u015fe duyanlar. Yine de al\u0131\u015fkanl\u0131klar\u0131n\u0131 de\u011fi\u015ftiriyor ve maliyetleri azaltmak i\u00e7in daha ucuz markalara y\u00f6neliyor ya da yaln\u0131zca temel ihtiya\u00e7lar\u0131 sat\u0131n alma yoluna gidiyorlar. Tan\u0131mlay\u0131c\u0131 \u00f6ncelikleri toplum faydas\u0131 olan bu gruptaki t\u00fcketiciler, sa\u011fl\u0131kl\u0131 bir toplumun sa\u011fl\u0131kl\u0131 bir gezegenle m\u00fcmk\u00fcn oldu\u011funun da fark\u0131ndalar. \u00dcretimi etik de\u011ferler g\u00f6zetilerek ger\u00e7ekle\u015ftirilmi\u015f \u00fcr\u00fcnlere b\u00fcy\u00fck ilgi g\u00f6steren bu grubun y\u00fczde 56&#8217;s\u0131, s\u00fcrd\u00fcr\u00fclebilir \u00fcr\u00fcnler i\u00e7in daha fazla para \u00f6demeye de haz\u0131rlar.<br \/>Y\u00fczde 70&#8217;i organizasyonlar\u0131n etik davran\u0131p davranmad\u0131klar\u0131na dikkat ediyor ve sat\u0131n alma kararlar\u0131n\u0131 buna g\u00f6re veriyor. Daha s\u00fcrd\u00fcr\u00fclebilir se\u00e7imler yapmalar\u0131na yard\u0131mc\u0131 olmak i\u00e7in daha fazla bilgi talep edenlerin oran\u0131, yakla\u015f\u0131k 3&#8217;te 2. Bu bilgilere ula\u015fmak i\u00e7in \u015firketlere e-posta, sohbet botlar\u0131 veya sosyal medya \u00fczerinden mesajla\u015fma yoluyla ula\u015fmak, onlar\u0131 mutlu ediyor. EY&#8217;\u0131n markalara \u00f6nerileri \u015funlar: Bu gruba dokunmak i\u00e7in \u00fcr\u00fcn portf\u00f6y\u00fcn\u00fcz\u00fc ve tedarik zincirinizi yerele odaklay\u0131n. Giri\u015fim ve faaliyetlerinizin topluluklara fayda sunmas\u0131n\u0131 sa\u011flamak i\u00e7in politika yap\u0131c\u0131larla etkile\u015fime ge\u00e7in. \u00dcr\u00fcn ve hizmetlerinizi insanlar\u0131n \u00f6nemsedi\u011fi yerel de\u011ferlerle ili\u015fkilendirin.<\/p><p><strong>&#8220;T\u00fcketiciler Hala Esnek Olmaya Devam Ediyor&#8221;<\/strong><br \/>EY T\u00fcrkiye T\u00fcketici \u00dcr\u00fcnleri ve Perakende Sekt\u00f6r Lideri Kaan Birdal, ara\u015ft\u0131rma ile ilgili yapt\u0131\u011f\u0131 a\u00e7\u0131klamada \u015funlar\u0131 s\u00f6yl\u00fcyor: &#8220;T\u00fcm d\u00fcnyan\u0131n kar\u015f\u0131 kar\u015f\u0131ya oldu\u011fu de\u011fi\u015fimler g\u00f6z \u00f6n\u00fcne al\u0131nd\u0131\u011f\u0131nda, t\u00fcketicilerin hala esnek olmaya devam edebilmelerini g\u00f6stermesi, ara\u015ft\u0131rman\u0131n olduk\u00e7a dikkat \u00e7ekici bulgular\u0131ndan biri. \u015eirketlerin bir yandan bug\u00fcn\u00fcn ko\u015fullar\u0131na yan\u0131t verirken geli\u015fen bu trendlerin gelecekte yarataca\u011f\u0131 talep ve arzular\u0131 da \u00f6ng\u00f6rmesi b\u00fcy\u00fck \u00f6nem ta\u015f\u0131yor. Ara\u015ft\u0131rma raporu, EY&#8217;\u0131n farkl\u0131 t\u00fcketicilere ula\u015fmak isteyen markalara y\u00f6nelik \u00f6nerilerinin yan\u0131 s\u0131ra her gruba \u00f6zel haz\u0131rlanan cazip fikirleri de i\u00e7eriyor. Ayr\u0131ca, t\u00fcketici \u00fcr\u00fcnleri ve perakende sekt\u00f6r\u00fcnde yer alan y\u00f6neticilerin ve profesyonellerin ilgisini \u00e7ekecek de\u011ferli bulgular sunuyor.&#8221;<\/p>\t\t\t\t\t\t\t\t<\/div>\n\t\t\t\t<\/div>\n\t\t\t\t\t<\/div>\n\t\t<\/div>\n\t\t\t\t\t<\/div>\n\t\t<\/section>\n\t\t\t\t<\/div>\n\t\t","protected":false},"excerpt":{"rendered":"<p>Ernst &amp; Young (EY), Gelece\u011fin T\u00fcketici Endeksi ara\u015ft\u0131rmalar\u0131n\u0131n 11&#8217;incisini yay\u0131nlad\u0131. D\u00fczenli g\u00f6stergelerin yan\u0131 s\u0131ra hangi de\u011fi\u015fikliklerin ge\u00e7ici, hangilerinin ise temel nitelikte olabilece\u011fine ili\u015fkin bir perspektif sunan ara\u015ft\u0131rma, Covid-19 tehdidinin geride kald\u0131\u011f\u0131n\u0131n d\u00fc\u015f\u00fcn\u00fcld\u00fc\u011f\u00fc bir d\u00f6nemde, ba\u015fa \u00e7\u0131k\u0131lmas\u0131 gereken bir\u00e7ok farkl\u0131 endi\u015fenin ortaya \u00e7\u0131kt\u0131\u011f\u0131na dikkati \u00e7ekiyor. Yeni t\u00fcketici tercihleri ile de\u011fi\u015fen tutum ve al\u0131\u015fkanl\u0131klar\u0131 detayl\u0131 analiz eden [&hellip;]<\/p>\n","protected":false},"author":2,"featured_media":2843,"comment_status":"open","ping_status":"open","sticky":false,"template":"","format":"standard","meta":{"footnotes":""},"categories":[17],"tags":[],"class_list":{"0":"post-2842","1":"post","2":"type-post","3":"status-publish","4":"format-standard","5":"has-post-thumbnail","7":"category-haberler"},"_links":{"self":[{"href":"https:\/\/www.zincirmagazalar.org\/index.php?rest_route=\/wp\/v2\/posts\/2842","targetHints":{"allow":["GET"]}}],"collection":[{"href":"https:\/\/www.zincirmagazalar.org\/index.php?rest_route=\/wp\/v2\/posts"}],"about":[{"href":"https:\/\/www.zincirmagazalar.org\/index.php?rest_route=\/wp\/v2\/types\/post"}],"author":[{"embeddable":true,"href":"https:\/\/www.zincirmagazalar.org\/index.php?rest_route=\/wp\/v2\/users\/2"}],"replies":[{"embeddable":true,"href":"https:\/\/www.zincirmagazalar.org\/index.php?rest_route=%2Fwp%2Fv2%2Fcomments&post=2842"}],"version-history":[{"count":4,"href":"https:\/\/www.zincirmagazalar.org\/index.php?rest_route=\/wp\/v2\/posts\/2842\/revisions"}],"predecessor-version":[{"id":2847,"href":"https:\/\/www.zincirmagazalar.org\/index.php?rest_route=\/wp\/v2\/posts\/2842\/revisions\/2847"}],"wp:featuredmedia":[{"embeddable":true,"href":"https:\/\/www.zincirmagazalar.org\/index.php?rest_route=\/wp\/v2\/media\/2843"}],"wp:attachment":[{"href":"https:\/\/www.zincirmagazalar.org\/index.php?rest_route=%2Fwp%2Fv2%2Fmedia&parent=2842"}],"wp:term":[{"taxonomy":"category","embeddable":true,"href":"https:\/\/www.zincirmagazalar.org\/index.php?rest_route=%2Fwp%2Fv2%2Fcategories&post=2842"},{"taxonomy":"post_tag","embeddable":true,"href":"https:\/\/www.zincirmagazalar.org\/index.php?rest_route=%2Fwp%2Fv2%2Ftags&post=2842"}],"curies":[{"name":"wp","href":"https:\/\/api.w.org\/{rel}","templated":true}]}}