{"id":2675,"date":"2022-08-05T11:39:37","date_gmt":"2022-08-05T11:39:37","guid":{"rendered":"https:\/\/www.zincirmagazalar.org\/?p=2675"},"modified":"2022-08-05T11:41:07","modified_gmt":"2022-08-05T11:41:07","slug":"bilisim-sektorunun-basarili-sirketleri-odullendirildi","status":"publish","type":"post","link":"https:\/\/www.zincirmagazalar.org\/?p=2675","title":{"rendered":"Bili\u015fim Sekt\u00f6r\u00fcn\u00fcn Ba\u015far\u0131l\u0131 \u015eirketleri \u00d6d\u00fcllendirildi"},"content":{"rendered":"\t\t<div data-elementor-type=\"wp-post\" data-elementor-id=\"2675\" class=\"elementor elementor-2675\">\n\t\t\t\t\t\t<section class=\"elementor-section elementor-top-section elementor-element elementor-element-37e494d6 elementor-section-boxed elementor-section-height-default elementor-section-height-default\" data-id=\"37e494d6\" data-element_type=\"section\">\n\t\t\t\t\t\t<div class=\"elementor-container elementor-column-gap-default\">\n\t\t\t\t\t<div class=\"elementor-column elementor-col-100 elementor-top-column elementor-element elementor-element-3f48a51d\" data-id=\"3f48a51d\" data-element_type=\"column\">\n\t\t\t<div class=\"elementor-widget-wrap elementor-element-populated\">\n\t\t\t\t\t\t<div class=\"elementor-element elementor-element-48cd9dbb elementor-widget elementor-widget-text-editor\" data-id=\"48cd9dbb\" data-element_type=\"widget\" data-widget_type=\"text-editor.default\">\n\t\t\t\t<div class=\"elementor-widget-container\">\n\t\t\t\t\t\t\t\t\t<p><strong>\u201cBili\u015fim 500 \u00d6d\u00fclleri\u201d \u0130stanbul\u2019da ger\u00e7ekle\u015fen ve \u00fcyelerimizden Ko\u00e7Sistem\u2019in sponsorlu\u011funda ger\u00e7ekle\u015ftirilen bir t\u00f6renle sahiplerini buldu. Ko\u00e7Sistem\u2019in ayn\u0131 zamanda Y\u0131l\u0131n Yapay Zeka Kategorisi birincili\u011fini ald\u0131\u011f\u0131 organizasyonda yine \u00fcyelerimizden Turkcell birincilik \u00f6d\u00fcl\u00fcn\u00fc ald\u0131.<\/strong><\/p><p>\u201cBili\u015fim 500 \u00d6d\u00fclleri\u201d \u0130stanbul\u2019da ger\u00e7ekle\u015fen organizasyonla sahiplerini buldu. \u00d6d\u00fcl t\u00f6reninde a\u00e7\u0131l\u0131\u015f konu\u015fmas\u0131 yapan Ula\u015ft\u0131rma ve Altyap\u0131 Bakan Yard\u0131mc\u0131s\u0131 Dr. \u00d6mer Fatih Sayan, BT Haberin ger\u00e7ekle\u015ftirdi\u011fi Bili\u015fim 500 etkinliklerini bili\u015fim \u015firketleri i\u00e7in bir motivasyon kayna\u011f\u0131 olarak g\u00f6rd\u00fcklerini a\u00e7\u0131klad\u0131. Sayan, \u201cEminim ki Bili\u015fim 500 etkinlikleri, bir\u00e7ok bili\u015fim \u015firketimiz i\u00e7in bir motivasyon kayna\u011f\u0131 durumunda. Ben \u015fahs\u0131m ve Bakanl\u0131\u011f\u0131m ad\u0131na ilk 500\u2019de yer alan bili\u015fim \u015firketlerini ve ilk 500 listesinde olmasalar da bu sekt\u00f6rde \u00f6nemli \u00e7al\u0131\u015fmalar yapan, T\u00fcrkiye\u2019mizin bili\u015fim sekt\u00f6r\u00fcn\u00fcn gelece\u011fine katk\u0131 sa\u011flayan t\u00fcm \u015firketlerimizi tebrik ediyorum\u201d ifadeleriyle s\u00f6zlerine ba\u015flad\u0131.<br \/>Bili\u015fim sekt\u00f6r\u00fcn\u00fcn yaln\u0131zca kendi alan\u0131nda de\u011fil di\u011fer sekt\u00f6rler i\u00e7in de b\u00fcy\u00fck bir \u00f6neme sahip oldu\u011fundan bahseden Sayan, \u201cSekt\u00f6r\u00fcm\u00fczde faaliyet g\u00f6steren sizler toplumsal refah ve ekonomik verimlili\u011fin anahtar\u0131 konumundas\u0131n\u0131z. Bilgi ve ileti\u015fim teknolojileri her sekt\u00f6r\u00fc de\u011fi\u015ftiriyor, d\u00f6n\u00fc\u015ft\u00fcr\u00fcyor. Bili\u015fim \u015firketlerimizin g\u00fcc\u00fc, di\u011fer sekt\u00f6rlerin de g\u00fcc\u00fcne g\u00fc\u00e7 kat\u0131yor\u201d \u015feklinde konu\u015ftu.<\/p><p><strong>6 Ayr\u0131 Ana Kategoride Birinciler \u00d6d\u00fcllerini Ald\u0131<\/strong><br \/>Bili\u015fim 500&#8217;de 15&#8217;i Plus, 9&#8217;u T\u00fcrkiye Ekonomisine Katk\u0131 \u00f6zel kategorisi olmak \u00fczere toplamda 98 kategoride zirveye ula\u015fan \u015firketlere \u00f6d\u00fclleri verildi. En b\u00fcy\u00fck 500 \u015firketin kendi kulvar\u0131nda de\u011ferlendirildi\u011fi ara\u015ft\u0131rma sonu\u00e7lar\u0131na g\u00f6re, 6 ayr\u0131 ana kategori birincisine de \u00f6d\u00fclleri takdim edildi.<br \/>Bili\u015fim 500 kapsam\u0131nda, T\u00fcrkiye Ekonomisine Katk\u0131 \u00f6zel kategorisinde Y\u0131l\u0131n AR-GE Yat\u0131r\u0131m\u0131 Kategorisi birincisi Logo Yaz\u0131l\u0131m olurken, Y\u0131l\u0131n Yapay Zek\u00e2 Kategorisi birincili\u011fini Ko\u00e7Sistem ald\u0131.<br \/>Y\u0131l\u0131n T\u00fcrkiye Merkezli \u00dcretici Donan\u0131m Kategorisi birincisi Karel Elektronik, Y\u0131l\u0131n T\u00fcrkiye Merkezli \u00dcretici Yaz\u0131l\u0131m Kategorisi birincisi Softtech, Y\u0131l\u0131n Donan\u0131m \u0130hracat\u0131 Kategorisi Birincisi Corning Optik \u0130leti\u015fim, Y\u0131l\u0131n Hizmet \u0130hracat\u0131 Kategorisi birincisi Teleperformance T\u00fcrkiye ve Y\u0131l\u0131n Yaz\u0131l\u0131m \u0130hracat\u0131 Kategorisi Birincisi Roof Stacks Yaz\u0131l\u0131m oldu.<br \/>\u0130lk 500 Bili\u015fim \u015eirketi birincilik \u00f6d\u00fcl\u00fcn\u00fc ise Turkcell ald\u0131.<\/p><p><strong>2021 Y\u0131l\u0131nda \u0130lk 500&#8217;\u00fcn Toplam Geliri %26 Art\u0131\u015fla 214 Milyar TL&#8217;ye Ula\u015ft\u0131<\/strong><br \/>T\u00fcrkiye&#8217;de bili\u015fim sekt\u00f6r\u00fcn\u00fcn cirolar\u0131 itibariyle s\u0131raland\u0131\u011f\u0131, pazar hakk\u0131nda \u00f6ng\u00f6r\u00fc ve \u00f6zellikleri belirleyen ara\u015ft\u0131rmaya g\u00f6re, 2021 y\u0131l\u0131nda ilk 500 s\u0131ralamas\u0131nda yer alan \u015firketlerin toplam geliri, 2020 y\u0131l\u0131na g\u00f6re y\u00fczde 26 b\u00fcy\u00fcme g\u00f6stererek, 214 milyar TL&#8217;ye ula\u015ft\u0131.<br \/>Son 10 y\u0131ll\u0131k b\u00fcy\u00fcme ise y\u00fczde 210 olarak ger\u00e7ekle\u015fti. Bili\u015fim 500 s\u0131ralamas\u0131na 80 yeni \u015firketin girdi\u011fi a\u00e7\u0131kland\u0131. 2021 y\u0131l\u0131 ara\u015ft\u0131rmas\u0131nda s\u0131ralamaya giren \u015firketler TL olarak ortalama y\u00fczde 54 b\u00fcy\u00fcd\u00fc. 2020 y\u0131l\u0131nda bu rakam y\u00fczde 42 olarak ger\u00e7ekle\u015fmi\u015fti.<br \/>T\u00fcrkiye Merkezli \u00dcretici Yaz\u0131l\u0131m kategorisinde de b\u00fcy\u00fcme y\u00fczde 54 oldu. Ayn\u0131 zamanda s\u0131ralamada yer alan \u015firketlerin de ortalama b\u00fcy\u00fcmesi olan bu oran, itici g\u00fcc\u00fcn yine yaz\u0131l\u0131m oldu\u011funu do\u011frulad\u0131.<br \/>2020 y\u0131l\u0131na g\u00f6re, yaz\u0131l\u0131m ihracat\u0131 gelirleri y\u00fczde 74 artarak 1,6 milyar TL&#8217;ye ula\u015ft\u0131. Hizmet ihracat\u0131 gelirlerinde de y\u00fczde 53&#8217;l\u00fck art\u0131\u015f ya\u015fand\u0131 ve 1,5 milyar TL oldu. S\u0131ralamaya giren \u015firketlerin 57&#8217;si y\u00fczde 100&#8217;\u00fcn \u00fczerinde, 163 \u015firket ise ortalaman\u0131n \u00fcst\u00fcnde bir b\u00fcy\u00fcme g\u00f6sterdi.<\/p>\t\t\t\t\t\t\t\t<\/div>\n\t\t\t\t<\/div>\n\t\t\t\t\t<\/div>\n\t\t<\/div>\n\t\t\t\t\t<\/div>\n\t\t<\/section>\n\t\t\t\t<\/div>\n\t\t","protected":false},"excerpt":{"rendered":"<p>\u201cBili\u015fim 500 \u00d6d\u00fclleri\u201d \u0130stanbul\u2019da ger\u00e7ekle\u015fen ve \u00fcyelerimizden Ko\u00e7Sistem\u2019in sponsorlu\u011funda ger\u00e7ekle\u015ftirilen bir t\u00f6renle sahiplerini buldu. Ko\u00e7Sistem\u2019in ayn\u0131 zamanda Y\u0131l\u0131n Yapay Zeka Kategorisi birincili\u011fini ald\u0131\u011f\u0131 organizasyonda yine \u00fcyelerimizden Turkcell birincilik \u00f6d\u00fcl\u00fcn\u00fc ald\u0131. \u201cBili\u015fim 500 \u00d6d\u00fclleri\u201d \u0130stanbul\u2019da ger\u00e7ekle\u015fen organizasyonla sahiplerini buldu. \u00d6d\u00fcl t\u00f6reninde a\u00e7\u0131l\u0131\u015f konu\u015fmas\u0131 yapan Ula\u015ft\u0131rma ve Altyap\u0131 Bakan Yard\u0131mc\u0131s\u0131 Dr. \u00d6mer Fatih Sayan, BT Haberin ger\u00e7ekle\u015ftirdi\u011fi [&hellip;]<\/p>\n","protected":false},"author":2,"featured_media":2676,"comment_status":"open","ping_status":"open","sticky":false,"template":"","format":"standard","meta":{"footnotes":""},"categories":[17],"tags":[],"class_list":{"0":"post-2675","1":"post","2":"type-post","3":"status-publish","4":"format-standard","5":"has-post-thumbnail","7":"category-haberler"},"_links":{"self":[{"href":"https:\/\/www.zincirmagazalar.org\/index.php?rest_route=\/wp\/v2\/posts\/2675","targetHints":{"allow":["GET"]}}],"collection":[{"href":"https:\/\/www.zincirmagazalar.org\/index.php?rest_route=\/wp\/v2\/posts"}],"about":[{"href":"https:\/\/www.zincirmagazalar.org\/index.php?rest_route=\/wp\/v2\/types\/post"}],"author":[{"embeddable":true,"href":"https:\/\/www.zincirmagazalar.org\/index.php?rest_route=\/wp\/v2\/users\/2"}],"replies":[{"embeddable":true,"href":"https:\/\/www.zincirmagazalar.org\/index.php?rest_route=%2Fwp%2Fv2%2Fcomments&post=2675"}],"version-history":[{"count":4,"href":"https:\/\/www.zincirmagazalar.org\/index.php?rest_route=\/wp\/v2\/posts\/2675\/revisions"}],"predecessor-version":[{"id":2680,"href":"https:\/\/www.zincirmagazalar.org\/index.php?rest_route=\/wp\/v2\/posts\/2675\/revisions\/2680"}],"wp:featuredmedia":[{"embeddable":true,"href":"https:\/\/www.zincirmagazalar.org\/index.php?rest_route=\/wp\/v2\/media\/2676"}],"wp:attachment":[{"href":"https:\/\/www.zincirmagazalar.org\/index.php?rest_route=%2Fwp%2Fv2%2Fmedia&parent=2675"}],"wp:term":[{"taxonomy":"category","embeddable":true,"href":"https:\/\/www.zincirmagazalar.org\/index.php?rest_route=%2Fwp%2Fv2%2Fcategories&post=2675"},{"taxonomy":"post_tag","embeddable":true,"href":"https:\/\/www.zincirmagazalar.org\/index.php?rest_route=%2Fwp%2Fv2%2Ftags&post=2675"}],"curies":[{"name":"wp","href":"https:\/\/api.w.org\/{rel}","templated":true}]}}