{"id":2470,"date":"2022-04-25T13:28:56","date_gmt":"2022-04-25T13:28:56","guid":{"rendered":"https:\/\/www.zincirmagazalar.org\/?p=2470"},"modified":"2022-04-26T13:37:53","modified_gmt":"2022-04-26T13:37:53","slug":"sektorel-guven-endekslerinde-yukselis","status":"publish","type":"post","link":"https:\/\/www.zincirmagazalar.org\/?p=2470","title":{"rendered":"Sekt\u00f6rel G\u00fcven Endekslerinde Y\u00fckseli\u015f"},"content":{"rendered":"\t\t<div data-elementor-type=\"wp-post\" data-elementor-id=\"2470\" class=\"elementor elementor-2470\">\n\t\t\t\t\t\t<section class=\"elementor-section elementor-top-section elementor-element elementor-element-37e494d6 elementor-section-boxed elementor-section-height-default elementor-section-height-default\" data-id=\"37e494d6\" data-element_type=\"section\">\n\t\t\t\t\t\t<div class=\"elementor-container elementor-column-gap-default\">\n\t\t\t\t\t<div class=\"elementor-column elementor-col-100 elementor-top-column elementor-element elementor-element-3f48a51d\" data-id=\"3f48a51d\" data-element_type=\"column\">\n\t\t\t<div class=\"elementor-widget-wrap elementor-element-populated\">\n\t\t\t\t\t\t<div class=\"elementor-element elementor-element-48cd9dbb elementor-widget elementor-widget-text-editor\" data-id=\"48cd9dbb\" data-element_type=\"widget\" data-widget_type=\"text-editor.default\">\n\t\t\t\t<div class=\"elementor-widget-container\">\n\t\t\t\t\t\t\t\t\t<p><strong>T\u00dc\u0130K, Hizmet, Perakende Ticaret ve \u0130n\u015faat G\u00fcven Endeksleri, Nisan 2022 verilerini a\u00e7\u0131klad\u0131. Buna g\u00f6re g\u00fcven endeksi hizmet, perakende ticaret ve in\u015faat sekt\u00f6rlerinde y\u00fckseldi. <\/strong><\/p><p>T\u00fcrkiye \u0130statistik Kurumu (T\u00dc\u0130K) taraf\u0131ndan yap\u0131lan a\u00e7\u0131klamaya g\u00f6re, mevsim etkilerinden ar\u0131nd\u0131r\u0131lm\u0131\u015f g\u00fcven endeksi nisan ay\u0131nda bir \u00f6nceki aya g\u00f6re; hizmet sekt\u00f6r\u00fcnde y\u00fczde 3,0, perakende ticaret sekt\u00f6r\u00fcnde y\u00fczde 2,9 ve in\u015faat sekt\u00f6r\u00fcnde y\u00fczde 3,0 artt\u0131.<\/p><p><img fetchpriority=\"high\" decoding=\"async\" class=\"wp-image-2472 size-full aligncenter\" src=\"https:\/\/www.zincirmagazalar.org\/wp-content\/uploads\/2022\/04\/sekto\u0308rel-guven-nisan.jpg\" alt=\"\" width=\"583\" height=\"500\" srcset=\"https:\/\/www.zincirmagazalar.org\/wp-content\/uploads\/2022\/04\/sekto\u0308rel-guven-nisan.jpg 583w, https:\/\/www.zincirmagazalar.org\/wp-content\/uploads\/2022\/04\/sekto\u0308rel-guven-nisan-300x257.jpg 300w, https:\/\/www.zincirmagazalar.org\/wp-content\/uploads\/2022\/04\/sekto\u0308rel-guven-nisan-490x420.jpg 490w\" sizes=\"(max-width: 583px) 100vw, 583px\" \/><\/p><p>Mart ay\u0131nda ise hizmet sekt\u00f6r\u00fcnde y\u00fczde 6,2, perakende ticaret sekt\u00f6r\u00fcnde y\u00fczde 3,1 ve in\u015faat sekt\u00f6r\u00fcnde y\u00fczde 2 gerileme ya\u015fanm\u0131\u015ft\u0131. Sekt\u00f6rel endeksler \u015fubat ay\u0131nda da gerilemi\u015fti.<\/p>\t\t\t\t\t\t\t\t<\/div>\n\t\t\t\t<\/div>\n\t\t\t\t\t<\/div>\n\t\t<\/div>\n\t\t\t\t\t<\/div>\n\t\t<\/section>\n\t\t\t\t<\/div>\n\t\t","protected":false},"excerpt":{"rendered":"<p>T\u00dc\u0130K, Hizmet, Perakende Ticaret ve \u0130n\u015faat G\u00fcven Endeksleri, Nisan 2022 verilerini a\u00e7\u0131klad\u0131. Buna g\u00f6re g\u00fcven endeksi hizmet, perakende ticaret ve in\u015faat sekt\u00f6rlerinde y\u00fckseldi. T\u00fcrkiye \u0130statistik Kurumu (T\u00dc\u0130K) taraf\u0131ndan yap\u0131lan a\u00e7\u0131klamaya g\u00f6re, mevsim etkilerinden ar\u0131nd\u0131r\u0131lm\u0131\u015f g\u00fcven endeksi nisan ay\u0131nda bir \u00f6nceki aya g\u00f6re; hizmet sekt\u00f6r\u00fcnde y\u00fczde 3,0, perakende ticaret sekt\u00f6r\u00fcnde y\u00fczde 2,9 ve in\u015faat sekt\u00f6r\u00fcnde y\u00fczde [&hellip;]<\/p>\n","protected":false},"author":2,"featured_media":1693,"comment_status":"open","ping_status":"open","sticky":false,"template":"","format":"standard","meta":{"footnotes":""},"categories":[17],"tags":[],"class_list":{"0":"post-2470","1":"post","2":"type-post","3":"status-publish","4":"format-standard","5":"has-post-thumbnail","7":"category-haberler"},"_links":{"self":[{"href":"https:\/\/www.zincirmagazalar.org\/index.php?rest_route=\/wp\/v2\/posts\/2470","targetHints":{"allow":["GET"]}}],"collection":[{"href":"https:\/\/www.zincirmagazalar.org\/index.php?rest_route=\/wp\/v2\/posts"}],"about":[{"href":"https:\/\/www.zincirmagazalar.org\/index.php?rest_route=\/wp\/v2\/types\/post"}],"author":[{"embeddable":true,"href":"https:\/\/www.zincirmagazalar.org\/index.php?rest_route=\/wp\/v2\/users\/2"}],"replies":[{"embeddable":true,"href":"https:\/\/www.zincirmagazalar.org\/index.php?rest_route=%2Fwp%2Fv2%2Fcomments&post=2470"}],"version-history":[{"count":5,"href":"https:\/\/www.zincirmagazalar.org\/index.php?rest_route=\/wp\/v2\/posts\/2470\/revisions"}],"predecessor-version":[{"id":2476,"href":"https:\/\/www.zincirmagazalar.org\/index.php?rest_route=\/wp\/v2\/posts\/2470\/revisions\/2476"}],"wp:featuredmedia":[{"embeddable":true,"href":"https:\/\/www.zincirmagazalar.org\/index.php?rest_route=\/wp\/v2\/media\/1693"}],"wp:attachment":[{"href":"https:\/\/www.zincirmagazalar.org\/index.php?rest_route=%2Fwp%2Fv2%2Fmedia&parent=2470"}],"wp:term":[{"taxonomy":"category","embeddable":true,"href":"https:\/\/www.zincirmagazalar.org\/index.php?rest_route=%2Fwp%2Fv2%2Fcategories&post=2470"},{"taxonomy":"post_tag","embeddable":true,"href":"https:\/\/www.zincirmagazalar.org\/index.php?rest_route=%2Fwp%2Fv2%2Ftags&post=2470"}],"curies":[{"name":"wp","href":"https:\/\/api.w.org\/{rel}","templated":true}]}}