{"id":239,"date":"2019-09-17T08:53:37","date_gmt":"2019-09-17T08:53:37","guid":{"rendered":"https:\/\/new.kategorimagazaciligi.org\/?p=239"},"modified":"2019-09-17T08:54:04","modified_gmt":"2019-09-17T08:54:04","slug":"kmd-yonetim-kurulu-6-perakende-teknolojileri-konferansi-oncesinde-basin-mensuplariyla-bir-araya-gelecek","status":"publish","type":"post","link":"https:\/\/www.zincirmagazalar.org\/?p=239","title":{"rendered":"KMD Y\u00f6netim Kurulu, 6.\u00a0Perakende Teknolojileri Konferans\u0131 \u00d6ncesinde Bas\u0131n Mensuplar\u0131yla Bir Araya Gelecek"},"content":{"rendered":"\t\t<div data-elementor-type=\"wp-post\" data-elementor-id=\"239\" class=\"elementor elementor-239\">\n\t\t\t\t\t\t<section class=\"elementor-section elementor-top-section elementor-element elementor-element-37e494d6 elementor-section-boxed elementor-section-height-default elementor-section-height-default\" data-id=\"37e494d6\" data-element_type=\"section\">\n\t\t\t\t\t\t<div class=\"elementor-container elementor-column-gap-default\">\n\t\t\t\t\t<div class=\"elementor-column elementor-col-100 elementor-top-column elementor-element elementor-element-3f48a51d\" data-id=\"3f48a51d\" data-element_type=\"column\">\n\t\t\t<div class=\"elementor-widget-wrap elementor-element-populated\">\n\t\t\t\t\t\t<div class=\"elementor-element elementor-element-48cd9dbb elementor-widget elementor-widget-text-editor\" data-id=\"48cd9dbb\" data-element_type=\"widget\" data-widget_type=\"text-editor.default\">\n\t\t\t\t<div class=\"elementor-widget-container\">\n\t\t\t\t\t\t\t\t\t<div class=\"td-paragraph-padding-1\"><p class=\"p1\"><b>Kategori Ma\u011fazac\u0131lar\u0131 Derne\u011fi\u00a0(KMD), T\u00fcrkiye\u2019nin en b\u00fcy\u00fck perakendecilerini teknolojinin en iyileri ile bir araya getirece\u011fi\u00a0\u201c6.\u00a0Perakende Teknolojileri Konferans\u0131\u201d\u00a0\u00f6ncesinde de\u011ferli\u00a0bas\u0131n mensuplar\u0131yla bulu\u015fuyor.<\/b><\/p><\/div><div class=\"td-paragraph-padding-1\"><p class=\"p1\">KMD Y\u00f6netim Kurulu Ba\u015fkan\u0131 Yenal G\u00f6ky\u0131ld\u0131r\u0131m\u2019\u0131n\u00a0ev sahipli\u011finde ve KMD Y\u00f6netim Kurulu \u00fcyelerinin kat\u0131l\u0131m\u0131yla 19 Eyl\u00fcl\u2019de, Intercontinental \u0130stanbul\u2019un Citronelle Salonu\u2019nda ger\u00e7ekle\u015ftirilecek olan bas\u0131n toplant\u0131s\u0131nda T\u00fcrkiye\u2019nin en \u00f6nemli perakendecileri aras\u0131nda yer alan isimler, konferans kadar sekt\u00f6rel geli\u015fmeleri de de\u011ferlendirecekler.<\/p><p class=\"p1\"><b>Bas\u0131n Toplant\u0131s\u0131na kat\u0131lacak olan Y\u00f6netim Kurulu \u00dcyelerimiz:<\/b><\/p><p class=\"p1\">Ko\u00e7ta\u015f Genel M\u00fcd\u00fcr\u00fc Alp \u00d6nder \u00d6zpamuk\u00e7u<\/p><p class=\"p1\">Sephora Genel M\u00fcd\u00fcr\u00fc Arif Fevzi Ke\u00e7eci<\/p><p class=\"p1\">Teknosa Genel M\u00fcd\u00fcr\u00fc B\u00fclent G\u00fcrcan<\/p><p class=\"p1\">Yves Rocher Genel M\u00fcd\u00fcr\u00fc Elif Berker<\/p><p class=\"p1\">Zorlu Genel M\u00fcd\u00fcr\u00fc Erkmen Onbulak<\/p><p class=\"p1\">L\u2019Oreal Kielhl\u2019s Marka ve Perakende Direkt\u00f6r\u00fc \u0130rem Karaoda<\/p><p class=\"p1\">Penti CEO\u2019su Hadi Mert Karaibrahimo\u011flu<\/p><p class=\"p1\">Ar\u00e7elik Grundig T\u00fcrkiye Y\u00f6neticisi Handen Abdurrahmano\u011flu<\/p><p class=\"p1\">Ikea CFO\u2019su Kerim Ni\u015fel<\/p><p class=\"p1\">Watsons Genel M\u00fcd\u00fcr\u00fc Muharrem Mete Yurdda\u015f<\/p><p class=\"p1\">Nebim Y\u00f6netim Kurulu \u00dcyesi Murat Demiro\u011flu<\/p><p class=\"p1\">Tekzen Y\u00f6netim Kurulu Ba\u015fkan\u0131 Murat Gigin<\/p><p class=\"p1\">Turkcell Gayrimenkul Geli\u015ftirme Y\u00f6neticisi Mustafa Akdo\u011fan<\/p><p class=\"p1\">DR Genel M\u00fcd\u00fcr\u00fc Mustafa Alt\u0131nda\u011f<\/p><p class=\"p1\">Vodafone Terminal Operasyon Ticari Pazarlama B\u00f6l\u00fcm Ba\u015fkan\u0131 Orkan Ozan<\/p><p class=\"p1\">Mudo Y\u00f6netim Kurulu Ba\u015fkan\u0131 \u00d6mer Tavilo\u011flu<\/p><p class=\"p1\">Simport Y\u00f6netim Kurulu Ba\u015fkan\u0131 Serhan T\u0131nastepe<\/p><p class=\"p1\">Chakra Y\u00f6netim Kurulu Ba\u015fkan\u0131 Ali R\u0131za Kocaer<\/p><p class=\"p1\">Rossmann Genel M\u00fcd\u00fcr\u00fc Bilgin \u00c7ift\u00e7i<\/p><p class=\"p1\">Toypa Y\u00f6netim Kurulu Ba\u015fkan\u0131 Cem Sunman<\/p><p class=\"p1\">Karaca Y\u00f6netim Kurulu \u00dcyesi ve CEO\u2019su Fatih Karaca<\/p><p class=\"p1\">Pegasus Genel M\u00fcd\u00fcr\u00fc Mehmet Tevfik Nane<\/p><p class=\"p1\">Erciyas Hukuk Ortak Avukat Nihat Erciyas<\/p><p class=\"p1\">T\u00fcrk Telekom Sat\u0131\u015f &amp; M\u00fc\u015fteri Hizm. Genel M\u00fcd\u00fcr Yard\u0131mc\u0131s\u0131 \u00dcmit \u00d6nal<\/p><\/div>\t\t\t\t\t\t\t\t<\/div>\n\t\t\t\t<\/div>\n\t\t\t\t\t<\/div>\n\t\t<\/div>\n\t\t\t\t\t<\/div>\n\t\t<\/section>\n\t\t\t\t<\/div>\n\t\t","protected":false},"excerpt":{"rendered":"<p>Kategori Ma\u011fazac\u0131lar\u0131 Derne\u011fi\u00a0(KMD), T\u00fcrkiye\u2019nin en b\u00fcy\u00fck perakendecilerini teknolojinin en iyileri ile bir araya getirece\u011fi\u00a0\u201c6.\u00a0Perakende Teknolojileri Konferans\u0131\u201d\u00a0\u00f6ncesinde de\u011ferli\u00a0bas\u0131n mensuplar\u0131yla bulu\u015fuyor. KMD Y\u00f6netim Kurulu Ba\u015fkan\u0131 Yenal G\u00f6ky\u0131ld\u0131r\u0131m\u2019\u0131n\u00a0ev sahipli\u011finde ve KMD Y\u00f6netim Kurulu \u00fcyelerinin kat\u0131l\u0131m\u0131yla 19 Eyl\u00fcl\u2019de, Intercontinental \u0130stanbul\u2019un Citronelle Salonu\u2019nda ger\u00e7ekle\u015ftirilecek olan bas\u0131n toplant\u0131s\u0131nda T\u00fcrkiye\u2019nin en \u00f6nemli perakendecileri aras\u0131nda yer alan isimler, konferans kadar sekt\u00f6rel geli\u015fmeleri de [&hellip;]<\/p>\n","protected":false},"author":1,"featured_media":240,"comment_status":"open","ping_status":"open","sticky":false,"template":"","format":"standard","meta":{"footnotes":""},"categories":[17],"tags":[],"class_list":{"0":"post-239","1":"post","2":"type-post","3":"status-publish","4":"format-standard","5":"has-post-thumbnail","7":"category-haberler"},"_links":{"self":[{"href":"https:\/\/www.zincirmagazalar.org\/index.php?rest_route=\/wp\/v2\/posts\/239","targetHints":{"allow":["GET"]}}],"collection":[{"href":"https:\/\/www.zincirmagazalar.org\/index.php?rest_route=\/wp\/v2\/posts"}],"about":[{"href":"https:\/\/www.zincirmagazalar.org\/index.php?rest_route=\/wp\/v2\/types\/post"}],"author":[{"embeddable":true,"href":"https:\/\/www.zincirmagazalar.org\/index.php?rest_route=\/wp\/v2\/users\/1"}],"replies":[{"embeddable":true,"href":"https:\/\/www.zincirmagazalar.org\/index.php?rest_route=%2Fwp%2Fv2%2Fcomments&post=239"}],"version-history":[{"count":2,"href":"https:\/\/www.zincirmagazalar.org\/index.php?rest_route=\/wp\/v2\/posts\/239\/revisions"}],"predecessor-version":[{"id":242,"href":"https:\/\/www.zincirmagazalar.org\/index.php?rest_route=\/wp\/v2\/posts\/239\/revisions\/242"}],"wp:featuredmedia":[{"embeddable":true,"href":"https:\/\/www.zincirmagazalar.org\/index.php?rest_route=\/wp\/v2\/media\/240"}],"wp:attachment":[{"href":"https:\/\/www.zincirmagazalar.org\/index.php?rest_route=%2Fwp%2Fv2%2Fmedia&parent=239"}],"wp:term":[{"taxonomy":"category","embeddable":true,"href":"https:\/\/www.zincirmagazalar.org\/index.php?rest_route=%2Fwp%2Fv2%2Fcategories&post=239"},{"taxonomy":"post_tag","embeddable":true,"href":"https:\/\/www.zincirmagazalar.org\/index.php?rest_route=%2Fwp%2Fv2%2Ftags&post=239"}],"curies":[{"name":"wp","href":"https:\/\/api.w.org\/{rel}","templated":true}]}}