{"id":2382,"date":"2022-03-25T11:39:25","date_gmt":"2022-03-25T11:39:25","guid":{"rendered":"https:\/\/www.zincirmagazalar.org\/?p=2382"},"modified":"2022-03-25T11:40:42","modified_gmt":"2022-03-25T11:40:42","slug":"guven-endeksi-hizmet-perakende-ticaret-ve-insaat-sektorlerinde-dustu-2","status":"publish","type":"post","link":"https:\/\/www.zincirmagazalar.org\/?p=2382","title":{"rendered":"G\u00fcven Endeksi, Hizmet, Perakende Ticaret ve \u0130n\u015faat Sekt\u00f6rlerinde D\u00fc\u015ft\u00fc"},"content":{"rendered":"\t\t<div data-elementor-type=\"wp-post\" data-elementor-id=\"2382\" class=\"elementor elementor-2382\">\n\t\t\t\t\t\t<section class=\"elementor-section elementor-top-section elementor-element elementor-element-37e494d6 elementor-section-boxed elementor-section-height-default elementor-section-height-default\" data-id=\"37e494d6\" data-element_type=\"section\">\n\t\t\t\t\t\t<div class=\"elementor-container elementor-column-gap-default\">\n\t\t\t\t\t<div class=\"elementor-column elementor-col-100 elementor-top-column elementor-element elementor-element-3f48a51d\" data-id=\"3f48a51d\" data-element_type=\"column\">\n\t\t\t<div class=\"elementor-widget-wrap elementor-element-populated\">\n\t\t\t\t\t\t<div class=\"elementor-element elementor-element-48cd9dbb elementor-widget elementor-widget-text-editor\" data-id=\"48cd9dbb\" data-element_type=\"widget\" data-widget_type=\"text-editor.default\">\n\t\t\t\t<div class=\"elementor-widget-container\">\n\t\t\t\t\t\t\t\t\t<p><strong>T\u00dc\u0130K, Hizmet, Perakende Ticaret ve \u0130n\u015faat G\u00fcven Endeksleri, Mart 2022 verilerini a\u00e7\u0131klad\u0131. Buna g\u00f6re, g\u00fcven endeksi hizmet, perakende ticaret ve in\u015faat sekt\u00f6rlerinde d\u00fc\u015ft\u00fc.<\/strong><\/p><p>T\u00dc\u0130K verilerine g\u00f6re, mevsim etkilerinden ar\u0131nd\u0131r\u0131lm\u0131\u015f g\u00fcven endeksi Mart ay\u0131nda bir \u00f6nceki aya g\u00f6re; hizmet sekt\u00f6r\u00fcnde %6,2, perakende ticaret sekt\u00f6r\u00fcnde %3,1 ve in\u015faat sekt\u00f6r\u00fcnde %2 azald\u0131. Sekt\u00f6rel endeksler \u015eubat ay\u0131nda da gerilemi\u015fti.<\/p><p><img fetchpriority=\"high\" decoding=\"async\" class=\"wp-image-2385 size-full aligncenter\" src=\"https:\/\/www.zincirmagazalar.org\/wp-content\/uploads\/2022\/03\/sekto\u0308rel-guven-mart-2.jpg\" alt=\"\" width=\"750\" height=\"262\" srcset=\"https:\/\/www.zincirmagazalar.org\/wp-content\/uploads\/2022\/03\/sekto\u0308rel-guven-mart-2.jpg 750w, https:\/\/www.zincirmagazalar.org\/wp-content\/uploads\/2022\/03\/sekto\u0308rel-guven-mart-2-300x105.jpg 300w, https:\/\/www.zincirmagazalar.org\/wp-content\/uploads\/2022\/03\/sekto\u0308rel-guven-mart-2-696x243.jpg 696w\" sizes=\"(max-width: 750px) 100vw, 750px\" \/> <img decoding=\"async\" class=\"wp-image-2386 size-full aligncenter\" src=\"https:\/\/www.zincirmagazalar.org\/wp-content\/uploads\/2022\/03\/sekto\u0308rel-guven-mart-1.jpg\" alt=\"\" width=\"822\" height=\"332\" srcset=\"https:\/\/www.zincirmagazalar.org\/wp-content\/uploads\/2022\/03\/sekto\u0308rel-guven-mart-1.jpg 822w, https:\/\/www.zincirmagazalar.org\/wp-content\/uploads\/2022\/03\/sekto\u0308rel-guven-mart-1-300x121.jpg 300w, https:\/\/www.zincirmagazalar.org\/wp-content\/uploads\/2022\/03\/sekto\u0308rel-guven-mart-1-768x310.jpg 768w, https:\/\/www.zincirmagazalar.org\/wp-content\/uploads\/2022\/03\/sekto\u0308rel-guven-mart-1-696x281.jpg 696w\" sizes=\"(max-width: 822px) 100vw, 822px\" \/><\/p><p>Mevsim etkilerinden ar\u0131nd\u0131r\u0131lm\u0131\u015f g\u00fcven endeksi \u015eubat ay\u0131nda bir \u00f6nceki aya g\u00f6re; hizmet sekt\u00f6r\u00fcnde y\u00fczde 1,2, perakende ticaret sekt\u00f6r\u00fcnde y\u00fczde 3,8 ve in\u015faat sekt\u00f6r\u00fcnde y\u00fczde 3,3 azalm\u0131\u015ft\u0131.<\/p>\t\t\t\t\t\t\t\t<\/div>\n\t\t\t\t<\/div>\n\t\t\t\t\t<\/div>\n\t\t<\/div>\n\t\t\t\t\t<\/div>\n\t\t<\/section>\n\t\t\t\t<\/div>\n\t\t","protected":false},"excerpt":{"rendered":"<p>T\u00dc\u0130K, Hizmet, Perakende Ticaret ve \u0130n\u015faat G\u00fcven Endeksleri, Mart 2022 verilerini a\u00e7\u0131klad\u0131. Buna g\u00f6re, g\u00fcven endeksi hizmet, perakende ticaret ve in\u015faat sekt\u00f6rlerinde d\u00fc\u015ft\u00fc. T\u00dc\u0130K verilerine g\u00f6re, mevsim etkilerinden ar\u0131nd\u0131r\u0131lm\u0131\u015f g\u00fcven endeksi Mart ay\u0131nda bir \u00f6nceki aya g\u00f6re; hizmet sekt\u00f6r\u00fcnde %6,2, perakende ticaret sekt\u00f6r\u00fcnde %3,1 ve in\u015faat sekt\u00f6r\u00fcnde %2 azald\u0131. Sekt\u00f6rel endeksler \u015eubat ay\u0131nda da gerilemi\u015fti. [&hellip;]<\/p>\n","protected":false},"author":2,"featured_media":2383,"comment_status":"open","ping_status":"open","sticky":false,"template":"","format":"standard","meta":{"footnotes":""},"categories":[17],"tags":[],"class_list":{"0":"post-2382","1":"post","2":"type-post","3":"status-publish","4":"format-standard","5":"has-post-thumbnail","7":"category-haberler"},"_links":{"self":[{"href":"https:\/\/www.zincirmagazalar.org\/index.php?rest_route=\/wp\/v2\/posts\/2382","targetHints":{"allow":["GET"]}}],"collection":[{"href":"https:\/\/www.zincirmagazalar.org\/index.php?rest_route=\/wp\/v2\/posts"}],"about":[{"href":"https:\/\/www.zincirmagazalar.org\/index.php?rest_route=\/wp\/v2\/types\/post"}],"author":[{"embeddable":true,"href":"https:\/\/www.zincirmagazalar.org\/index.php?rest_route=\/wp\/v2\/users\/2"}],"replies":[{"embeddable":true,"href":"https:\/\/www.zincirmagazalar.org\/index.php?rest_route=%2Fwp%2Fv2%2Fcomments&post=2382"}],"version-history":[{"count":5,"href":"https:\/\/www.zincirmagazalar.org\/index.php?rest_route=\/wp\/v2\/posts\/2382\/revisions"}],"predecessor-version":[{"id":2390,"href":"https:\/\/www.zincirmagazalar.org\/index.php?rest_route=\/wp\/v2\/posts\/2382\/revisions\/2390"}],"wp:featuredmedia":[{"embeddable":true,"href":"https:\/\/www.zincirmagazalar.org\/index.php?rest_route=\/wp\/v2\/media\/2383"}],"wp:attachment":[{"href":"https:\/\/www.zincirmagazalar.org\/index.php?rest_route=%2Fwp%2Fv2%2Fmedia&parent=2382"}],"wp:term":[{"taxonomy":"category","embeddable":true,"href":"https:\/\/www.zincirmagazalar.org\/index.php?rest_route=%2Fwp%2Fv2%2Fcategories&post=2382"},{"taxonomy":"post_tag","embeddable":true,"href":"https:\/\/www.zincirmagazalar.org\/index.php?rest_route=%2Fwp%2Fv2%2Ftags&post=2382"}],"curies":[{"name":"wp","href":"https:\/\/api.w.org\/{rel}","templated":true}]}}