{"id":2364,"date":"2022-03-21T12:31:32","date_gmt":"2022-03-21T12:31:32","guid":{"rendered":"https:\/\/www.zincirmagazalar.org\/?p=2364"},"modified":"2022-03-21T12:32:13","modified_gmt":"2022-03-21T12:32:13","slug":"amazon-yuksek-teknolojili-giyim-magazalari-acmaya-hazirlaniyor","status":"publish","type":"post","link":"https:\/\/www.zincirmagazalar.org\/?p=2364","title":{"rendered":"Amazon Y\u00fcksek Teknolojili Giyim Ma\u011fazalar\u0131 A\u00e7maya Haz\u0131rlan\u0131yor"},"content":{"rendered":"\t\t<div data-elementor-type=\"wp-post\" data-elementor-id=\"2364\" class=\"elementor elementor-2364\">\n\t\t\t\t\t\t<section class=\"elementor-section elementor-top-section elementor-element elementor-element-37e494d6 elementor-section-boxed elementor-section-height-default elementor-section-height-default\" data-id=\"37e494d6\" data-element_type=\"section\">\n\t\t\t\t\t\t<div class=\"elementor-container elementor-column-gap-default\">\n\t\t\t\t\t<div class=\"elementor-column elementor-col-100 elementor-top-column elementor-element elementor-element-3f48a51d\" data-id=\"3f48a51d\" data-element_type=\"column\">\n\t\t\t<div class=\"elementor-widget-wrap elementor-element-populated\">\n\t\t\t\t\t\t<div class=\"elementor-element elementor-element-48cd9dbb elementor-widget elementor-widget-text-editor\" data-id=\"48cd9dbb\" data-element_type=\"widget\" data-widget_type=\"text-editor.default\">\n\t\t\t\t<div class=\"elementor-widget-container\">\n\t\t\t\t\t\t\t\t\t<p><strong>Daha \u00f6nce g\u0131da perakendesi ve kitap ma\u011fazalar\u0131 ile fiziksel perakende formatlar\u0131n\u0131 deneyen Amazon, bu y\u0131l Amazon Style ad\u0131yla giyim ma\u011fazalar\u0131 a\u00e7aca\u011f\u0131n\u0131 duyurdu. <\/strong><\/p><p>Giyim sat\u0131\u015flar\u0131ndaki pay\u0131n\u0131 artt\u0131rmak i\u00e7in y\u0131llad\u0131r u\u011fra\u015fan Amazon, 2020 y\u0131l\u0131nda pandeminin de etkisiyle Amerika\u2019da 1 numaral\u0131 haz\u0131r giyim perakendecisi olarak Walmart&#8217;\u0131 geride b\u0131rakt\u0131. Amazon&#8217;un ABD&#8217;deki giyim ve ayakkab\u0131 sat\u0131\u015flar\u0131n\u0131n 2020&#8217;de yakla\u015f\u0131k %15 artarak 41 milyar dolar\u0131 a\u015ft\u0131\u011f\u0131n\u0131 tahmin ediliyor. Amazon, pop\u00fcler markalar\u0131 ve kendi \u00f6zel markal\u0131 \u00fcr\u00fcnlerini satarak \u00e7evrimi\u00e7i giyimde ba\u015far\u0131y\u0131 yakalad\u0131. Son y\u0131llarda, \u00e7evrimi\u00e7i l\u00fcks moda ma\u011fazalar\u0131 da a\u00e7arak \u00fcst pazara ta\u015f\u0131nd\u0131. \u015eimdiyse Amazon Style ma\u011fazalar\u0131yla giyimi de fiziksel perakende format\u0131na ta\u015f\u0131yor.<\/p><p>Amazon Style&#8217;\u0131n Genel M\u00fcd\u00fcr\u00fc Simoina Vasen, yeni a\u00e7\u0131lacak olan ma\u011fazalar\u0131n skalas\u0131yla ilgili yapt\u0131\u011f\u0131 a\u00e7\u0131klamada, \u201c10 dolarl\u0131k temel par\u00e7alardan tasar\u0131mc\u0131 kot pantolonlar\u0131na ve 400 dolarl\u0131k zamans\u0131z par\u00e7alara kadar her \u015feyi bulacaks\u0131n\u0131z\u201d \u015feklinde konu\u015ftu. Yeni ma\u011faza konsepti \u00fcr\u00fcnlerin yan\u0131 s\u0131ra \u00fcr\u00fcn sergileme format\u0131 ve y\u00fcksek teknoloji \u00fcr\u00fcn\u00fc soyunma odalar\u0131 ile dikkat \u00e7ekecek gibi g\u00f6r\u00fcn\u00fcyor.<\/p><p>Amazon Style ma\u011fazalar\u0131, geni\u015f bir m\u00fc\u015fteri kitlesine hitap eden fiyatlarla, tan\u0131nm\u0131\u015f ve geli\u015fmekte olan markalar\u0131n kar\u0131\u015f\u0131m\u0131ndan olu\u015fan koleksiyonlar sunacak ve y\u00fcksek teknoloji \u00fcr\u00fcn\u00fc soyunma odalar\u0131n\u0131 bar\u0131nd\u0131racak. \u0130lki Los Angeles, Glendale\u2019de a\u00e7\u0131lacak olan ma\u011faza, Amazon\u2019u bir giyim destinasyonu olarak g\u00f6rmeyen m\u00fc\u015fterileri de \u00e7ekmeyi hedefliyor.<\/p><p><strong>Y\u00fcksek Teknolojili Bir Al\u0131\u015fveri\u015f Deneyimi<\/strong><br \/>Amazon, giyim ma\u011fazalar\u0131ndaki teknoloji hamlesi sayesinde soyunma odas\u0131 gibi geleneksel perakende ma\u011fazalar\u0131nda bulunan baz\u0131 s\u0131k\u0131nt\u0131l\u0131 noktalar\u0131 d\u00fczeltmeyi ve sat\u0131\u015f alanlar\u0131n\u0131n da\u011f\u0131n\u0131k g\u00f6r\u00fcnmesine neden olabilecek sorunlar\u0131 azaltmay\u0131 umuyor. Al\u0131\u015fveri\u015f yapanlar, ma\u011fazaya g\u00f6z atmak i\u00e7in b\u00fcy\u00fck \u00f6l\u00e7\u00fcde ak\u0131ll\u0131 telefonlar\u0131na g\u00fcvenecekler \u00e7\u00fcnk\u00fc ma\u011fazaya girdiklerinde, belirli bir \u00fcr\u00fcn\u00fcn yaln\u0131zca bir boyutunu ve rengini i\u00e7eren &#8220;te\u015fhir \u00fcr\u00fcnleri&#8221; g\u00f6rebilecekler. Her \u00fcr\u00fcn i\u00e7in kalan envanter, ma\u011fazan\u0131n arkas\u0131nda tutulacak.<\/p><p>Bir ak\u0131ll\u0131 telefondan Amazon uygulamas\u0131na giri\u015f yap\u0131ld\u0131ktan sonra, t\u00fcm bedenler, renkler, \u00fcr\u00fcn puanlar\u0131 ve ki\u015fiselle\u015ftirilmi\u015f \u00f6neriler g\u00f6r\u00fclebilecek. Amazon Style Genel M\u00fcd\u00fcr\u00fc Simoina Vasen bunun sebebini \u015f\u00f6yle a\u00e7\u0131kl\u0131yor: \u201cM\u00fc\u015fterilerin do\u011fru rengi, bedeni ve uyumu bulmak i\u00e7in raflar\u0131 g\u00f6zden ge\u00e7irmesine gerek kalmadan daha fazla se\u00e7enek sunuyoruz.\u201d<\/p><p>Bir \u00fcr\u00fcndeki QR kodunu tarad\u0131ktan sonra, m\u00fc\u015fteriler \u00fcr\u00fcn\u00fc soyunma odas\u0131na eklemek veya teslim alma tezgah\u0131na g\u00f6ndermek i\u00e7in Amazon uygulamas\u0131ndaki bir d\u00fc\u011fmeye t\u0131kl\u0131yor. Soyunma odalar\u0131nda ise m\u00fc\u015fterilerin \u00fcr\u00fcnleri derecelendirmek veya soyunma odalar\u0131na teslim edilmek \u00fczere farkl\u0131 renkler veya bedenler talep etmek i\u00e7in kullanabilecekleri dokunmatik ekranlar bulunuyor.<\/p><p>Talep edilen her bir par\u00e7a, soyunma odas\u0131ndaki &#8220;g\u00fcvenli dolaba&#8221; b\u0131rak\u0131l\u0131yor ve bu dolab\u0131n kilidi, bir ma\u011faza \u00e7al\u0131\u015fan\u0131 giysileri teslim ettikten sonra a\u00e7\u0131l\u0131yor. Amazon bu ayr\u0131nt\u0131n\u0131n, m\u00fc\u015fterilerin soyunma odas\u0131ndan \u00e7\u0131k\u0131p bir \u00e7al\u0131\u015fan bulmak zorunda kalmadan al\u0131\u015fveri\u015fe devam etmelerini sa\u011flad\u0131\u011f\u0131n\u0131 belirtiyor.<\/p><p>M\u00fc\u015fteri \u00fcr\u00fcn\u00fc almaya karar verdikten sonra, \u00f6deme s\u0131ras\u0131nda Amazon&#8217;un avu\u00e7 i\u00e7i tarama sistemi Amazon One&#8217;\u0131 kullanabilecek.<\/p><p>Amazon&#8217;un di\u011fer fiziksel perakende konseptlerinde oldu\u011fu gibi, Amazon Style ma\u011fazalar\u0131 da \u015firketin \u00e7evrimi\u00e7i ve \u00e7evrimd\u0131\u015f\u0131 al\u0131\u015fveri\u015f deneyimini harmanlamaya \u00e7al\u0131\u015f\u0131yor.<\/p>\t\t\t\t\t\t\t\t<\/div>\n\t\t\t\t<\/div>\n\t\t\t\t\t<\/div>\n\t\t<\/div>\n\t\t\t\t\t<\/div>\n\t\t<\/section>\n\t\t\t\t<\/div>\n\t\t","protected":false},"excerpt":{"rendered":"<p>Daha \u00f6nce g\u0131da perakendesi ve kitap ma\u011fazalar\u0131 ile fiziksel perakende formatlar\u0131n\u0131 deneyen Amazon, bu y\u0131l Amazon Style ad\u0131yla giyim ma\u011fazalar\u0131 a\u00e7aca\u011f\u0131n\u0131 duyurdu. Giyim sat\u0131\u015flar\u0131ndaki pay\u0131n\u0131 artt\u0131rmak i\u00e7in y\u0131llad\u0131r u\u011fra\u015fan Amazon, 2020 y\u0131l\u0131nda pandeminin de etkisiyle Amerika\u2019da 1 numaral\u0131 haz\u0131r giyim perakendecisi olarak Walmart&#8217;\u0131 geride b\u0131rakt\u0131. Amazon&#8217;un ABD&#8217;deki giyim ve ayakkab\u0131 sat\u0131\u015flar\u0131n\u0131n 2020&#8217;de yakla\u015f\u0131k %15 artarak [&hellip;]<\/p>\n","protected":false},"author":2,"featured_media":2365,"comment_status":"open","ping_status":"open","sticky":false,"template":"","format":"standard","meta":{"footnotes":""},"categories":[17],"tags":[],"class_list":{"0":"post-2364","1":"post","2":"type-post","3":"status-publish","4":"format-standard","5":"has-post-thumbnail","7":"category-haberler"},"_links":{"self":[{"href":"https:\/\/www.zincirmagazalar.org\/index.php?rest_route=\/wp\/v2\/posts\/2364","targetHints":{"allow":["GET"]}}],"collection":[{"href":"https:\/\/www.zincirmagazalar.org\/index.php?rest_route=\/wp\/v2\/posts"}],"about":[{"href":"https:\/\/www.zincirmagazalar.org\/index.php?rest_route=\/wp\/v2\/types\/post"}],"author":[{"embeddable":true,"href":"https:\/\/www.zincirmagazalar.org\/index.php?rest_route=\/wp\/v2\/users\/2"}],"replies":[{"embeddable":true,"href":"https:\/\/www.zincirmagazalar.org\/index.php?rest_route=%2Fwp%2Fv2%2Fcomments&post=2364"}],"version-history":[{"count":4,"href":"https:\/\/www.zincirmagazalar.org\/index.php?rest_route=\/wp\/v2\/posts\/2364\/revisions"}],"predecessor-version":[{"id":2369,"href":"https:\/\/www.zincirmagazalar.org\/index.php?rest_route=\/wp\/v2\/posts\/2364\/revisions\/2369"}],"wp:featuredmedia":[{"embeddable":true,"href":"https:\/\/www.zincirmagazalar.org\/index.php?rest_route=\/wp\/v2\/media\/2365"}],"wp:attachment":[{"href":"https:\/\/www.zincirmagazalar.org\/index.php?rest_route=%2Fwp%2Fv2%2Fmedia&parent=2364"}],"wp:term":[{"taxonomy":"category","embeddable":true,"href":"https:\/\/www.zincirmagazalar.org\/index.php?rest_route=%2Fwp%2Fv2%2Fcategories&post=2364"},{"taxonomy":"post_tag","embeddable":true,"href":"https:\/\/www.zincirmagazalar.org\/index.php?rest_route=%2Fwp%2Fv2%2Ftags&post=2364"}],"curies":[{"name":"wp","href":"https:\/\/api.w.org\/{rel}","templated":true}]}}