{"id":2355,"date":"2022-03-11T10:48:22","date_gmt":"2022-03-11T10:48:22","guid":{"rendered":"https:\/\/www.zincirmagazalar.org\/?p=2355"},"modified":"2022-03-11T10:49:17","modified_gmt":"2022-03-11T10:49:17","slug":"perakende-satis-hacmi-ocakta-yillik-79-artti","status":"publish","type":"post","link":"https:\/\/www.zincirmagazalar.org\/?p=2355","title":{"rendered":"Perakende Sat\u0131\u015f Hacmi Ocak\u2019ta Y\u0131ll\u0131k %7,9 Artt\u0131"},"content":{"rendered":"\t\t<div data-elementor-type=\"wp-post\" data-elementor-id=\"2355\" class=\"elementor elementor-2355\">\n\t\t\t\t\t\t<section class=\"elementor-section elementor-top-section elementor-element elementor-element-37e494d6 elementor-section-boxed elementor-section-height-default elementor-section-height-default\" data-id=\"37e494d6\" data-element_type=\"section\">\n\t\t\t\t\t\t<div class=\"elementor-container elementor-column-gap-default\">\n\t\t\t\t\t<div class=\"elementor-column elementor-col-100 elementor-top-column elementor-element elementor-element-3f48a51d\" data-id=\"3f48a51d\" data-element_type=\"column\">\n\t\t\t<div class=\"elementor-widget-wrap elementor-element-populated\">\n\t\t\t\t\t\t<div class=\"elementor-element elementor-element-48cd9dbb elementor-widget elementor-widget-text-editor\" data-id=\"48cd9dbb\" data-element_type=\"widget\" data-widget_type=\"text-editor.default\">\n\t\t\t\t<div class=\"elementor-widget-container\">\n\t\t\t\t\t\t\t\t\t<p><strong>T\u00fcrkiye \u0130statistik Kurumu, Ocak ay\u0131na ili\u015fkin perakende sat\u0131\u015f endekslerini a\u00e7\u0131klad\u0131. Ocak ay\u0131nda perakende sat\u0131\u015f hacmi bir \u00f6nceki aya g\u00f6re %1,5 d\u00fc\u015ferken y\u0131ll\u0131k %7,9 artt\u0131. Toplam ciro y\u0131ll\u0131k %90,9 art\u0131\u015f g\u00f6sterdi.<\/strong><\/p><p>Sabit fiyatlarla perakende sat\u0131\u015f hacmi (2015=100) 2022 y\u0131l\u0131 Ocak ay\u0131nda bir \u00f6nceki y\u0131l\u0131n ayn\u0131 ay\u0131na g\u00f6re %7,9 artt\u0131. Ayn\u0131 ayda g\u0131da, i\u00e7ecek ve t\u00fct\u00fcn sat\u0131\u015flar\u0131 %0,5, g\u0131da d\u0131\u015f\u0131 sat\u0131\u015flar (otomotiv yak\u0131t\u0131 hari\u00e7) %15,8 artarken, otomotiv yak\u0131t\u0131 sat\u0131\u015flar\u0131 %0,4 azald\u0131.<\/p><p><strong>Perakende Sat\u0131\u015f Hacmi Ayl\u0131k %1,5 Azald\u0131<\/strong><br \/>Sabit fiyatlarla perakende sat\u0131\u015f hacmi (2015=100) 2022 y\u0131l\u0131 Ocak ay\u0131nda bir \u00f6nceki aya g\u00f6re %1,5 azald\u0131. Ayn\u0131 ayda g\u0131da d\u0131\u015f\u0131 sat\u0131\u015flar (otomotiv yak\u0131t\u0131 hari\u00e7) %2,1, otomotiv yak\u0131t\u0131 sat\u0131\u015flar\u0131 %2,6 azal\u0131rken, g\u0131da, i\u00e7ecek ve t\u00fct\u00fcn sat\u0131\u015flar\u0131 %0,4 artt\u0131.<\/p><p><strong>Perakende Ciro Y\u0131ll\u0131k %73,9 Artt\u0131<\/strong><br \/>Cari fiyatlarla perakende ciro (2015=100) 2022 y\u0131l\u0131 Ocak ay\u0131nda bir \u00f6nceki y\u0131l\u0131n ayn\u0131 ay\u0131na g\u00f6re %73,9 artt\u0131. Ayn\u0131 ayda g\u0131da, i\u00e7ecek ve t\u00fct\u00fcn sat\u0131\u015flar\u0131 %53,5, g\u0131da d\u0131\u015f\u0131 sat\u0131\u015flar (otomotiv yak\u0131t\u0131 hari\u00e7) %77,8, otomotiv yak\u0131t\u0131 sat\u0131\u015flar\u0131 %106,1 artt\u0131.<\/p><p><strong>Perakende Ciro Ayl\u0131k %7,0 Artt\u0131<\/strong><br \/>Cari fiyatlarla perakende ciro (2015=100) 2022 y\u0131l\u0131 Ocak ay\u0131nda bir \u00f6nceki aya g\u00f6re %7,0 artt\u0131. Ayn\u0131 ayda g\u0131da, i\u00e7ecek ve t\u00fct\u00fcn sat\u0131\u015flar\u0131 %7,8, g\u0131da d\u0131\u015f\u0131 sat\u0131\u015flar (otomotiv yak\u0131t\u0131 hari\u00e7) %5,0, otomotiv yak\u0131t\u0131 sat\u0131\u015flar\u0131 %11,9 artt\u0131.<\/p>\t\t\t\t\t\t\t\t<\/div>\n\t\t\t\t<\/div>\n\t\t\t\t\t<\/div>\n\t\t<\/div>\n\t\t\t\t\t<\/div>\n\t\t<\/section>\n\t\t\t\t<\/div>\n\t\t","protected":false},"excerpt":{"rendered":"<p>T\u00fcrkiye \u0130statistik Kurumu, Ocak ay\u0131na ili\u015fkin perakende sat\u0131\u015f endekslerini a\u00e7\u0131klad\u0131. Ocak ay\u0131nda perakende sat\u0131\u015f hacmi bir \u00f6nceki aya g\u00f6re %1,5 d\u00fc\u015ferken y\u0131ll\u0131k %7,9 artt\u0131. Toplam ciro y\u0131ll\u0131k %90,9 art\u0131\u015f g\u00f6sterdi. Sabit fiyatlarla perakende sat\u0131\u015f hacmi (2015=100) 2022 y\u0131l\u0131 Ocak ay\u0131nda bir \u00f6nceki y\u0131l\u0131n ayn\u0131 ay\u0131na g\u00f6re %7,9 artt\u0131. Ayn\u0131 ayda g\u0131da, i\u00e7ecek ve t\u00fct\u00fcn sat\u0131\u015flar\u0131 [&hellip;]<\/p>\n","protected":false},"author":2,"featured_media":2357,"comment_status":"open","ping_status":"open","sticky":false,"template":"","format":"standard","meta":{"footnotes":""},"categories":[17],"tags":[],"class_list":{"0":"post-2355","1":"post","2":"type-post","3":"status-publish","4":"format-standard","5":"has-post-thumbnail","7":"category-haberler"},"_links":{"self":[{"href":"https:\/\/www.zincirmagazalar.org\/index.php?rest_route=\/wp\/v2\/posts\/2355","targetHints":{"allow":["GET"]}}],"collection":[{"href":"https:\/\/www.zincirmagazalar.org\/index.php?rest_route=\/wp\/v2\/posts"}],"about":[{"href":"https:\/\/www.zincirmagazalar.org\/index.php?rest_route=\/wp\/v2\/types\/post"}],"author":[{"embeddable":true,"href":"https:\/\/www.zincirmagazalar.org\/index.php?rest_route=\/wp\/v2\/users\/2"}],"replies":[{"embeddable":true,"href":"https:\/\/www.zincirmagazalar.org\/index.php?rest_route=%2Fwp%2Fv2%2Fcomments&post=2355"}],"version-history":[{"count":5,"href":"https:\/\/www.zincirmagazalar.org\/index.php?rest_route=\/wp\/v2\/posts\/2355\/revisions"}],"predecessor-version":[{"id":2362,"href":"https:\/\/www.zincirmagazalar.org\/index.php?rest_route=\/wp\/v2\/posts\/2355\/revisions\/2362"}],"wp:featuredmedia":[{"embeddable":true,"href":"https:\/\/www.zincirmagazalar.org\/index.php?rest_route=\/wp\/v2\/media\/2357"}],"wp:attachment":[{"href":"https:\/\/www.zincirmagazalar.org\/index.php?rest_route=%2Fwp%2Fv2%2Fmedia&parent=2355"}],"wp:term":[{"taxonomy":"category","embeddable":true,"href":"https:\/\/www.zincirmagazalar.org\/index.php?rest_route=%2Fwp%2Fv2%2Fcategories&post=2355"},{"taxonomy":"post_tag","embeddable":true,"href":"https:\/\/www.zincirmagazalar.org\/index.php?rest_route=%2Fwp%2Fv2%2Ftags&post=2355"}],"curies":[{"name":"wp","href":"https:\/\/api.w.org\/{rel}","templated":true}]}}