{"id":2266,"date":"2022-01-25T11:17:35","date_gmt":"2022-01-25T11:17:35","guid":{"rendered":"https:\/\/www.zincirmagazalar.org\/?p=2266"},"modified":"2022-01-25T12:59:47","modified_gmt":"2022-01-25T12:59:47","slug":"sektorel-guven-hizmet-ve-perakendede-artti-insaatta-azaldi","status":"publish","type":"post","link":"https:\/\/www.zincirmagazalar.org\/?p=2266","title":{"rendered":"Sekt\u00f6rel G\u00fcven Hizmet ve Perakendede Artt\u0131, \u0130n\u015faatta Azald\u0131"},"content":{"rendered":"\t\t<div data-elementor-type=\"wp-post\" data-elementor-id=\"2266\" class=\"elementor elementor-2266\">\n\t\t\t\t\t\t<section class=\"elementor-section elementor-top-section elementor-element elementor-element-37e494d6 elementor-section-boxed elementor-section-height-default elementor-section-height-default\" data-id=\"37e494d6\" data-element_type=\"section\">\n\t\t\t\t\t\t<div class=\"elementor-container elementor-column-gap-default\">\n\t\t\t\t\t<div class=\"elementor-column elementor-col-100 elementor-top-column elementor-element elementor-element-3f48a51d\" data-id=\"3f48a51d\" data-element_type=\"column\">\n\t\t\t<div class=\"elementor-widget-wrap elementor-element-populated\">\n\t\t\t\t\t\t<div class=\"elementor-element elementor-element-48cd9dbb elementor-widget elementor-widget-text-editor\" data-id=\"48cd9dbb\" data-element_type=\"widget\" data-widget_type=\"text-editor.default\">\n\t\t\t\t<div class=\"elementor-widget-container\">\n\t\t\t\t\t\t\t\t\t<p><strong>T\u00fcrkiye \u0130statistik Kurumu (T\u00dc\u0130K), 2022 y\u0131l\u0131 Ocak ay\u0131 Hizmet, Perakende Ticaret ve \u0130n\u015faat G\u00fcven Endeksleri verisini a\u00e7\u0131klad\u0131. <\/strong><\/p><p>Sekt\u00f6rel G\u00fcven Endeksi 2022 Ocak ay\u0131nda 2021 Aral\u0131k ay\u0131na g\u00f6re; hizmet sekt\u00f6r\u00fcnde y\u00fczde 1,2 ve perakende ticaret sekt\u00f6r\u00fcnde y\u00fczde 2,5 artarken, in\u015faat sekt\u00f6r\u00fcnde y\u00fczde 5,0 azald\u0131.<\/p><p><img fetchpriority=\"high\" decoding=\"async\" class=\"wp-image-2267 size-full aligncenter\" src=\"https:\/\/www.zincirmagazalar.org\/wp-content\/uploads\/2022\/01\/tuik-tuketici-guven-ocak2022-1.jpg\" alt=\"\" width=\"822\" height=\"332\" srcset=\"https:\/\/www.zincirmagazalar.org\/wp-content\/uploads\/2022\/01\/tuik-tuketici-guven-ocak2022-1.jpg 822w, https:\/\/www.zincirmagazalar.org\/wp-content\/uploads\/2022\/01\/tuik-tuketici-guven-ocak2022-1-300x121.jpg 300w, https:\/\/www.zincirmagazalar.org\/wp-content\/uploads\/2022\/01\/tuik-tuketici-guven-ocak2022-1-768x310.jpg 768w, https:\/\/www.zincirmagazalar.org\/wp-content\/uploads\/2022\/01\/tuik-tuketici-guven-ocak2022-1-696x281.jpg 696w\" sizes=\"(max-width: 822px) 100vw, 822px\" \/><\/p><p>Buna g\u00f6re, g\u00fcven endeksi hizmet ve perakende ticaret sekt\u00f6r\u00fcnde artarken, in\u015faat sekt\u00f6r\u00fcnde azald\u0131. Mevsim etkilerinden ar\u0131nd\u0131r\u0131lm\u0131\u015f g\u00fcven endeksi 2022 Ocak ay\u0131nda 2021 Aral\u0131k ay\u0131na g\u00f6re; hizmet sekt\u00f6r\u00fcnde y\u00fczde 1,2 ve perakende ticaret sekt\u00f6r\u00fcnde y\u00fczde 2,5 artarken, in\u015faat sekt\u00f6r\u00fcnde y\u00fczde 5,0 azald\u0131.<\/p><p><img decoding=\"async\" class=\"wp-image-2273 size-full aligncenter\" src=\"https:\/\/www.zincirmagazalar.org\/wp-content\/uploads\/2022\/01\/tuik-tuketici-guven-ocak2022-2.jpg\" alt=\"\" width=\"748\" height=\"262\" srcset=\"https:\/\/www.zincirmagazalar.org\/wp-content\/uploads\/2022\/01\/tuik-tuketici-guven-ocak2022-2.jpg 748w, https:\/\/www.zincirmagazalar.org\/wp-content\/uploads\/2022\/01\/tuik-tuketici-guven-ocak2022-2-300x105.jpg 300w, https:\/\/www.zincirmagazalar.org\/wp-content\/uploads\/2022\/01\/tuik-tuketici-guven-ocak2022-2-696x244.jpg 696w\" sizes=\"(max-width: 748px) 100vw, 748px\" \/><\/p>\t\t\t\t\t\t\t\t<\/div>\n\t\t\t\t<\/div>\n\t\t\t\t\t<\/div>\n\t\t<\/div>\n\t\t\t\t\t<\/div>\n\t\t<\/section>\n\t\t\t\t<\/div>\n\t\t","protected":false},"excerpt":{"rendered":"<p>T\u00fcrkiye \u0130statistik Kurumu (T\u00dc\u0130K), 2022 y\u0131l\u0131 Ocak ay\u0131 Hizmet, Perakende Ticaret ve \u0130n\u015faat G\u00fcven Endeksleri verisini a\u00e7\u0131klad\u0131. Sekt\u00f6rel G\u00fcven Endeksi 2022 Ocak ay\u0131nda 2021 Aral\u0131k ay\u0131na g\u00f6re; hizmet sekt\u00f6r\u00fcnde y\u00fczde 1,2 ve perakende ticaret sekt\u00f6r\u00fcnde y\u00fczde 2,5 artarken, in\u015faat sekt\u00f6r\u00fcnde y\u00fczde 5,0 azald\u0131. Buna g\u00f6re, g\u00fcven endeksi hizmet ve perakende ticaret sekt\u00f6r\u00fcnde artarken, in\u015faat sekt\u00f6r\u00fcnde [&hellip;]<\/p>\n","protected":false},"author":2,"featured_media":2268,"comment_status":"open","ping_status":"open","sticky":false,"template":"","format":"standard","meta":{"footnotes":""},"categories":[17],"tags":[],"class_list":{"0":"post-2266","1":"post","2":"type-post","3":"status-publish","4":"format-standard","5":"has-post-thumbnail","7":"category-haberler"},"_links":{"self":[{"href":"https:\/\/www.zincirmagazalar.org\/index.php?rest_route=\/wp\/v2\/posts\/2266","targetHints":{"allow":["GET"]}}],"collection":[{"href":"https:\/\/www.zincirmagazalar.org\/index.php?rest_route=\/wp\/v2\/posts"}],"about":[{"href":"https:\/\/www.zincirmagazalar.org\/index.php?rest_route=\/wp\/v2\/types\/post"}],"author":[{"embeddable":true,"href":"https:\/\/www.zincirmagazalar.org\/index.php?rest_route=\/wp\/v2\/users\/2"}],"replies":[{"embeddable":true,"href":"https:\/\/www.zincirmagazalar.org\/index.php?rest_route=%2Fwp%2Fv2%2Fcomments&post=2266"}],"version-history":[{"count":8,"href":"https:\/\/www.zincirmagazalar.org\/index.php?rest_route=\/wp\/v2\/posts\/2266\/revisions"}],"predecessor-version":[{"id":2277,"href":"https:\/\/www.zincirmagazalar.org\/index.php?rest_route=\/wp\/v2\/posts\/2266\/revisions\/2277"}],"wp:featuredmedia":[{"embeddable":true,"href":"https:\/\/www.zincirmagazalar.org\/index.php?rest_route=\/wp\/v2\/media\/2268"}],"wp:attachment":[{"href":"https:\/\/www.zincirmagazalar.org\/index.php?rest_route=%2Fwp%2Fv2%2Fmedia&parent=2266"}],"wp:term":[{"taxonomy":"category","embeddable":true,"href":"https:\/\/www.zincirmagazalar.org\/index.php?rest_route=%2Fwp%2Fv2%2Fcategories&post=2266"},{"taxonomy":"post_tag","embeddable":true,"href":"https:\/\/www.zincirmagazalar.org\/index.php?rest_route=%2Fwp%2Fv2%2Ftags&post=2266"}],"curies":[{"name":"wp","href":"https:\/\/api.w.org\/{rel}","templated":true}]}}