{"id":2258,"date":"2022-01-24T16:26:26","date_gmt":"2022-01-24T16:26:26","guid":{"rendered":"https:\/\/www.zincirmagazalar.org\/?p=2258"},"modified":"2022-01-24T17:10:55","modified_gmt":"2022-01-24T17:10:55","slug":"tuketici-guven-endeksi-62-oraninda-artarak-732-oldu","status":"publish","type":"post","link":"https:\/\/www.zincirmagazalar.org\/?p=2258","title":{"rendered":"T\u00fcketici G\u00fcven Endeksi %6,2 Oran\u0131nda Artarak 73,2 Oldu"},"content":{"rendered":"\t\t<div data-elementor-type=\"wp-post\" data-elementor-id=\"2258\" class=\"elementor elementor-2258\">\n\t\t\t\t\t\t<section class=\"elementor-section elementor-top-section elementor-element elementor-element-37e494d6 elementor-section-boxed elementor-section-height-default elementor-section-height-default\" data-id=\"37e494d6\" data-element_type=\"section\">\n\t\t\t\t\t\t<div class=\"elementor-container elementor-column-gap-default\">\n\t\t\t\t\t<div class=\"elementor-column elementor-col-100 elementor-top-column elementor-element elementor-element-3f48a51d\" data-id=\"3f48a51d\" data-element_type=\"column\">\n\t\t\t<div class=\"elementor-widget-wrap elementor-element-populated\">\n\t\t\t\t\t\t<div class=\"elementor-element elementor-element-48cd9dbb elementor-widget elementor-widget-text-editor\" data-id=\"48cd9dbb\" data-element_type=\"widget\" data-widget_type=\"text-editor.default\">\n\t\t\t\t<div class=\"elementor-widget-container\">\n\t\t\t\t\t\t\t\t\t<p><strong>T\u00fcrkiye \u0130statistik Kurumu (T\u00dc\u0130K) Ocak ay\u0131na ili\u015fkin t\u00fcketici g\u00fcven endeksini a\u00e7\u0131klad\u0131. Buna g\u00f6re T\u00fcketici G\u00fcven Endeksi, Ocak\u2019ta ayl\u0131k bazda y\u00fczde 6,2 artarak 73,2&#8217;ye y\u00fckseldi.<\/strong><\/p><p>T\u00fcrkiye \u0130statistik Kurumu ve T\u00fcrkiye Cumhuriyet Merkez Bankas\u0131 i\u015f birli\u011fi ile y\u00fcr\u00fct\u00fclen t\u00fcketici e\u011filim anketi sonu\u00e7lar\u0131ndan hesaplanan mevsim etkilerinden ar\u0131nd\u0131r\u0131lm\u0131\u015f T\u00fcketici G\u00fcven Endeksi, Ocak ay\u0131nda bir \u00f6nceki aya g\u00f6re %6,2 oran\u0131nda artt\u0131; Aral\u0131k ay\u0131nda 68,9 olan endeks, Ocak ay\u0131nda 73,2 oldu.<\/p><p><img fetchpriority=\"high\" decoding=\"async\" class=\"wp-image-2261 size-full aligncenter\" src=\"https:\/\/www.zincirmagazalar.org\/wp-content\/uploads\/2022\/01\/indir.jpg\" alt=\"\" width=\"739\" height=\"324\" srcset=\"https:\/\/www.zincirmagazalar.org\/wp-content\/uploads\/2022\/01\/indir.jpg 739w, https:\/\/www.zincirmagazalar.org\/wp-content\/uploads\/2022\/01\/indir-300x132.jpg 300w, https:\/\/www.zincirmagazalar.org\/wp-content\/uploads\/2022\/01\/indir-696x305.jpg 696w\" sizes=\"(max-width: 739px) 100vw, 739px\" \/><\/p><p>Ge\u00e7en 12 ayl\u0131k d\u00f6neme g\u00f6re mevcut d\u00f6nemde hanenin maddi durumu endeksi 2021 Aral\u0131k&#8217;ta 54,1 iken 2022 Ocak&#8217;ta y\u00fczde 3,6 art\u0131\u015fla 56,1&#8217;e \u00e7\u0131kt\u0131.<\/p><p>Gelecek 12 ayl\u0131k d\u00f6neme ili\u015fkin hanenin maddi durumu beklentisi endeksi 65,2&#8217;den 71,3&#8217;e y\u00fckseldi. S\u00f6z konusu d\u00f6nemler itibar\u0131yla bu endeksteki art\u0131\u015f oran\u0131 y\u00fczde 9,3 oldu.<\/p><p>Aral\u0131kta 66,7 olan gelecek 12 ayl\u0131k d\u00f6neme ili\u015fkin genel ekonomik durum beklentisi endeksi, ocakta y\u00fczde 11,8 art\u0131\u015fla 74,5 olarak ger\u00e7ekle\u015fti.<\/p><p>Ge\u00e7en 12 ayl\u0131k d\u00f6neme g\u00f6re gelecek 12 ayl\u0131k d\u00f6nemde dayan\u0131kl\u0131 t\u00fcketim mallar\u0131na harcama yapma d\u00fc\u015f\u00fcncesi endeksi aral\u0131kta 89,6 iken bu ay y\u00fczde 1,4 art\u0131\u015fla 90,9 de\u011ferini ald\u0131.<\/p>\t\t\t\t\t\t\t\t<\/div>\n\t\t\t\t<\/div>\n\t\t\t\t\t<\/div>\n\t\t<\/div>\n\t\t\t\t\t<\/div>\n\t\t<\/section>\n\t\t\t\t<\/div>\n\t\t","protected":false},"excerpt":{"rendered":"<p>T\u00fcrkiye \u0130statistik Kurumu (T\u00dc\u0130K) Ocak ay\u0131na ili\u015fkin t\u00fcketici g\u00fcven endeksini a\u00e7\u0131klad\u0131. Buna g\u00f6re T\u00fcketici G\u00fcven Endeksi, Ocak\u2019ta ayl\u0131k bazda y\u00fczde 6,2 artarak 73,2&#8217;ye y\u00fckseldi. T\u00fcrkiye \u0130statistik Kurumu ve T\u00fcrkiye Cumhuriyet Merkez Bankas\u0131 i\u015f birli\u011fi ile y\u00fcr\u00fct\u00fclen t\u00fcketici e\u011filim anketi sonu\u00e7lar\u0131ndan hesaplanan mevsim etkilerinden ar\u0131nd\u0131r\u0131lm\u0131\u015f T\u00fcketici G\u00fcven Endeksi, Ocak ay\u0131nda bir \u00f6nceki aya g\u00f6re %6,2 oran\u0131nda [&hellip;]<\/p>\n","protected":false},"author":2,"featured_media":2259,"comment_status":"open","ping_status":"open","sticky":false,"template":"","format":"standard","meta":{"footnotes":""},"categories":[17],"tags":[],"class_list":{"0":"post-2258","1":"post","2":"type-post","3":"status-publish","4":"format-standard","5":"has-post-thumbnail","7":"category-haberler"},"_links":{"self":[{"href":"https:\/\/www.zincirmagazalar.org\/index.php?rest_route=\/wp\/v2\/posts\/2258","targetHints":{"allow":["GET"]}}],"collection":[{"href":"https:\/\/www.zincirmagazalar.org\/index.php?rest_route=\/wp\/v2\/posts"}],"about":[{"href":"https:\/\/www.zincirmagazalar.org\/index.php?rest_route=\/wp\/v2\/types\/post"}],"author":[{"embeddable":true,"href":"https:\/\/www.zincirmagazalar.org\/index.php?rest_route=\/wp\/v2\/users\/2"}],"replies":[{"embeddable":true,"href":"https:\/\/www.zincirmagazalar.org\/index.php?rest_route=%2Fwp%2Fv2%2Fcomments&post=2258"}],"version-history":[{"count":5,"href":"https:\/\/www.zincirmagazalar.org\/index.php?rest_route=\/wp\/v2\/posts\/2258\/revisions"}],"predecessor-version":[{"id":2265,"href":"https:\/\/www.zincirmagazalar.org\/index.php?rest_route=\/wp\/v2\/posts\/2258\/revisions\/2265"}],"wp:featuredmedia":[{"embeddable":true,"href":"https:\/\/www.zincirmagazalar.org\/index.php?rest_route=\/wp\/v2\/media\/2259"}],"wp:attachment":[{"href":"https:\/\/www.zincirmagazalar.org\/index.php?rest_route=%2Fwp%2Fv2%2Fmedia&parent=2258"}],"wp:term":[{"taxonomy":"category","embeddable":true,"href":"https:\/\/www.zincirmagazalar.org\/index.php?rest_route=%2Fwp%2Fv2%2Fcategories&post=2258"},{"taxonomy":"post_tag","embeddable":true,"href":"https:\/\/www.zincirmagazalar.org\/index.php?rest_route=%2Fwp%2Fv2%2Ftags&post=2258"}],"curies":[{"name":"wp","href":"https:\/\/api.w.org\/{rel}","templated":true}]}}