{"id":2246,"date":"2022-01-17T14:13:05","date_gmt":"2022-01-17T14:13:05","guid":{"rendered":"https:\/\/www.zincirmagazalar.org\/?p=2246"},"modified":"2022-01-17T14:13:46","modified_gmt":"2022-01-17T14:13:46","slug":"kasim-ayinda-perakende-satis-hacmi-yillik-%163-artti","status":"publish","type":"post","link":"https:\/\/www.zincirmagazalar.org\/?p=2246","title":{"rendered":"Kas\u0131m Ay\u0131nda Perakende Sat\u0131\u015f Hacmi Y\u0131ll\u0131k %16,3 Artt\u0131"},"content":{"rendered":"\t\t<div data-elementor-type=\"wp-post\" data-elementor-id=\"2246\" class=\"elementor elementor-2246\">\n\t\t\t\t\t\t<section class=\"elementor-section elementor-top-section elementor-element elementor-element-37e494d6 elementor-section-boxed elementor-section-height-default elementor-section-height-default\" data-id=\"37e494d6\" data-element_type=\"section\">\n\t\t\t\t\t\t<div class=\"elementor-container elementor-column-gap-default\">\n\t\t\t\t\t<div class=\"elementor-column elementor-col-100 elementor-top-column elementor-element elementor-element-3f48a51d\" data-id=\"3f48a51d\" data-element_type=\"column\">\n\t\t\t<div class=\"elementor-widget-wrap elementor-element-populated\">\n\t\t\t\t\t\t<div class=\"elementor-element elementor-element-48cd9dbb elementor-widget elementor-widget-text-editor\" data-id=\"48cd9dbb\" data-element_type=\"widget\" data-widget_type=\"text-editor.default\">\n\t\t\t\t<div class=\"elementor-widget-container\">\n\t\t\t\t\t\t\t\t\t<p><strong>T\u00fcrkiye \u0130statistik Kurumu (T\u00dc\u0130K), 2021 Kas\u0131m ay\u0131na ili\u015fkin perakende sat\u0131\u015f endekslerini a\u00e7\u0131klad\u0131. Buna g\u00f6re, sabit fiyatlarla perakende sat\u0131\u015f hacmi, Kas\u0131m ay\u0131nda bir \u00f6nceki y\u0131l\u0131n ayn\u0131 ay\u0131na g\u00f6re %16,3 artt\u0131. <\/strong><\/p><p>T\u00dc\u0130K verilerine g\u00f6re sabit fiyatlarla perakende sat\u0131\u015f hacmi (2015=100) 2021 y\u0131l\u0131 Kas\u0131m ay\u0131nda bir \u00f6nceki y\u0131l\u0131n ayn\u0131 ay\u0131na g\u00f6re %16,3 artt\u0131. Ayn\u0131 ayda g\u0131da, i\u00e7ecek ve t\u00fct\u00fcn sat\u0131\u015flar\u0131 %8,8, g\u0131da d\u0131\u015f\u0131 sat\u0131\u015flar (otomotiv yak\u0131t\u0131 hari\u00e7) %25,7, otomotiv yak\u0131t\u0131 sat\u0131\u015flar\u0131 %1,0 artt\u0131.<\/p><p><strong>Perakende Sat\u0131\u015f Hacmi Ayl\u0131k %1,3 Artt\u0131<\/strong><br \/>Sabit fiyatlarla perakende sat\u0131\u015f hacmi 2021 y\u0131l\u0131 Kas\u0131m ay\u0131nda bir \u00f6nceki aya g\u00f6re %1,3 artt\u0131. Ayn\u0131 ayda g\u0131da, i\u00e7ecek ve t\u00fct\u00fcn sat\u0131\u015flar\u0131 %1,7, g\u0131da d\u0131\u015f\u0131 sat\u0131\u015flar (otomotiv yak\u0131t\u0131 hari\u00e7) %2,3 artarken, otomotiv yak\u0131t\u0131 sat\u0131\u015flar\u0131 %2,2 azald\u0131.<\/p><p><strong>Perakende Ciro Y\u0131ll\u0131k %45,5 Artt\u0131<\/strong><br \/>Cari fiyatlarla perakende ciro 2021 y\u0131l\u0131 Kas\u0131m ay\u0131nda bir \u00f6nceki y\u0131l\u0131n ayn\u0131 ay\u0131na g\u00f6re %45,5 artt\u0131. Ayn\u0131 ayda g\u0131da, i\u00e7ecek ve t\u00fct\u00fcn sat\u0131\u015flar\u0131 %35,7, g\u0131da d\u0131\u015f\u0131 sat\u0131\u015flar (otomotiv yak\u0131t\u0131 hari\u00e7) %50,4, otomotiv yak\u0131t\u0131 sat\u0131\u015flar\u0131 %46,9 artt\u0131.<\/p><p><strong>Perakende Ciro Ayl\u0131k %6,1 Artt\u0131<\/strong><br \/>Cari fiyatlarla perakende ciro 2021 y\u0131l\u0131 Kas\u0131m ay\u0131nda bir \u00f6nceki aya g\u00f6re %6,1 artt\u0131. Ayn\u0131 ayda g\u0131da, i\u00e7ecek ve t\u00fct\u00fcn sat\u0131\u015flar\u0131 %4,3, g\u0131da d\u0131\u015f\u0131 sat\u0131\u015flar (otomotiv yak\u0131t\u0131 hari\u00e7) %6,6, otomotiv yak\u0131t\u0131 sat\u0131\u015flar\u0131 %7,7 artt\u0131.<\/p>\t\t\t\t\t\t\t\t<\/div>\n\t\t\t\t<\/div>\n\t\t\t\t\t<\/div>\n\t\t<\/div>\n\t\t\t\t\t<\/div>\n\t\t<\/section>\n\t\t\t\t<\/div>\n\t\t","protected":false},"excerpt":{"rendered":"<p>T\u00fcrkiye \u0130statistik Kurumu (T\u00dc\u0130K), 2021 Kas\u0131m ay\u0131na ili\u015fkin perakende sat\u0131\u015f endekslerini a\u00e7\u0131klad\u0131. Buna g\u00f6re, sabit fiyatlarla perakende sat\u0131\u015f hacmi, Kas\u0131m ay\u0131nda bir \u00f6nceki y\u0131l\u0131n ayn\u0131 ay\u0131na g\u00f6re %16,3 artt\u0131. T\u00dc\u0130K verilerine g\u00f6re sabit fiyatlarla perakende sat\u0131\u015f hacmi (2015=100) 2021 y\u0131l\u0131 Kas\u0131m ay\u0131nda bir \u00f6nceki y\u0131l\u0131n ayn\u0131 ay\u0131na g\u00f6re %16,3 artt\u0131. Ayn\u0131 ayda g\u0131da, i\u00e7ecek ve [&hellip;]<\/p>\n","protected":false},"author":2,"featured_media":2176,"comment_status":"open","ping_status":"open","sticky":false,"template":"","format":"standard","meta":{"footnotes":""},"categories":[17],"tags":[],"class_list":{"0":"post-2246","1":"post","2":"type-post","3":"status-publish","4":"format-standard","5":"has-post-thumbnail","7":"category-haberler"},"_links":{"self":[{"href":"https:\/\/www.zincirmagazalar.org\/index.php?rest_route=\/wp\/v2\/posts\/2246","targetHints":{"allow":["GET"]}}],"collection":[{"href":"https:\/\/www.zincirmagazalar.org\/index.php?rest_route=\/wp\/v2\/posts"}],"about":[{"href":"https:\/\/www.zincirmagazalar.org\/index.php?rest_route=\/wp\/v2\/types\/post"}],"author":[{"embeddable":true,"href":"https:\/\/www.zincirmagazalar.org\/index.php?rest_route=\/wp\/v2\/users\/2"}],"replies":[{"embeddable":true,"href":"https:\/\/www.zincirmagazalar.org\/index.php?rest_route=%2Fwp%2Fv2%2Fcomments&post=2246"}],"version-history":[{"count":4,"href":"https:\/\/www.zincirmagazalar.org\/index.php?rest_route=\/wp\/v2\/posts\/2246\/revisions"}],"predecessor-version":[{"id":2250,"href":"https:\/\/www.zincirmagazalar.org\/index.php?rest_route=\/wp\/v2\/posts\/2246\/revisions\/2250"}],"wp:featuredmedia":[{"embeddable":true,"href":"https:\/\/www.zincirmagazalar.org\/index.php?rest_route=\/wp\/v2\/media\/2176"}],"wp:attachment":[{"href":"https:\/\/www.zincirmagazalar.org\/index.php?rest_route=%2Fwp%2Fv2%2Fmedia&parent=2246"}],"wp:term":[{"taxonomy":"category","embeddable":true,"href":"https:\/\/www.zincirmagazalar.org\/index.php?rest_route=%2Fwp%2Fv2%2Fcategories&post=2246"},{"taxonomy":"post_tag","embeddable":true,"href":"https:\/\/www.zincirmagazalar.org\/index.php?rest_route=%2Fwp%2Fv2%2Ftags&post=2246"}],"curies":[{"name":"wp","href":"https:\/\/api.w.org\/{rel}","templated":true}]}}