{"id":2183,"date":"2021-12-21T13:03:50","date_gmt":"2021-12-21T13:03:50","guid":{"rendered":"https:\/\/www.zincirmagazalar.org\/?p=2183"},"modified":"2021-12-21T13:05:00","modified_gmt":"2021-12-21T13:05:00","slug":"tuketici-guven-endeksi-31-azalarak-689-oldu","status":"publish","type":"post","link":"https:\/\/www.zincirmagazalar.org\/?p=2183","title":{"rendered":"T\u00fcketici G\u00fcven Endeksi %3,1 Azalarak 68,9 oldu"},"content":{"rendered":"\t\t<div data-elementor-type=\"wp-post\" data-elementor-id=\"2183\" class=\"elementor elementor-2183\">\n\t\t\t\t\t\t<section class=\"elementor-section elementor-top-section elementor-element elementor-element-37e494d6 elementor-section-boxed elementor-section-height-default elementor-section-height-default\" data-id=\"37e494d6\" data-element_type=\"section\">\n\t\t\t\t\t\t<div class=\"elementor-container elementor-column-gap-default\">\n\t\t\t\t\t<div class=\"elementor-column elementor-col-100 elementor-top-column elementor-element elementor-element-3f48a51d\" data-id=\"3f48a51d\" data-element_type=\"column\">\n\t\t\t<div class=\"elementor-widget-wrap elementor-element-populated\">\n\t\t\t\t\t\t<div class=\"elementor-element elementor-element-48cd9dbb elementor-widget elementor-widget-text-editor\" data-id=\"48cd9dbb\" data-element_type=\"widget\" data-widget_type=\"text-editor.default\">\n\t\t\t\t<div class=\"elementor-widget-container\">\n\t\t\t\t\t\t\t\t\t<p><strong>T\u00fcrkiye \u0130statistik Kurumu (T\u00dc\u0130K) Aral\u0131k ay\u0131na ili\u015fkin t\u00fcketici g\u00fcven endeksini a\u00e7\u0131klad\u0131. Buna g\u00f6re endeks Aral\u0131k\u2019ta 68,9 seviyesine geriledi. Aral\u0131k\u2019ta en y\u00fcksek d\u00fc\u015f\u00fc\u015f, Hanenin Maddi Durum Beklentisinde g\u00f6r\u00fcld\u00fc.<\/strong><\/p><p>T\u00fcrkiye \u0130statistik Kurumu ve T\u00fcrkiye Cumhuriyet Merkez Bankas\u0131 i\u015f birli\u011fi ile y\u00fcr\u00fct\u00fclen t\u00fcketici e\u011filim anketi sonu\u00e7lar\u0131ndan hesaplanan mevsim etkilerinden ar\u0131nd\u0131r\u0131lm\u0131\u015f t\u00fcketici g\u00fcven endeksi, Aral\u0131k ay\u0131nda bir \u00f6nceki aya g\u00f6re %3,1 oran\u0131nda azald\u0131; Kas\u0131m ay\u0131nda 71,1 olan endeks, Aral\u0131k ay\u0131nda 68,9 oldu.<\/p><p><strong>Hanenin Maddi Durumu Endeksi 54,1 Oldu<\/strong><br \/>Ge\u00e7en 12 ayl\u0131k d\u00f6neme g\u00f6re mevcut d\u00f6nemde hanenin maddi durumu endeksi Kas\u0131m ay\u0131nda 56,1 iken, Aral\u0131k ay\u0131nda %3,6 oran\u0131nda azalarak 54,1 oldu.<\/p><p><strong>Hanenin Maddi Durum Beklentisi Endeksi 65,2 Oldu<\/strong><br \/>Gelecek 12 ayl\u0131k d\u00f6neme ili\u015fkin hanenin maddi durum beklentisi endeksi Kas\u0131m ay\u0131nda 68,9 iken, Aral\u0131k ay\u0131nda %5,3 oran\u0131nda azalarak 65,2 oldu.<\/p><p><strong>Genel Ekonomik Durum Beklentisi Endeksi 66,7 Oldu<\/strong><br \/>Gelecek 12 ayl\u0131k d\u00f6neme ili\u015fkin genel ekonomik durum beklentisi endeksi Kas\u0131m ay\u0131nda 68,2 iken, Aral\u0131k ay\u0131nda %2,2 oran\u0131nda azalarak 66,7 oldu.<\/p><p><strong>Dayan\u0131kl\u0131 T\u00fcketim Mallar\u0131na Harcama Yapma D\u00fc\u015f\u00fcncesi Endeksi 89,6 Oldu<\/strong><br \/>Ge\u00e7en 12 ayl\u0131k d\u00f6neme g\u00f6re gelecek 12 ayl\u0131k d\u00f6nemde dayan\u0131kl\u0131 t\u00fcketim mallar\u0131na harcama yapma d\u00fc\u015f\u00fcncesi endeksi Kas\u0131m ay\u0131nda 91,4 iken, Aral\u0131k ay\u0131nda %1,9 oran\u0131nda azalarak 89,6 oldu.<\/p>\t\t\t\t\t\t\t\t<\/div>\n\t\t\t\t<\/div>\n\t\t\t\t\t<\/div>\n\t\t<\/div>\n\t\t\t\t\t<\/div>\n\t\t<\/section>\n\t\t\t\t<\/div>\n\t\t","protected":false},"excerpt":{"rendered":"<p>T\u00fcrkiye \u0130statistik Kurumu (T\u00dc\u0130K) Aral\u0131k ay\u0131na ili\u015fkin t\u00fcketici g\u00fcven endeksini a\u00e7\u0131klad\u0131. Buna g\u00f6re endeks Aral\u0131k\u2019ta 68,9 seviyesine geriledi. Aral\u0131k\u2019ta en y\u00fcksek d\u00fc\u015f\u00fc\u015f, Hanenin Maddi Durum Beklentisinde g\u00f6r\u00fcld\u00fc. T\u00fcrkiye \u0130statistik Kurumu ve T\u00fcrkiye Cumhuriyet Merkez Bankas\u0131 i\u015f birli\u011fi ile y\u00fcr\u00fct\u00fclen t\u00fcketici e\u011filim anketi sonu\u00e7lar\u0131ndan hesaplanan mevsim etkilerinden ar\u0131nd\u0131r\u0131lm\u0131\u015f t\u00fcketici g\u00fcven endeksi, Aral\u0131k ay\u0131nda bir \u00f6nceki aya [&hellip;]<\/p>\n","protected":false},"author":2,"featured_media":2184,"comment_status":"open","ping_status":"open","sticky":false,"template":"","format":"standard","meta":{"footnotes":""},"categories":[17],"tags":[],"class_list":{"0":"post-2183","1":"post","2":"type-post","3":"status-publish","4":"format-standard","5":"has-post-thumbnail","7":"category-haberler"},"_links":{"self":[{"href":"https:\/\/www.zincirmagazalar.org\/index.php?rest_route=\/wp\/v2\/posts\/2183","targetHints":{"allow":["GET"]}}],"collection":[{"href":"https:\/\/www.zincirmagazalar.org\/index.php?rest_route=\/wp\/v2\/posts"}],"about":[{"href":"https:\/\/www.zincirmagazalar.org\/index.php?rest_route=\/wp\/v2\/types\/post"}],"author":[{"embeddable":true,"href":"https:\/\/www.zincirmagazalar.org\/index.php?rest_route=\/wp\/v2\/users\/2"}],"replies":[{"embeddable":true,"href":"https:\/\/www.zincirmagazalar.org\/index.php?rest_route=%2Fwp%2Fv2%2Fcomments&post=2183"}],"version-history":[{"count":5,"href":"https:\/\/www.zincirmagazalar.org\/index.php?rest_route=\/wp\/v2\/posts\/2183\/revisions"}],"predecessor-version":[{"id":2189,"href":"https:\/\/www.zincirmagazalar.org\/index.php?rest_route=\/wp\/v2\/posts\/2183\/revisions\/2189"}],"wp:featuredmedia":[{"embeddable":true,"href":"https:\/\/www.zincirmagazalar.org\/index.php?rest_route=\/wp\/v2\/media\/2184"}],"wp:attachment":[{"href":"https:\/\/www.zincirmagazalar.org\/index.php?rest_route=%2Fwp%2Fv2%2Fmedia&parent=2183"}],"wp:term":[{"taxonomy":"category","embeddable":true,"href":"https:\/\/www.zincirmagazalar.org\/index.php?rest_route=%2Fwp%2Fv2%2Fcategories&post=2183"},{"taxonomy":"post_tag","embeddable":true,"href":"https:\/\/www.zincirmagazalar.org\/index.php?rest_route=%2Fwp%2Fv2%2Ftags&post=2183"}],"curies":[{"name":"wp","href":"https:\/\/api.w.org\/{rel}","templated":true}]}}