{"id":2157,"date":"2021-12-01T16:01:08","date_gmt":"2021-12-01T16:01:08","guid":{"rendered":"https:\/\/www.zincirmagazalar.org\/?p=2157"},"modified":"2021-12-01T16:01:59","modified_gmt":"2021-12-01T16:01:59","slug":"verimlilik-icin-teknoloji-ve-makine-kullanimi-one-cikiyor","status":"publish","type":"post","link":"https:\/\/www.zincirmagazalar.org\/?p=2157","title":{"rendered":"Verimlilik \u0130\u00e7in Teknoloji ve Makine Kullan\u0131m\u0131 \u00d6ne \u00c7\u0131k\u0131yor"},"content":{"rendered":"\t\t<div data-elementor-type=\"wp-post\" data-elementor-id=\"2157\" class=\"elementor elementor-2157\">\n\t\t\t\t\t\t<section class=\"elementor-section elementor-top-section elementor-element elementor-element-37e494d6 elementor-section-boxed elementor-section-height-default elementor-section-height-default\" data-id=\"37e494d6\" data-element_type=\"section\">\n\t\t\t\t\t\t<div class=\"elementor-container elementor-column-gap-default\">\n\t\t\t\t\t<div class=\"elementor-column elementor-col-100 elementor-top-column elementor-element elementor-element-3f48a51d\" data-id=\"3f48a51d\" data-element_type=\"column\">\n\t\t\t<div class=\"elementor-widget-wrap elementor-element-populated\">\n\t\t\t\t\t\t<div class=\"elementor-element elementor-element-48cd9dbb elementor-widget elementor-widget-text-editor\" data-id=\"48cd9dbb\" data-element_type=\"widget\" data-widget_type=\"text-editor.default\">\n\t\t\t\t<div class=\"elementor-widget-container\">\n\t\t\t\t\t\t\t\t\t<p><strong>Zincir Ma\u011fazalar Derne\u011fi taraf\u0131ndan sekizinci kez d\u00fczenlenen Perakende Teknolojileri Konferans\u0131\u2019n\u0131n dokuzuncu oturumu 1 Aral\u0131k \u00c7ar\u015famba g\u00fcn\u00fc ger\u00e7ekle\u015fti. Oturumda, teknolojinin sa\u011flad\u0131\u011f\u0131 en \u00f6nemli katk\u0131lardan biri olan verimlilik konusu ele al\u0131nd\u0131. Perakendenin pek \u00e7ok s\u00fcrecinde verimlilik sa\u011flanmas\u0131, do\u011fru teknoloji yat\u0131r\u0131m\u0131 ve sistem otomasyonu ile hayata ge\u00e7iyor. <\/strong><\/p><p>Webinarda, Ko\u00e7ta\u015f CEO\u2019su Devrim K\u0131l\u0131\u00e7o\u011flu moderat\u00f6rl\u00fc\u011f\u00fcnde, Birle\u015fik \u00d6deme Sistemleri, Payself \u00dcr\u00fcnlerinden Sorumlu Genel M\u00fcd\u00fcr Yard\u0131mc\u0131s\u0131 Alpay Y\u00fcksel, Ko\u00e7Sistem Genel M\u00fcd\u00fcr\u00fc Mehmet Ali Akarca, Smarte-Florawise Kurucu ve Orta\u011f\u0131 Melih Ball\u0131kaya ve Horoz Lojistik Y\u00f6netim Kurulu Ba\u015fkan\u0131 Taner Horoz\u2019un kat\u0131l\u0131m\u0131yla \u201cOperasyona Makine Dokunu\u015fu\u201d konusu i\u015flendi.<\/p><p>Dijital d\u00f6n\u00fc\u015f\u00fcm\u00fcn perakendede h\u0131zla ilerledi\u011fini ifade eden Ko\u00e7ta\u015f CEO\u2019su Devrim K\u0131l\u0131\u00e7o\u011flu, h\u0131zl\u0131 aksiyon alman\u0131n \u00f6neminin att\u0131\u011f\u0131 \u015fu d\u00f6nemde do\u011fru teknoloji yat\u0131r\u0131m\u0131n\u0131n daha da de\u011ferli hale geldi\u011fini belirtti. M\u00fc\u015fteriyi iyi tan\u0131yan perakendecilerin ba\u015far\u0131l\u0131 olaca\u011f\u0131n\u0131 vurgulayan K\u0131l\u0131\u00e7o\u011flu, s\u00fcre\u00e7leri kolayla\u015ft\u0131r\u0131c\u0131 ve verimlilik sa\u011flayan \u00e7\u00f6z\u00fcmlerin gelecekte \u00f6neminin art\u0131raca\u011f\u0131n\u0131 vurgulad\u0131.<\/p><p>Perakendenin teknolojik d\u00f6n\u00fc\u015f\u00fcmde en h\u0131zl\u0131 hareket eden sekt\u00f6r oldu\u011funu belirten Ko\u00e7Sistem Genel M\u00fcd\u00fcr\u00fc Mehmet Ali Akarca, pandemide e-ticaretin y\u00fcksek ivmeli art\u0131\u015f\u0131yla pek \u00e7ok teknolojik yenili\u011fin sekt\u00f6rde hayat buldu\u011funu ifade etti. Akarca, \u201cVeriden katma de\u011fer yaratma i\u015fi her ge\u00e7en g\u00fcn daha \u00f6ne \u00e7\u0131k\u0131yor. Operasyonel m\u00fckemmeliyet, veriyi do\u011fru kullanarak ve analiz ederek yakalanabilecek\u201d dedi.<\/p><p>Daha h\u0131zl\u0131 sat\u0131\u015f i\u015flemi i\u00e7in \u00f6deme sisteminin \u00f6nemine de\u011finen Birle\u015fik \u00d6deme Sistemleri, Payself \u00dcr\u00fcnlerinden Sorumlu Genel M\u00fcd\u00fcr Yard\u0131mc\u0131s\u0131 Alpay Y\u00fcksel, pandemi d\u00f6neminde \u00f6deme sistemlerindeki kolayla\u015ft\u0131r\u0131c\u0131 \u00e7\u00f6z\u00fcmlerin m\u00fc\u015fterinin de talebiyle \u00f6nem kazand\u0131\u011f\u0131n\u0131 ifade etti.<\/p><p>Maliyet kontrol\u00fcn\u00fcn her i\u015fletmede \u00f6nemli bir s\u00fcre\u00e7 oldu\u011funu ifade eden Smarte-Florawise Kurucu ve Orta\u011f\u0131 Melih Ball\u0131kaya, \u00f6zellikle enerji verimlili\u011fi \u00e7\u00f6z\u00fcmlerinin en etkili iyile\u015ftirme \u00e7al\u0131\u015fmas\u0131 oldu\u011funu belirtti. Ball\u0131kaya, \u201cDo\u011fru ve verimli bir iklimlendirme ile hem enerji verimlili\u011fi hem de m\u00fc\u015fteri memnuniyeti sa\u011flan\u0131yor\u201d dedi.<\/p><p>Ticaretin temel yap\u0131 ta\u015flar\u0131n\u0131n pandemi d\u00f6neminde de\u011fi\u015fti\u011fini belirten Horoz Lojistik Y\u00f6netim Kurulu Ba\u015fkan\u0131 Taner Horoz, tedarik sistemlerinde de art\u0131k \u00e7oklu kaynak kullan\u0131m\u0131n\u0131n \u00f6ne \u00e7\u0131kt\u0131\u011f\u0131n\u0131 ifade etti. Lojistik maliyetlerinin pandemiyle beraber artt\u0131\u011f\u0131n\u0131 belirten Horoz, \u201cMaliyet d\u00fc\u015f\u00fcr\u00fcc\u00fc \u00e7\u00f6z\u00fcmler i\u00e7in teknolojiden faydalanmak \u00f6nemli. Tedarik zincirinin do\u011fru takibini sa\u011flayan \u00e7\u00f6z\u00fcmlerle maliyet kontrol\u00fcn\u00fc sa\u011flamay\u0131 hedefliyoruz\u201d dedi.<\/p><p><strong>10 Oturumluk Webinar Serisinde Sekt\u00f6r\u00fcn \u00c7e\u015fitli Konular\u0131 Ele Al\u0131n\u0131yor<\/strong><br \/>Zincir Ma\u011fazalar Derne\u011fi, \u00fclkenin en \u00f6nemli perakendeci \u00fcyeleriyle birlikte 320 milyar TL seviyesinde bir ciroyu temsil ediyor. Dernek \u00fcyeleri \u00fclke \u00e7ap\u0131nda 50 bin sat\u0131\u015f noktas\u0131nda 300 bin ki\u015filik istihdam sa\u011fl\u0131yor.<\/p><p>Perakende Teknolojileri Konferans\u0131\u2019n\u0131n di\u011fer oturumlar\u0131nda, verimlilik \u00e7\u00f6z\u00fcmleri, t\u00fcketici i\u00e7in farkl\u0131la\u015fma y\u00f6ntemleri, maliyet d\u00fc\u015f\u00fcr\u00fcc\u00fc \u00f6nlemler, gelecekteki al\u0131\u015fveri\u015f trendleri de webinar serisinde farkl\u0131 bak\u0131\u015f a\u00e7\u0131lar\u0131yla de\u011ferlendirilecek.<\/p><p>Her hafta farkl\u0131 konuyla devam edecek seride, \u201cPerakendenin Gelece\u011fi: Online m\u0131? Offline m\u0131?\u201d, E-ticaretten Neler \u00d6\u011frendik? Tamam m\u0131y\u0131z?\u201d, Veriyi Okumak m\u0131 Korumak m\u0131 Daha Zor? M\u00fc\u015fteriyi Ne Kadar Anl\u0131yoruz?\u201d, \u00c7al\u0131\u015fma Bi\u00e7imleri ve \u0130nsan D\u00f6n\u00fc\u015ft\u00fc! Peki Ya Perakende?\u201d, \u201cPazarlamada Global Trendler\u201d, \u201cM\u00fc\u015fteri Deneyimi ve Sat\u0131\u015fa Katk\u0131s\u0131\u201d, \u201cPerakendede Omnichannel\u201d, \u201cOperasyona Makine Dokunu\u015fu\u201d, \u201cTeknolojik Mevzuat\u201d ba\u015fl\u0131klar\u0131nda oturumlar ger\u00e7ekle\u015ftirilecek.<\/p><p>Perakende Teknolojileri Konferans\u0131\u2019n\u0131n ana sponsorlu\u011funu Hepsiburada sahiplenirken, Ko\u00e7Sistem co-sponsor, MediaMarkt tema destek\u00e7isi olarak yer al\u0131yor. Birle\u015fik \u00d6deme, Ceva, Encore, FloraWise, Gi Group, Logo, Nebim, Obase, POS, Profilo \u00d6deme Sistemleri ve Rasyotek ise perakendeye \u00f6zel \u00e7\u00f6z\u00fcmleriyle etkinlikte yer alacaklar. Webinar serisinin destek\u00e7ileri aras\u0131nda TAMPF, AYD, GPD, TMD ve TURY\u0130D bulunacak. Perakende Teknolojileri Konferans\u0131\u2019n\u0131n oturumlar\u0131 10 hafta boyunca Digital Network Alka\u015f platformunda her \u00c7ar\u015famba g\u00fcn\u00fc saat 15:00\u2019da ger\u00e7ekle\u015fiyor.<\/p><p>Etkinlik ile ilgili detayl\u0131 ak\u0131\u015f ve konu\u015fmac\u0131 bilgilerine <a href=\"https:\/\/www.zincirmagazalar.org\/?page_id=1838\" target=\"_blank\" rel=\"noopener\">web sitemizden<\/a> ve sosyal medya hesaplar\u0131m\u0131zdan ula\u015fabilirsiniz.<\/p>\t\t\t\t\t\t\t\t<\/div>\n\t\t\t\t<\/div>\n\t\t\t\t\t<\/div>\n\t\t<\/div>\n\t\t\t\t\t<\/div>\n\t\t<\/section>\n\t\t\t\t<\/div>\n\t\t","protected":false},"excerpt":{"rendered":"<p>Zincir Ma\u011fazalar Derne\u011fi taraf\u0131ndan sekizinci kez d\u00fczenlenen Perakende Teknolojileri Konferans\u0131\u2019n\u0131n dokuzuncu oturumu 1 Aral\u0131k \u00c7ar\u015famba g\u00fcn\u00fc ger\u00e7ekle\u015fti. Oturumda, teknolojinin sa\u011flad\u0131\u011f\u0131 en \u00f6nemli katk\u0131lardan biri olan verimlilik konusu ele al\u0131nd\u0131. Perakendenin pek \u00e7ok s\u00fcrecinde verimlilik sa\u011flanmas\u0131, do\u011fru teknoloji yat\u0131r\u0131m\u0131 ve sistem otomasyonu ile hayata ge\u00e7iyor. Webinarda, Ko\u00e7ta\u015f CEO\u2019su Devrim K\u0131l\u0131\u00e7o\u011flu moderat\u00f6rl\u00fc\u011f\u00fcnde, Birle\u015fik \u00d6deme Sistemleri, Payself \u00dcr\u00fcnlerinden [&hellip;]<\/p>\n","protected":false},"author":2,"featured_media":2158,"comment_status":"open","ping_status":"open","sticky":false,"template":"","format":"standard","meta":{"footnotes":""},"categories":[17],"tags":[],"class_list":{"0":"post-2157","1":"post","2":"type-post","3":"status-publish","4":"format-standard","5":"has-post-thumbnail","7":"category-haberler"},"_links":{"self":[{"href":"https:\/\/www.zincirmagazalar.org\/index.php?rest_route=\/wp\/v2\/posts\/2157","targetHints":{"allow":["GET"]}}],"collection":[{"href":"https:\/\/www.zincirmagazalar.org\/index.php?rest_route=\/wp\/v2\/posts"}],"about":[{"href":"https:\/\/www.zincirmagazalar.org\/index.php?rest_route=\/wp\/v2\/types\/post"}],"author":[{"embeddable":true,"href":"https:\/\/www.zincirmagazalar.org\/index.php?rest_route=\/wp\/v2\/users\/2"}],"replies":[{"embeddable":true,"href":"https:\/\/www.zincirmagazalar.org\/index.php?rest_route=%2Fwp%2Fv2%2Fcomments&post=2157"}],"version-history":[{"count":4,"href":"https:\/\/www.zincirmagazalar.org\/index.php?rest_route=\/wp\/v2\/posts\/2157\/revisions"}],"predecessor-version":[{"id":2162,"href":"https:\/\/www.zincirmagazalar.org\/index.php?rest_route=\/wp\/v2\/posts\/2157\/revisions\/2162"}],"wp:featuredmedia":[{"embeddable":true,"href":"https:\/\/www.zincirmagazalar.org\/index.php?rest_route=\/wp\/v2\/media\/2158"}],"wp:attachment":[{"href":"https:\/\/www.zincirmagazalar.org\/index.php?rest_route=%2Fwp%2Fv2%2Fmedia&parent=2157"}],"wp:term":[{"taxonomy":"category","embeddable":true,"href":"https:\/\/www.zincirmagazalar.org\/index.php?rest_route=%2Fwp%2Fv2%2Fcategories&post=2157"},{"taxonomy":"post_tag","embeddable":true,"href":"https:\/\/www.zincirmagazalar.org\/index.php?rest_route=%2Fwp%2Fv2%2Ftags&post=2157"}],"curies":[{"name":"wp","href":"https:\/\/api.w.org\/{rel}","templated":true}]}}