{"id":2125,"date":"2021-11-17T21:37:30","date_gmt":"2021-11-17T21:37:30","guid":{"rendered":"https:\/\/www.zincirmagazalar.org\/?p=2125"},"modified":"2021-11-22T10:23:16","modified_gmt":"2021-11-22T10:23:16","slug":"teknolojik-gelisim-beraberinde-yeni-mevzuat-ve-duzenlemeyi-de-getiriyor","status":"publish","type":"post","link":"https:\/\/www.zincirmagazalar.org\/?p=2125","title":{"rendered":"Teknolojik Geli\u015fim Beraberinde Yeni Mevzuat ve D\u00fczenlemeyi de Getiriyor"},"content":{"rendered":"\t\t<div data-elementor-type=\"wp-post\" data-elementor-id=\"2125\" class=\"elementor elementor-2125\">\n\t\t\t\t\t\t<section class=\"elementor-section elementor-top-section elementor-element elementor-element-37e494d6 elementor-section-boxed elementor-section-height-default elementor-section-height-default\" data-id=\"37e494d6\" data-element_type=\"section\">\n\t\t\t\t\t\t<div class=\"elementor-container elementor-column-gap-default\">\n\t\t\t\t\t<div class=\"elementor-column elementor-col-100 elementor-top-column elementor-element elementor-element-3f48a51d\" data-id=\"3f48a51d\" data-element_type=\"column\">\n\t\t\t<div class=\"elementor-widget-wrap elementor-element-populated\">\n\t\t\t\t\t\t<div class=\"elementor-element elementor-element-48cd9dbb elementor-widget elementor-widget-text-editor\" data-id=\"48cd9dbb\" data-element_type=\"widget\" data-widget_type=\"text-editor.default\">\n\t\t\t\t<div class=\"elementor-widget-container\">\n\t\t\t\t\t\t\t\t\t<p><strong>Zincir Ma\u011fazalar Derne\u011fi taraf\u0131ndan sekizinci kez d\u00fczenlenen Perakende Teknolojileri Konferans\u0131\u2019n\u0131n yedinci oturumu 17 Kas\u0131m \u00c7ar\u015famba g\u00fcn\u00fc ger\u00e7ekle\u015fti. Oturumda, dijitalle\u015fmeyle beraber y\u00fcr\u00fcrl\u00fc\u011fe giren, perakende sekt\u00f6r\u00fc operasyonlar\u0131n\u0131 etkileyecek yeni d\u00fczenlemeler ele al\u0131nd\u0131. Perakende s\u00fcre\u00e7lerindeki yeni d\u00fczenlemeler sekt\u00f6r\u00fcn her zaman g\u00fcndeminde. Dijitalle\u015fmeyle beraber yeni d\u00fczenlemeler de yolda.<\/strong><\/p><p>Webinarda \u00d6zay Hukuk Bili\u015fim Hukuku Departman\u0131 Sorumlusu Av. Bilgesu Demirel moderat\u00f6rl\u00fc\u011f\u00fcnde, Rasyotek Y\u00f6netici Avukat\u0131 Av. Alara Y\u0131lmaz, Watsons T\u00fcrkiye Hukuk M\u00fc\u015faviri Av. Ay\u015feg\u00fcl Durmu\u015f, Ki\u011f\u0131l\u0131 Bilgi Sistemleri ve Teknolojileri Direkt\u00f6r\u00fc G\u00fcrkan Ta\u015fk\u0131ran ve Ko\u00e7ta\u015f Ba\u015f Hukuk ve Uyum M\u00fc\u015faviri Av. Zeliha \u00d6nder\u2019in kat\u0131l\u0131m\u0131yla \u201cTeknolojik Mevzuat\u201d konusu i\u015flendi.<\/p><p>Teknolojik mevzuat\u0131n \u00f6ncelikle siber g\u00fcvenlikle g\u00fcndeme geldi\u011fini belirten<br \/>\u00d6zay Hukuk Bili\u015fim Hukuku Departman\u0131 Sorumlusu Av. Bilgesu Demirel, fiziki ma\u011fazac\u0131l\u0131ktaki t\u00fcm operasyonlar\u0131n izd\u00fc\u015f\u00fcm\u00fcn\u00fcn dijital kanallarda g\u00f6r\u00fcld\u00fc\u011f\u00fcn\u00fc ve buna g\u00f6re hukuki uygulamalar\u0131n y\u00fcr\u00fct\u00fcld\u00fc\u011f\u00fcn\u00fc ifade etti.<\/p><p>T\u00fcm operasyonlarda teknolojinin \u00f6ne \u00e7\u0131kt\u0131\u011f\u0131n\u0131 ifade eden Rasyotek Y\u00f6netici Avukat\u0131 Av. Alara Y\u0131lmaz, insan kayna\u011f\u0131 yo\u011fun bir sekt\u00f6r olan perakendede, bu kayna\u011f\u0131n verimli y\u00f6netilmesi i\u00e7in teknolojiden faydalanman\u0131n \u015fart oldu\u011funu belirtti. Verimlilik i\u00e7in yeni \u00e7\u00f6z\u00fcmlerin \u00f6nemine de\u011finen Y\u0131lmaz, \u201cTeknoloji ile beraber hem verimlilik art\u0131\u015f\u0131 yakalan\u0131yor hem de mevzuattaki t\u00fcm de\u011fi\u015fiklikler h\u0131zla takip edilerek i\u015fletmelere fayda sa\u011flan\u0131yor\u201d dedi.<\/p><p>Global i\u015fletmelerde kural setlerinin i\u015fleri kolayla\u015ft\u0131r\u0131c\u0131 bir fakt\u00f6r oldu\u011funa de\u011finen Watsons T\u00fcrkiye Hukuk M\u00fc\u015faviri Av. Ay\u015feg\u00fcl Durmu\u015f, bununla beraber lokal davran\u0131\u015flara g\u00f6re gerekli olan esnekli\u011fin ve h\u0131z\u0131n \u00f6nemine dikkat \u00e7ekti. Farkl\u0131 \u00fclkelerde edinilen deneyimin i\u015fleri kolayla\u015ft\u0131rd\u0131\u011f\u0131n\u0131 belirten Durmu\u015f, \u201cSa\u011flanan g\u00fcvenli ortam, g\u00fcn\u00fcm\u00fczde baz\u0131 operasyonlarda h\u0131z\u0131 yava\u015flat\u0131yor\u201d dedi.<\/p><p>Verinin g\u00fcn\u00fcm\u00fcz ko\u015fullar\u0131nda en \u00f6nemli kaynak oldu\u011funa de\u011finen Ki\u011f\u0131l\u0131 Bilgi Sistemleri ve Teknolojileri Direkt\u00f6r\u00fc G\u00fcrkan Ta\u015fk\u0131ran, ki\u015fiye \u00f6zel hizmetler sunmak i\u00e7in veri toplaman\u0131n gittik\u00e7e zorla\u015fmas\u0131na dikkat \u00e7ekti. Gelecekte bu veriyi elde etmenin daha da zorla\u015faca\u011f\u0131na inand\u0131\u011f\u0131n\u0131 belirten Ta\u015fk\u0131ran, \u201cVeri y\u00f6netimini do\u011fru planlay\u0131p i\u015fletebilenler, ba\u015far\u0131ya ula\u015facaklar\u201d dedi.<\/p><p>Dijitalle\u015fmenin t\u00fcm s\u00fcre\u00e7lere i\u015fledi\u011fini vurgulayan Ko\u00e7ta\u015f Ba\u015f Hukuk ve Uyum M\u00fc\u015faviri Av. Zeliha \u00d6nder, bu d\u00f6n\u00fc\u015f\u00fcm\u00fcn de mevzuata uygun y\u00fcr\u00fct\u00fcld\u00fc\u011f\u00fcn\u00fc ve bu uyumu sa\u011flarken teknolojik \u00e7\u00f6z\u00fcmlerin do\u011fru se\u00e7ilmesinin \u00f6nemini ifade etti.<\/p><p><strong>10 Oturumluk Webinar Serisinde Sekt\u00f6r\u00fcn \u00c7e\u015fitli Konular\u0131 Ele Al\u0131n\u0131yor<\/strong><br \/>Zincir Ma\u011fazalar Derne\u011fi, \u00fclkenin en \u00f6nemli perakendeci \u00fcyeleriyle birlikte 320 milyar TL seviyesinde bir ciroyu temsil ediyor. Dernek \u00fcyeleri \u00fclke \u00e7ap\u0131nda 50 bin sat\u0131\u015f noktas\u0131nda 300 bin ki\u015filik istihdam sa\u011fl\u0131yor.<\/p><p>Perakende Teknolojileri Konferans\u0131\u2019n\u0131n di\u011fer oturumlar\u0131nda, verimlilik \u00e7\u00f6z\u00fcmleri, t\u00fcketici i\u00e7in farkl\u0131la\u015fma y\u00f6ntemleri, maliyet d\u00fc\u015f\u00fcr\u00fcc\u00fc \u00f6nlemler, gelecekteki al\u0131\u015fveri\u015f trendleri de webinar serisinde farkl\u0131 bak\u0131\u015f a\u00e7\u0131lar\u0131yla de\u011ferlendirilecek.<\/p><p>Her hafta farkl\u0131 konuyla devam edecek seride, \u201cPerakendenin Gelece\u011fi: Online m\u0131? Offline m\u0131?\u201d, E-ticaretten Neler \u00d6\u011frendik? Tamam m\u0131y\u0131z?\u201d, Veriyi Okumak m\u0131 Korumak m\u0131 Daha Zor? M\u00fc\u015fteriyi Ne Kadar Anl\u0131yoruz?\u201d, \u00c7al\u0131\u015fma Bi\u00e7imleri ve \u0130nsan D\u00f6n\u00fc\u015ft\u00fc! Peki Ya Perakende?\u201d, \u201cPazarlamada Global Trendler\u201d, \u201cM\u00fc\u015fteri Deneyimi ve Sat\u0131\u015fa Katk\u0131s\u0131\u201d, \u201cPerakendede Omnichannel\u201d, \u201cOperasyona Makine Dokunu\u015fu\u201d, \u201cTeknolojik Mevzuat\u201d ba\u015fl\u0131klar\u0131nda oturumlar ger\u00e7ekle\u015ftirilecek.<\/p><p>Perakende Teknolojileri Konferans\u0131\u2019n\u0131n ana sponsorlu\u011funu Hepsiburada sahiplenirken, Ko\u00e7Sistem co-sponsor, MediaMarkt tema destek\u00e7isi olarak yer al\u0131yor. Birle\u015fik \u00d6deme, Ceva, Encore, FloraWise, Gi Group, Logo, Nebim, Obase, POS, Profilo \u00d6deme Sistemleri ve Rasyotek ise perakendeye \u00f6zel \u00e7\u00f6z\u00fcmleriyle etkinlikte yer alacaklar. Webinar serisinin destek\u00e7ileri aras\u0131nda TAMPF, AYD, GPD, TMD ve TURY\u0130D bulunacak. Perakende Teknolojileri Konferans\u0131\u2019n\u0131n oturumlar\u0131 10 hafta boyunca Digital Network Alka\u015f platformunda her \u00c7ar\u015famba g\u00fcn\u00fc saat 15:00\u2019da ger\u00e7ekle\u015fiyor.<\/p><p>Etkinlik ile ilgili detayl\u0131 ak\u0131\u015f ve konu\u015fmac\u0131 bilgilerine <a href=\"https:\/\/www.zincirmagazalar.org\/?page_id=1838\" target=\"_blank\" rel=\"noopener\">web sitemizden<\/a> ve sosyal medya hesaplar\u0131m\u0131zdan ula\u015fabilirsiniz.<\/p>\t\t\t\t\t\t\t\t<\/div>\n\t\t\t\t<\/div>\n\t\t\t\t\t<\/div>\n\t\t<\/div>\n\t\t\t\t\t<\/div>\n\t\t<\/section>\n\t\t\t\t<\/div>\n\t\t","protected":false},"excerpt":{"rendered":"<p>Zincir Ma\u011fazalar Derne\u011fi taraf\u0131ndan sekizinci kez d\u00fczenlenen Perakende Teknolojileri Konferans\u0131\u2019n\u0131n yedinci oturumu 17 Kas\u0131m \u00c7ar\u015famba g\u00fcn\u00fc ger\u00e7ekle\u015fti. Oturumda, dijitalle\u015fmeyle beraber y\u00fcr\u00fcrl\u00fc\u011fe giren, perakende sekt\u00f6r\u00fc operasyonlar\u0131n\u0131 etkileyecek yeni d\u00fczenlemeler ele al\u0131nd\u0131. Perakende s\u00fcre\u00e7lerindeki yeni d\u00fczenlemeler sekt\u00f6r\u00fcn her zaman g\u00fcndeminde. Dijitalle\u015fmeyle beraber yeni d\u00fczenlemeler de yolda. Webinarda \u00d6zay Hukuk Bili\u015fim Hukuku Departman\u0131 Sorumlusu Av. Bilgesu Demirel moderat\u00f6rl\u00fc\u011f\u00fcnde, [&hellip;]<\/p>\n","protected":false},"author":2,"featured_media":2126,"comment_status":"open","ping_status":"open","sticky":false,"template":"","format":"standard","meta":{"footnotes":""},"categories":[17],"tags":[],"class_list":{"0":"post-2125","1":"post","2":"type-post","3":"status-publish","4":"format-standard","5":"has-post-thumbnail","7":"category-haberler"},"_links":{"self":[{"href":"https:\/\/www.zincirmagazalar.org\/index.php?rest_route=\/wp\/v2\/posts\/2125","targetHints":{"allow":["GET"]}}],"collection":[{"href":"https:\/\/www.zincirmagazalar.org\/index.php?rest_route=\/wp\/v2\/posts"}],"about":[{"href":"https:\/\/www.zincirmagazalar.org\/index.php?rest_route=\/wp\/v2\/types\/post"}],"author":[{"embeddable":true,"href":"https:\/\/www.zincirmagazalar.org\/index.php?rest_route=\/wp\/v2\/users\/2"}],"replies":[{"embeddable":true,"href":"https:\/\/www.zincirmagazalar.org\/index.php?rest_route=%2Fwp%2Fv2%2Fcomments&post=2125"}],"version-history":[{"count":8,"href":"https:\/\/www.zincirmagazalar.org\/index.php?rest_route=\/wp\/v2\/posts\/2125\/revisions"}],"predecessor-version":[{"id":2134,"href":"https:\/\/www.zincirmagazalar.org\/index.php?rest_route=\/wp\/v2\/posts\/2125\/revisions\/2134"}],"wp:featuredmedia":[{"embeddable":true,"href":"https:\/\/www.zincirmagazalar.org\/index.php?rest_route=\/wp\/v2\/media\/2126"}],"wp:attachment":[{"href":"https:\/\/www.zincirmagazalar.org\/index.php?rest_route=%2Fwp%2Fv2%2Fmedia&parent=2125"}],"wp:term":[{"taxonomy":"category","embeddable":true,"href":"https:\/\/www.zincirmagazalar.org\/index.php?rest_route=%2Fwp%2Fv2%2Fcategories&post=2125"},{"taxonomy":"post_tag","embeddable":true,"href":"https:\/\/www.zincirmagazalar.org\/index.php?rest_route=%2Fwp%2Fv2%2Ftags&post=2125"}],"curies":[{"name":"wp","href":"https:\/\/api.w.org\/{rel}","templated":true}]}}