{"id":1925,"date":"2021-10-01T16:08:48","date_gmt":"2021-10-01T16:08:48","guid":{"rendered":"https:\/\/www.zincirmagazalar.org\/?p=1925"},"modified":"2021-10-01T16:11:31","modified_gmt":"2021-10-01T16:11:31","slug":"turkiyede-z-kusagini-anlamak","status":"publish","type":"post","link":"https:\/\/www.zincirmagazalar.org\/?p=1925","title":{"rendered":"T\u00fcrkiye\u2019de \u201cZ\u201d Ku\u015fa\u011f\u0131\u2019n\u0131 Anlamak"},"content":{"rendered":"\t\t<div data-elementor-type=\"wp-post\" data-elementor-id=\"1925\" class=\"elementor elementor-1925\">\n\t\t\t\t\t\t<section class=\"elementor-section elementor-top-section elementor-element elementor-element-37e494d6 elementor-section-boxed elementor-section-height-default elementor-section-height-default\" data-id=\"37e494d6\" data-element_type=\"section\">\n\t\t\t\t\t\t<div class=\"elementor-container elementor-column-gap-default\">\n\t\t\t\t\t<div class=\"elementor-column elementor-col-100 elementor-top-column elementor-element elementor-element-3f48a51d\" data-id=\"3f48a51d\" data-element_type=\"column\">\n\t\t\t<div class=\"elementor-widget-wrap elementor-element-populated\">\n\t\t\t\t\t\t<div class=\"elementor-element elementor-element-48cd9dbb elementor-widget elementor-widget-text-editor\" data-id=\"48cd9dbb\" data-element_type=\"widget\" data-widget_type=\"text-editor.default\">\n\t\t\t\t<div class=\"elementor-widget-container\">\n\t\t\t\t\t\t\t\t\t<p><strong>T\u00dc\u0130K verilerine g\u00f6re T\u00fcrkiye n\u00fcfusunun %15,4\u2019\u00fcn\u00fc olu\u015fturan 15-24 ya\u015f aras\u0131 gen\u00e7leri kapsayan \u201cZ Ku\u015fa\u011f\u0131\u201d, toplumun gelece\u011fi ama \u00f6ncelikle hepsi kendini tan\u0131yan ve kimli\u011fini olu\u015fturmaya ba\u015flam\u0131\u015f gen\u00e7leri kaps\u0131yor. H\u0131zla de\u011fi\u015fen toplumsal ve k\u00fclt\u00fcrel de\u011ferler, \u00e7al\u0131\u015fma hayat\u0131 ve ya\u015fam ko\u015fullar\u0131n\u0131n yan\u0131nda h\u0131zla a\u00e7\u0131lan jenerasyon aras\u0131 farklar, bu gen\u00e7leri daha iyi anlamak i\u00e7in onlar\u0131 daha yak\u0131ndan ve daha \u00e7ok dinlememizi gerektiriyor. <\/strong><\/p><p>Ara\u015ft\u0131rma \u015firketi Twentify, gen\u00e7leri daha iyi anlamak ve onlar\u0131n sesi olabilmek ad\u0131na ger\u00e7ekle\u015ftirdi\u011fi \u2018T\u00fcrkiye\u2019de Z Ku\u015fa\u011f\u0131&#8221; ara\u015ft\u0131rmas\u0131n\u0131 yay\u0131nlad\u0131. \u015eimdiki gen\u00e7lerin ya\u015fam ko\u015fullar\u0131 neler? Neler yap\u0131yorlar? Neleri deneyimlemek isterler? Hayallerini ger\u00e7ekle\u015ftirebileceklerine inan\u00e7lar\u0131 var m\u0131? Twentify, t\u00fcm bu sorulara cevap niteli\u011finde ve Z ku\u015fa\u011f\u0131n\u0131 daha derinlemesine anlamak i\u00e7in T\u00fcrkiye\u2019den 15-24 ya\u015f aras\u0131 1.998 gencin g\u00f6r\u00fc\u015flerini ald\u0131, analiz etti ve yorumlad\u0131.<\/p><p>Raporun sonu\u00e7lar\u0131 toplumun baz\u0131 kesimleri taraf\u0131ndan \u00f6ne s\u00fcr\u00fclen &#8220;Gen\u00e7ler umutsuz, hedefsiz, toplumdan uzaklar ve ne yapt\u0131klar\u0131n\u0131 bilmiyorlar&#8221; ve &#8220;Gen\u00e7lerin yedikleri \u00f6nlerinde yemedikleri arkalar\u0131nda ve hi\u00e7bir sorunlar\u0131 yok&#8221; g\u00f6r\u00fc\u015flerini reddeder nitelikte.<\/p><p><strong>Gen\u00e7ler San\u0131lan\u0131n Aksine Gelecekten Umutlu ve Hedefleri U\u011fruna \u00c7al\u0131\u015fmalar\u0131 Gerekti\u011fini Biliyor<\/strong><br \/>Gen\u00e7ler ne umutsuz ne de hedefsiz! \u015eu andaki durumlar\u0131ndan \u00e7ok memnun olmasalar da k\u0131sa ve orta vadede kendilerinden emin, hedeflerinin pe\u015finden ko\u015fan, \u00e7al\u0131\u015fman\u0131n getirisinin fark\u0131nda olan bir jenerasyon kar\u015f\u0131m\u0131za \u00e7\u0131k\u0131yor. Ekran s\u00fcreleri ve sosyal medyada ge\u00e7irilen vakit fazla gibi g\u00f6z\u00fckse de asl\u0131nda i\u00e7inde do\u011fduklar\u0131 bu ekosistem onlar i\u00e7in di\u011fer jenerasyonlar\u0131n anlayamad\u0131\u011f\u0131 bir hayat bi\u00e7imi ve her bir platformu belirli ama\u00e7lar i\u00e7in kullan\u0131yorlar.<\/p><p>Tabii ki hi\u00e7bir sorunlar\u0131 yok de\u011fil, \u00f6zellikle maddi ve sosyal \u015fartlar\u0131n yetersizli\u011fi \u00f6n plana \u00e7\u0131k\u0131yor. Yine de kendilerinden ve isteklerinden emin bir \u015fekilde kendi ya\u015fam tarzlar\u0131n\u0131 s\u00fcrd\u00fcrmek i\u00e7in baz\u0131 \u00fccretli platformlara da \u00f6deme yapmaya devam ediyorlar. Fakat yapmak isteyip de yapamad\u0131klar\u0131 bo\u015f zaman aktivitelerinin en b\u00fcy\u00fck nedeni, maddi yetersizlik olarak \u00f6n plana \u00e7\u0131k\u0131yor. Gen\u00e7lerin %48\u2019i sahip olduklar\u0131 olanaklar\u0131n sosyal \u015fartlarla belirlendi\u011fini belirtiyor.<\/p><p>Gen\u00e7leri toplumdan uzak tutan ve kendilerini yak\u0131n hissettirmeyen yeg\u00e2ne \u015fey ise toplumun s\u00f6ylemleri. Bu s\u00f6ylemler devam ettik\u00e7e aradaki mesafe de a\u00e7\u0131lacak gibi g\u00f6r\u00fcn\u00fcyor fakat bu durum gen\u00e7lerin motivasyonunda ve de\u011ferlerinde bir eksilmeye sebebiyet vermiyor.<\/p><p><strong>Gen\u00e7ler G\u00fcnde 25 TL ile Ge\u00e7iniyor!<\/strong><br \/>Ara\u015ft\u0131rmaya g\u00f6re Z ku\u015fa\u011f\u0131, ya\u015fad\u0131klar\u0131 evi ortalama 3 ki\u015fiyle daha payla\u015f\u0131yor. Hanelerin oda say\u0131s\u0131 ortalamada 3.5 ve evlerin %66\u2019s\u0131 gen\u00e7lerin ailelerine ait. Ayda a\u015fa\u011f\u0131 yukar\u0131 750 TL har\u00e7l\u0131klar\u0131\/gelirleri olan gen\u00e7ler, g\u00fcnl\u00fck 25 TL ile ge\u00e7iniyorlar. Bu gen\u00e7lerin %37\u2019sinin ayl\u0131k 0-99 TL aras\u0131nda gelirleri oldu\u011funu d\u00fc\u015f\u00fcn\u00fcrsek, her 10 gen\u00e7ten 4\u2019\u00fcn\u00fcn ay i\u00e7inde sadece yol paralar\u0131 var diyebiliriz. Gen\u00e7lerin %28\u2019i ise hen\u00fcz banka m\u00fc\u015fterisi olmam\u0131\u015f ve %58\u2019i kredi kart\u0131 kullanm\u0131yor.<\/p><p><strong>Sosyal ve K\u00fclt\u00fcrel Aktiviteler Ekonomik Engellere Tak\u0131l\u0131yor!<\/strong><br \/>Gen\u00e7lerin sosyal ya\u015famlar\u0131na bakt\u0131\u011f\u0131m\u0131zda, bo\u015f zamanlar\u0131n\u0131n genel olarak bir \u015feyler izlemek, AVM\u2019ye gitmek, spor yapmak ve oyun oynamak etraf\u0131nda d\u00f6nd\u00fc\u011f\u00fc g\u00f6r\u00fcl\u00fcyor. Gen\u00e7 kad\u0131nlar k\u00fclt\u00fcrel aktiviteleri, gen\u00e7 erkekler ise rekabet\u00e7i aktiviteleri daha \u00e7ok tercih ettiklerini belirtiyor. Yap\u0131lmak istenen ama yap\u0131lamayan aktivitelerin ba\u015f\u0131nda k\u00fclt\u00fcrel aktiviteler ve al\u0131\u015fveri\u015f geliyor ve bu aktivitelerin yap\u0131lamamas\u0131n\u0131n \u00f6n\u00fcndeki en b\u00fcy\u00fck engel, yeterli gelirlerinin olmamas\u0131.<\/p><p>Gen\u00e7ler genel olarak spordan uzak olmad\u0131klar\u0131n\u0131 belirtiyorlar. Gen\u00e7 kad\u0131nlar rekabetten uzak sporlar\u0131, gen\u00e7 erkekler rekabet\u00e7i sporlar\u0131 daha \u00e7ok tercih etti\u011fini belirtiyor. Y\u00fczme, gen\u00e7lerin %42\u2019sinin en \u00e7ok yapmak isteyip yapamad\u0131\u011f\u0131 spor olarak kar\u015f\u0131m\u0131za \u00e7\u0131k\u0131yor.<\/p><p>Her 2 gen\u00e7ten birisi foto\u011fraf \u00e7ekmenin ve yeni tarifler denemenin en \u00e7ok ra\u011fbet etti\u011fini hobilerden oldu\u011funu belirtiyor. Gen\u00e7 kad\u0131nlarda daha \u00e7ok el becerisi isteyen hobiler \u00f6ne \u00e7\u0131karken, enstr\u00fcman \u00e7almak gibi maliyetli hobilere ra\u011fbet etmediklerini g\u00f6r\u00fcyoruz. Enstr\u00fcman \u00e7almak, gen\u00e7lerin en \u00e7ok sahip olmak isteyip olamad\u0131\u011f\u0131 hobi olarak kar\u015f\u0131m\u0131za \u00e7\u0131k\u0131yor.<\/p><p><strong>Gen\u00e7ler Bir Oturu\u015fta 2.5 Saat Boyunca Ekran T\u00fcketimi Yap\u0131yor!<\/strong><br \/>Z ku\u015fa\u011f\u0131n\u0131n hayat tarz\u0131 haline gelen dijital t\u00fcketim taraf\u0131nda ise haftada 4 kere dizi\/film gibi i\u00e7erikler izlediklerini, 4 kere de oyun oynad\u0131klar\u0131n\u0131 g\u00f6r\u00fcyoruz. Ekran kar\u015f\u0131s\u0131nda, tek seferde ortalama 2.5 saat zaman ge\u00e7iriyorlar. Gen\u00e7ler i\u00e7in i\u00e7erik izlerken internet ve \u00fcyelikli platformlar \u00f6n planda ve her 10 gen\u00e7ten 7\u2019si \u00fccretli \u00fcyeliklerin \u00f6demelerinde bir \u015fekilde rol al\u0131yorlar.<\/p><p>Gen\u00e7ler \u0130\u00e7in Facebook Aile Ortam\u0131, Instagram ise Arkada\u015f Ortam\u0131<br \/>Takip edilen ki\u015filerde Instagram arkada\u015flar, Facebook akrabalar, Twitter haber platformlar\u0131, TikTok komedi hesaplar\u0131 ile ayr\u0131\u015f\u0131yor. \u0130\u00e7erikte ise, Instagram ve TikTok komik, Facebook ki\u015filerin kendi hayat\u0131, Twitter siyaset ve bilim ile ayr\u0131\u015f\u0131yor.<\/p><p><strong>Gen\u00e7ler \u0130\u00e7in Fonksiyonalite ve Rahatl\u0131k \u00d6n Planda<\/strong><br \/>Dijital platformlarda g\u00f6rd\u00fc\u011f\u00fcm\u00fcz h\u0131zl\u0131 t\u00fcketimin, gen\u00e7ler aras\u0131nda pop\u00fcler olan konular\u0131n \u00e7abucak de\u011fi\u015fmesinin aksine 18-24 ya\u015f aras\u0131 gen\u00e7ler asl\u0131nda fonksiyonaliteyi ve kendi rahatlar\u0131n\u0131 daha \u00f6nde konumland\u0131r\u0131yorlar. Tabii ki al\u0131\u015fveri\u015f yapmaktan ve yeni bir \u015feylere sahip olmaktan ald\u0131klar\u0131 haz olduk\u00e7a fazla, fakat sat\u0131n almadan \u00f6nce ince eleyip s\u0131k dokuyorlar, reklamlara kolay kanm\u0131yorlar ve \u00fcr\u00fcn\/hizmet performans\u0131na daha \u00e7ok odaklan\u0131yorlar.<\/p>\t\t\t\t\t\t\t\t<\/div>\n\t\t\t\t<\/div>\n\t\t\t\t\t<\/div>\n\t\t<\/div>\n\t\t\t\t\t<\/div>\n\t\t<\/section>\n\t\t\t\t<\/div>\n\t\t","protected":false},"excerpt":{"rendered":"<p>T\u00dc\u0130K verilerine g\u00f6re T\u00fcrkiye n\u00fcfusunun %15,4\u2019\u00fcn\u00fc olu\u015fturan 15-24 ya\u015f aras\u0131 gen\u00e7leri kapsayan \u201cZ Ku\u015fa\u011f\u0131\u201d, toplumun gelece\u011fi ama \u00f6ncelikle hepsi kendini tan\u0131yan ve kimli\u011fini olu\u015fturmaya ba\u015flam\u0131\u015f gen\u00e7leri kaps\u0131yor. H\u0131zla de\u011fi\u015fen toplumsal ve k\u00fclt\u00fcrel de\u011ferler, \u00e7al\u0131\u015fma hayat\u0131 ve ya\u015fam ko\u015fullar\u0131n\u0131n yan\u0131nda h\u0131zla a\u00e7\u0131lan jenerasyon aras\u0131 farklar, bu gen\u00e7leri daha iyi anlamak i\u00e7in onlar\u0131 daha yak\u0131ndan ve daha [&hellip;]<\/p>\n","protected":false},"author":2,"featured_media":1926,"comment_status":"open","ping_status":"open","sticky":false,"template":"","format":"standard","meta":{"footnotes":""},"categories":[17],"tags":[],"class_list":{"0":"post-1925","1":"post","2":"type-post","3":"status-publish","4":"format-standard","5":"has-post-thumbnail","7":"category-haberler"},"_links":{"self":[{"href":"https:\/\/www.zincirmagazalar.org\/index.php?rest_route=\/wp\/v2\/posts\/1925","targetHints":{"allow":["GET"]}}],"collection":[{"href":"https:\/\/www.zincirmagazalar.org\/index.php?rest_route=\/wp\/v2\/posts"}],"about":[{"href":"https:\/\/www.zincirmagazalar.org\/index.php?rest_route=\/wp\/v2\/types\/post"}],"author":[{"embeddable":true,"href":"https:\/\/www.zincirmagazalar.org\/index.php?rest_route=\/wp\/v2\/users\/2"}],"replies":[{"embeddable":true,"href":"https:\/\/www.zincirmagazalar.org\/index.php?rest_route=%2Fwp%2Fv2%2Fcomments&post=1925"}],"version-history":[{"count":5,"href":"https:\/\/www.zincirmagazalar.org\/index.php?rest_route=\/wp\/v2\/posts\/1925\/revisions"}],"predecessor-version":[{"id":1931,"href":"https:\/\/www.zincirmagazalar.org\/index.php?rest_route=\/wp\/v2\/posts\/1925\/revisions\/1931"}],"wp:featuredmedia":[{"embeddable":true,"href":"https:\/\/www.zincirmagazalar.org\/index.php?rest_route=\/wp\/v2\/media\/1926"}],"wp:attachment":[{"href":"https:\/\/www.zincirmagazalar.org\/index.php?rest_route=%2Fwp%2Fv2%2Fmedia&parent=1925"}],"wp:term":[{"taxonomy":"category","embeddable":true,"href":"https:\/\/www.zincirmagazalar.org\/index.php?rest_route=%2Fwp%2Fv2%2Fcategories&post=1925"},{"taxonomy":"post_tag","embeddable":true,"href":"https:\/\/www.zincirmagazalar.org\/index.php?rest_route=%2Fwp%2Fv2%2Ftags&post=1925"}],"curies":[{"name":"wp","href":"https:\/\/api.w.org\/{rel}","templated":true}]}}