{"id":186,"date":"2019-09-16T10:27:56","date_gmt":"2019-09-16T10:27:56","guid":{"rendered":"https:\/\/new.kategorimagazaciligi.org\/?p=186"},"modified":"2019-09-16T10:29:13","modified_gmt":"2019-09-16T10:29:13","slug":"perakende-sektorunun-istihdama-katkisi-suruyor","status":"publish","type":"post","link":"https:\/\/www.zincirmagazalar.org\/?p=186","title":{"rendered":"Perakende Sekt\u00f6r\u00fcn\u00fcn \u0130stihdama Katk\u0131s\u0131 S\u00fcr\u00fcyor"},"content":{"rendered":"\t\t<div data-elementor-type=\"wp-post\" data-elementor-id=\"186\" class=\"elementor elementor-186\">\n\t\t\t\t\t\t<section class=\"elementor-section elementor-top-section elementor-element elementor-element-37e494d6 elementor-section-boxed elementor-section-height-default elementor-section-height-default\" data-id=\"37e494d6\" data-element_type=\"section\">\n\t\t\t\t\t\t<div class=\"elementor-container elementor-column-gap-default\">\n\t\t\t\t\t<div class=\"elementor-column elementor-col-100 elementor-top-column elementor-element elementor-element-3f48a51d\" data-id=\"3f48a51d\" data-element_type=\"column\">\n\t\t\t<div class=\"elementor-widget-wrap elementor-element-populated\">\n\t\t\t\t\t\t<div class=\"elementor-element elementor-element-48cd9dbb elementor-widget elementor-widget-text-editor\" data-id=\"48cd9dbb\" data-element_type=\"widget\" data-widget_type=\"text-editor.default\">\n\t\t\t\t<div class=\"elementor-widget-container\">\n\t\t\t\t\t\t\t\t\t<div class=\"td-paragraph-padding-1\"><p class=\"p1\"><b>Perakende sekt\u00f6r\u00fc bir ilke daha imza at\u0131yor. PERAVOC Perakendede Mesleki Yeterlilik Belgelendirme Merkezi, sekt\u00f6r mesleklerine dair mesleki belgelendirme yapacak. \u0130stanbul Kalk\u0131nma Ajans\u0131 deste\u011fiyle hayata ge\u00e7irilen proje sayesinde \u00e7al\u0131\u015fanlar, mesleki bilgilerini belgelendirebilecekler. \u0130\u015fverenler ise yeterlilik belgeli personel \u00e7al\u0131\u015ft\u0131rd\u0131\u011f\u0131nda \u00f6nemli te\u015fviklerden faydalanabilecek.<\/b><\/p><\/div><div class=\"td-paragraph-padding-1\"><p class=\"p1\">G\u0131da Perakendecileri Derne\u011fi (GPD) ve Kategori Ma\u011fazac\u0131l\u0131\u011f\u0131 Derne\u011fi (KMD), perakende sekt\u00f6r\u00fcn\u00fcn geli\u015fimi i\u00e7in hayata ge\u00e7irdi\u011fi istihdam projelerine bir yenisini daha ekliyor. \u0130stanbul Kalk\u0131nma Ajans\u0131 taraf\u0131ndan hibe deste\u011fi almaya hak kazanan ve G\u0131da Perakendecileri Derne\u011fi, \u0130stanbul Valili\u011fi ve Marmara \u00dcniversitesi M\u00fchendislik Fak\u00fcltesi ortakl\u0131\u011f\u0131yla Kategori Ma\u011fazac\u0131l\u0131\u011f\u0131 Derne\u011fi (KMD) taraf\u0131ndan y\u00fcr\u00fct\u00fclen PERAVOC Perakendede Mesleki Yeterlilik Belgelendirme Merkezi, perakende sekt\u00f6r\u00fcn\u00fcn gelece\u011fi i\u00e7in \u00f6nemli yat\u0131r\u0131m olacak.<\/p><p class=\"p1\"><img fetchpriority=\"high\" decoding=\"async\" class=\" wp-image-189 alignleft\" src=\"https:\/\/new.kategorimagazaciligi.org\/wp-content\/uploads\/2019\/09\/Kariyer-Gu\u0308nu\u0308-300x225.jpg\" alt=\"\" width=\"364\" height=\"273\" srcset=\"https:\/\/www.zincirmagazalar.org\/wp-content\/uploads\/2019\/09\/Kariyer-Gu\u0308nu\u0308-300x225.jpg 300w, https:\/\/www.zincirmagazalar.org\/wp-content\/uploads\/2019\/09\/Kariyer-Gu\u0308nu\u0308-768x576.jpg 768w, https:\/\/www.zincirmagazalar.org\/wp-content\/uploads\/2019\/09\/Kariyer-Gu\u0308nu\u0308-1024x768.jpg 1024w, https:\/\/www.zincirmagazalar.org\/wp-content\/uploads\/2019\/09\/Kariyer-Gu\u0308nu\u0308-80x60.jpg 80w, https:\/\/www.zincirmagazalar.org\/wp-content\/uploads\/2019\/09\/Kariyer-Gu\u0308nu\u0308-265x198.jpg 265w, https:\/\/www.zincirmagazalar.org\/wp-content\/uploads\/2019\/09\/Kariyer-Gu\u0308nu\u0308-696x522.jpg 696w, https:\/\/www.zincirmagazalar.org\/wp-content\/uploads\/2019\/09\/Kariyer-Gu\u0308nu\u0308-1068x801.jpg 1068w, https:\/\/www.zincirmagazalar.org\/wp-content\/uploads\/2019\/09\/Kariyer-Gu\u0308nu\u0308-560x420.jpg 560w, https:\/\/www.zincirmagazalar.org\/wp-content\/uploads\/2019\/09\/Kariyer-Gu\u0308nu\u0308.jpg 1969w\" sizes=\"(max-width: 364px) 100vw, 364px\" \/>GPD ve KMD Genel Sekreteri F\u00fcsun Tavus, ilk etapta Bilgi Teknolojileri Sat\u0131\u015f Eleman\u0131, Bilgi Teknolojileri Sat\u0131\u015f Sorumlusu ve Bilgi Teknolojileri \u00c7\u00f6z\u00fcmleri Uzman\u0131 mesleklerine dair yeterlilik s\u0131navlar\u0131 i\u00e7in Mesleki Yeterlilik Kurumu\u2019ndan (MYK) yetki alacak olan PERAVOC Belgelendirme Merkezi\u2019nin, ba\u015fka meslekler i\u00e7in de kapsam geni\u015fleterek perakende sekt\u00f6r\u00fcne daha geni\u015f bir alanda hizmet verebilece\u011fini belirtiyor. F\u00fcsun Tavus, MYK taraf\u0131ndan \u015fu ana kadar 775 mesle\u011fin standartlar\u0131n\u0131n tan\u0131mland\u0131\u011f\u0131n\u0131, bu mesleklerden 425 tanesinin yeterliliklerinin haz\u0131rland\u0131\u011f\u0131n\u0131 ifade ediyor. Yeterlilikleri haz\u0131rlanan meslekler i\u00e7inde 244 tanesi i\u00e7in belgelendirme yap\u0131labildi\u011fini s\u00f6yleyen Tavus, \u201cMYK verilerine g\u00f6re \u015fu ana kadar toplamda 275.575 ki\u015fiye Mesleki Yeterlilik Belgesi d\u00fczenlendi\u201d diyor.<\/p><p class=\"p1\">Mesleki Yeterlilik Belgesi, bireylerin s\u00f6z konusu ulusal yeterlilikte belirtilen \u00f6\u011frenme kazan\u0131mlar\u0131na (bilgi, beceri ve yetkinlik) sahip oldu\u011funu g\u00f6steren belgeler olarak tan\u0131mlan\u0131yor. Tehlikeli s\u0131n\u0131fa giren mesleklerde \u00e7al\u0131\u015fanlar i\u00e7in zorunlu hale getirilen Mesleki Yeterlilik Belgeleri, PERAVOC taraf\u0131ndan s\u0131navlar\u0131 yap\u0131lacak mesleklerde zorunlu de\u011fil. Ancak i\u015fverenlere getirilen te\u015fvikler ve \u00e7al\u0131\u015fanlara sundu\u011fu avantajlar a\u00e7\u0131s\u0131ndan uzun d\u00f6nemde b\u00fcy\u00fck fayda sa\u011fl\u0131yor.<\/p><p class=\"p1\"><b>BELGE SAH\u0130PL\u0130\u011e\u0130 \u00d6ZEND\u0130R\u0130LECEK<\/b><\/p><p class=\"p1\">\u201cPERAVOC hakk\u0131nda bilgilendirme toplant\u0131lar\u0131 bir s\u00fcredir devam ediyor. GPD ve KMD taraf\u0131ndan organize edilen bilgilendirme ve fark\u0131ndal\u0131k yaratma toplant\u0131lar\u0131 ile \u00fcye perakendeci kurulu\u015flara, meslek \u00f6rg\u00fctlerine, \u00e7al\u0131\u015fan temsilci kurulu\u015flar\u0131na ula\u015f\u0131l\u0131yor\u201d diyen F\u00fcsun Tavus, toplant\u0131larda Mesleki Yeterlilik Belgesinin yarar\u0131 ve sa\u011flad\u0131\u011f\u0131 avantajlar\u0131n anlat\u0131ld\u0131\u011f\u0131na vurgu yap\u0131yor.<\/p><p class=\"p1\">Aral\u0131k ay\u0131nda d\u00fczenlenen \u0130\u015fveren Fark\u0131ndal\u0131k Semineri\u2019nde perakende sekt\u00f6r\u00fcnde faaliyet g\u00f6steren yakla\u015f\u0131k 30 firmadan 45 yetkiliye hem projenin hedefleri hem de MYK \u00e7al\u0131\u015fmalar\u0131 ve Mesleki Yeterlilik Belgesinin \u00f6nemi aktar\u0131ld\u0131. Bu belgeye sahip ki\u015filerin istihdam edilmesi durumunda yararlan\u0131labilecek te\u015fvikler, bu ki\u015filerin mesleki bilgisinin ve deneyiminin sa\u011flayaca\u011f\u0131 avantajlar hakk\u0131nda bilgi verildi.<\/p><p class=\"p1\"><b>MESLEK\u0130 YETERL\u0130L\u0130K BELGES\u0130N\u0130N B\u0130REYLER \u0130\u00c7\u0130N AVANTAJLARI<\/b><\/p><p class=\"p1\">* Ulusal yeterlilikler temel al\u0131narak yap\u0131lan \u00f6l\u00e7me de\u011ferlendirme sonucunda al\u0131nan belge, ki\u015fiye bir i\u015fe ba\u015fvururken sahip oldu\u011fu bilgi, beceri ve yetkinlikleri sergileme olana\u011f\u0131 veriyor.<\/p><p class=\"p1\">* Ulusal yeterlilikler yayg\u0131n ve informal \u00f6\u011frenmenin tan\u0131nmas\u0131na imkan verdi\u011fi i\u00e7in bireyler ki\u015fisel geli\u015fimlerini daha \u00e7e\u015fitli ve esnek yollarla sa\u011flayabiliyorlar. Mesleki ilerleme yollar\u0131 daha a\u00e7\u0131k hale geldi\u011finden kariyer hareketlili\u011fi destekleniyor.<\/p><p class=\"p1\">* Al\u0131nan Mesleki Yeterlilik Belgesi\u2019nin Avrupa Birli\u011fi \u00e7er\u00e7evesinde ge\u00e7erlili\u011fi olmakta, belge sahipleri mesleki yeterliliklerini bu belge ile kolayca ispatlayabiliyorlar.<\/p><p class=\"p1\">* Mesleki Yeterlilik Kurumu, belge sahiplerine ayr\u0131ca mesleklerin seviyelerine g\u00f6re Avrupa Birli\u011fi\u2019nde de ge\u00e7erli olmak \u00fczere e\u011fitim denkli\u011fi veriyor.<\/p><p class=\"p1\"><b>MESLEK\u0130 YETERL\u0130L\u0130K BELGES\u0130N\u0130N \u0130\u015eVERENLER \u0130\u00c7\u0130N AVANTAJLARI<\/b><\/p><p class=\"p1\">* 12 aydan 48 aya varan s\u00fcrelerle SGK sigorta primlerinde te\u015fvik uygulamas\u0131 personel maliyetlerini d\u00fc\u015f\u00fcr\u00fcyor.<\/p><p class=\"p1\">* \u0130\u015fverenler mesle\u011fin gerektirdi\u011fi nitelikli ve belgeli i\u015f g\u00fcc\u00fcne daha kolay ula\u015fabiliyor ve te\u015fvik imkanlar\u0131ndan yararlanabiliyorlar.<\/p><p class=\"p1\">* \u0130\u015fin gerektirdi\u011fi bilgi ve becerilere sahip, de\u011fi\u015fen ko\u015fullara ayak uydurabilen ki\u015filerin istihdam edilmesi, i\u015fverenin rekabet g\u00fcc\u00fcn\u00fc artt\u0131r\u0131yor ve do\u011fru insan kayna\u011f\u0131 planlamas\u0131 ile zaman ve para kayb\u0131 engellenmi\u015f oluyor.<\/p><p class=\"p1\">* Nitelikli i\u015f g\u00fcc\u00fc istihdam\u0131n\u0131n yayg\u0131nla\u015ft\u0131r\u0131lmas\u0131, t\u00fcketiciye sunulan \u00fcr\u00fcn ve hizmetin kalitesinin artmas\u0131na katk\u0131da bulunuyor.<\/p><\/div>\t\t\t\t\t\t\t\t<\/div>\n\t\t\t\t<\/div>\n\t\t\t\t\t<\/div>\n\t\t<\/div>\n\t\t\t\t\t<\/div>\n\t\t<\/section>\n\t\t\t\t<\/div>\n\t\t","protected":false},"excerpt":{"rendered":"<p>Perakende sekt\u00f6r\u00fc bir ilke daha imza at\u0131yor. PERAVOC Perakendede Mesleki Yeterlilik Belgelendirme Merkezi, sekt\u00f6r mesleklerine dair mesleki belgelendirme yapacak. \u0130stanbul Kalk\u0131nma Ajans\u0131 deste\u011fiyle hayata ge\u00e7irilen proje sayesinde \u00e7al\u0131\u015fanlar, mesleki bilgilerini belgelendirebilecekler. \u0130\u015fverenler ise yeterlilik belgeli personel \u00e7al\u0131\u015ft\u0131rd\u0131\u011f\u0131nda \u00f6nemli te\u015fviklerden faydalanabilecek. G\u0131da Perakendecileri Derne\u011fi (GPD) ve Kategori Ma\u011fazac\u0131l\u0131\u011f\u0131 Derne\u011fi (KMD), perakende sekt\u00f6r\u00fcn\u00fcn geli\u015fimi i\u00e7in hayata ge\u00e7irdi\u011fi [&hellip;]<\/p>\n","protected":false},"author":1,"featured_media":187,"comment_status":"open","ping_status":"open","sticky":false,"template":"","format":"standard","meta":{"footnotes":""},"categories":[17],"tags":[],"class_list":{"0":"post-186","1":"post","2":"type-post","3":"status-publish","4":"format-standard","5":"has-post-thumbnail","7":"category-haberler"},"_links":{"self":[{"href":"https:\/\/www.zincirmagazalar.org\/index.php?rest_route=\/wp\/v2\/posts\/186","targetHints":{"allow":["GET"]}}],"collection":[{"href":"https:\/\/www.zincirmagazalar.org\/index.php?rest_route=\/wp\/v2\/posts"}],"about":[{"href":"https:\/\/www.zincirmagazalar.org\/index.php?rest_route=\/wp\/v2\/types\/post"}],"author":[{"embeddable":true,"href":"https:\/\/www.zincirmagazalar.org\/index.php?rest_route=\/wp\/v2\/users\/1"}],"replies":[{"embeddable":true,"href":"https:\/\/www.zincirmagazalar.org\/index.php?rest_route=%2Fwp%2Fv2%2Fcomments&post=186"}],"version-history":[{"count":3,"href":"https:\/\/www.zincirmagazalar.org\/index.php?rest_route=\/wp\/v2\/posts\/186\/revisions"}],"predecessor-version":[{"id":191,"href":"https:\/\/www.zincirmagazalar.org\/index.php?rest_route=\/wp\/v2\/posts\/186\/revisions\/191"}],"wp:featuredmedia":[{"embeddable":true,"href":"https:\/\/www.zincirmagazalar.org\/index.php?rest_route=\/wp\/v2\/media\/187"}],"wp:attachment":[{"href":"https:\/\/www.zincirmagazalar.org\/index.php?rest_route=%2Fwp%2Fv2%2Fmedia&parent=186"}],"wp:term":[{"taxonomy":"category","embeddable":true,"href":"https:\/\/www.zincirmagazalar.org\/index.php?rest_route=%2Fwp%2Fv2%2Fcategories&post=186"},{"taxonomy":"post_tag","embeddable":true,"href":"https:\/\/www.zincirmagazalar.org\/index.php?rest_route=%2Fwp%2Fv2%2Ftags&post=186"}],"curies":[{"name":"wp","href":"https:\/\/api.w.org\/{rel}","templated":true}]}}