{"id":1854,"date":"2021-09-22T08:07:50","date_gmt":"2021-09-22T08:07:50","guid":{"rendered":"https:\/\/www.zincirmagazalar.org\/?p=1854"},"modified":"2021-09-22T08:09:27","modified_gmt":"2021-09-22T08:09:27","slug":"tuketici-guven-endeksi-eylulde-yukseldi","status":"publish","type":"post","link":"https:\/\/www.zincirmagazalar.org\/?p=1854","title":{"rendered":"T\u00fcketici G\u00fcven Endeksi Eyl\u00fcl Ay\u0131nda Y\u00fckseldi"},"content":{"rendered":"\t\t<div data-elementor-type=\"wp-post\" data-elementor-id=\"1854\" class=\"elementor elementor-1854\">\n\t\t\t\t\t\t<section class=\"elementor-section elementor-top-section elementor-element elementor-element-37e494d6 elementor-section-boxed elementor-section-height-default elementor-section-height-default\" data-id=\"37e494d6\" data-element_type=\"section\">\n\t\t\t\t\t\t<div class=\"elementor-container elementor-column-gap-default\">\n\t\t\t\t\t<div class=\"elementor-column elementor-col-100 elementor-top-column elementor-element elementor-element-3f48a51d\" data-id=\"3f48a51d\" data-element_type=\"column\">\n\t\t\t<div class=\"elementor-widget-wrap elementor-element-populated\">\n\t\t\t\t\t\t<div class=\"elementor-element elementor-element-48cd9dbb elementor-widget elementor-widget-text-editor\" data-id=\"48cd9dbb\" data-element_type=\"widget\" data-widget_type=\"text-editor.default\">\n\t\t\t\t<div class=\"elementor-widget-container\">\n\t\t\t\t\t\t\t\t\t<p><strong>T\u00fcketici G\u00fcven Endeksi, Eyl\u00fcl ay\u0131nda bir \u00f6nceki aya g\u00f6re %1.8 artarak A\u011fustos ay\u0131ndaki 78.2 seviyesinden 79.7&#8217;ye y\u00fckseldi.<\/strong><\/p><p>T\u00fcrkiye \u0130statistik Kurumu ve T\u00fcrkiye Cumhuriyet Merkez Bankas\u0131 i\u015f birli\u011fi ile y\u00fcr\u00fct\u00fclen t\u00fcketici e\u011filim anketi sonu\u00e7lar\u0131ndan hesaplanan mevsim etkilerinden ar\u0131nd\u0131r\u0131lm\u0131\u015f t\u00fcketici g\u00fcven endeksi, Eyl\u00fcl ay\u0131nda bir \u00f6nceki aya g\u00f6re %1,8 oran\u0131nda artt\u0131; A\u011fustos ay\u0131nda 78,2 olan endeks, Eyl\u00fcl ay\u0131nda 79,7 oldu.<\/p><p><strong>Hanenin Maddi Durumu Endeksi 62,6 Oldu<\/strong><br \/>Ge\u00e7en 12 ayl\u0131k d\u00f6neme g\u00f6re mevcut d\u00f6nemde hanenin maddi durumu endeksi A\u011fustos ay\u0131nda 61,3 iken, Eyl\u00fcl ay\u0131nda %2,2 oran\u0131nda artarak 62,6 oldu.<\/p><p><strong>Hanenin Maddi Durum Beklentisi Endeksi 79,0 Oldu<\/strong><br \/>Gelecek 12 ayl\u0131k d\u00f6neme ili\u015fkin hanenin maddi durum beklentisi endeksi A\u011fustos ay\u0131nda 78,6 iken, Eyl\u00fcl ay\u0131nda %0,5 oran\u0131nda artarak 79,0 oldu.<\/p><p><strong>Genel Ekonomik Durum Beklentisi Endeksi 79,3 Oldu<\/strong><br \/>Gelecek 12 ayl\u0131k d\u00f6neme ili\u015fkin genel ekonomik durum beklentisi endeksi A\u011fustos ay\u0131nda 75,3 iken, Eyl\u00fcl ay\u0131nda %5,3 oran\u0131nda artarak 79,3 oldu.<\/p><p><strong>Dayan\u0131kl\u0131 T\u00fcketim Mallar\u0131na Harcama Yapma D\u00fc\u015f\u00fcncesi Endeksi 97,7 De\u011ferinde Ayn\u0131 Kald\u0131<\/strong><br \/>Ge\u00e7en 12 ayl\u0131k d\u00f6neme g\u00f6re gelecek 12 ayl\u0131k d\u00f6nemde dayan\u0131kl\u0131 t\u00fcketim mallar\u0131na harcama yapma d\u00fc\u015f\u00fcncesi endeksi Eyl\u00fcl ay\u0131nda ayn\u0131 d\u00fczeyde kalarak 97,7 de\u011ferini ald\u0131.<\/p>\t\t\t\t\t\t\t\t<\/div>\n\t\t\t\t<\/div>\n\t\t\t\t\t<\/div>\n\t\t<\/div>\n\t\t\t\t\t<\/div>\n\t\t<\/section>\n\t\t\t\t<\/div>\n\t\t","protected":false},"excerpt":{"rendered":"<p>T\u00fcketici G\u00fcven Endeksi, Eyl\u00fcl ay\u0131nda bir \u00f6nceki aya g\u00f6re %1.8 artarak A\u011fustos ay\u0131ndaki 78.2 seviyesinden 79.7&#8217;ye y\u00fckseldi. T\u00fcrkiye \u0130statistik Kurumu ve T\u00fcrkiye Cumhuriyet Merkez Bankas\u0131 i\u015f birli\u011fi ile y\u00fcr\u00fct\u00fclen t\u00fcketici e\u011filim anketi sonu\u00e7lar\u0131ndan hesaplanan mevsim etkilerinden ar\u0131nd\u0131r\u0131lm\u0131\u015f t\u00fcketici g\u00fcven endeksi, Eyl\u00fcl ay\u0131nda bir \u00f6nceki aya g\u00f6re %1,8 oran\u0131nda artt\u0131; A\u011fustos ay\u0131nda 78,2 olan endeks, Eyl\u00fcl [&hellip;]<\/p>\n","protected":false},"author":2,"featured_media":1855,"comment_status":"open","ping_status":"open","sticky":false,"template":"","format":"standard","meta":{"footnotes":""},"categories":[17],"tags":[],"class_list":{"0":"post-1854","1":"post","2":"type-post","3":"status-publish","4":"format-standard","5":"has-post-thumbnail","7":"category-haberler"},"_links":{"self":[{"href":"https:\/\/www.zincirmagazalar.org\/index.php?rest_route=\/wp\/v2\/posts\/1854","targetHints":{"allow":["GET"]}}],"collection":[{"href":"https:\/\/www.zincirmagazalar.org\/index.php?rest_route=\/wp\/v2\/posts"}],"about":[{"href":"https:\/\/www.zincirmagazalar.org\/index.php?rest_route=\/wp\/v2\/types\/post"}],"author":[{"embeddable":true,"href":"https:\/\/www.zincirmagazalar.org\/index.php?rest_route=\/wp\/v2\/users\/2"}],"replies":[{"embeddable":true,"href":"https:\/\/www.zincirmagazalar.org\/index.php?rest_route=%2Fwp%2Fv2%2Fcomments&post=1854"}],"version-history":[{"count":6,"href":"https:\/\/www.zincirmagazalar.org\/index.php?rest_route=\/wp\/v2\/posts\/1854\/revisions"}],"predecessor-version":[{"id":1861,"href":"https:\/\/www.zincirmagazalar.org\/index.php?rest_route=\/wp\/v2\/posts\/1854\/revisions\/1861"}],"wp:featuredmedia":[{"embeddable":true,"href":"https:\/\/www.zincirmagazalar.org\/index.php?rest_route=\/wp\/v2\/media\/1855"}],"wp:attachment":[{"href":"https:\/\/www.zincirmagazalar.org\/index.php?rest_route=%2Fwp%2Fv2%2Fmedia&parent=1854"}],"wp:term":[{"taxonomy":"category","embeddable":true,"href":"https:\/\/www.zincirmagazalar.org\/index.php?rest_route=%2Fwp%2Fv2%2Fcategories&post=1854"},{"taxonomy":"post_tag","embeddable":true,"href":"https:\/\/www.zincirmagazalar.org\/index.php?rest_route=%2Fwp%2Fv2%2Ftags&post=1854"}],"curies":[{"name":"wp","href":"https:\/\/api.w.org\/{rel}","templated":true}]}}