{"id":1802,"date":"2021-09-03T08:25:36","date_gmt":"2021-09-03T08:25:36","guid":{"rendered":"https:\/\/www.zincirmagazalar.org\/?p=1802"},"modified":"2021-09-03T08:27:10","modified_gmt":"2021-09-03T08:27:10","slug":"agustos-ayi-enflasyon-rakamlari-aciklandi","status":"publish","type":"post","link":"https:\/\/www.zincirmagazalar.org\/?p=1802","title":{"rendered":"A\u011fustos Ay\u0131 Enflasyon Rakamlar\u0131 A\u00e7\u0131kland\u0131"},"content":{"rendered":"\t\t<div data-elementor-type=\"wp-post\" data-elementor-id=\"1802\" class=\"elementor elementor-1802\">\n\t\t\t\t\t\t<section class=\"elementor-section elementor-top-section elementor-element elementor-element-37e494d6 elementor-section-boxed elementor-section-height-default elementor-section-height-default\" data-id=\"37e494d6\" data-element_type=\"section\">\n\t\t\t\t\t\t<div class=\"elementor-container elementor-column-gap-default\">\n\t\t\t\t\t<div class=\"elementor-column elementor-col-100 elementor-top-column elementor-element elementor-element-3f48a51d\" data-id=\"3f48a51d\" data-element_type=\"column\">\n\t\t\t<div class=\"elementor-widget-wrap elementor-element-populated\">\n\t\t\t\t\t\t<div class=\"elementor-element elementor-element-48cd9dbb elementor-widget elementor-widget-text-editor\" data-id=\"48cd9dbb\" data-element_type=\"widget\" data-widget_type=\"text-editor.default\">\n\t\t\t\t<div class=\"elementor-widget-container\">\n\t\t\t\t\t\t\t\t\t<div class=\"td-paragraph-padding-1\"><p class=\"p1\"><b>T\u00fcrkiye \u0130statistik Kurumu (T\u00dc\u0130K), A\u011fustos ay\u0131 enflasyon rakamlar\u0131n\u0131 a\u00e7\u0131klad\u0131. T\u00dc\u0130K verilerine g\u00f6re, T\u00fcketici Fiyat Endeksi (T\u00dcFE), ayl\u0131k bazda %1,12 artarken y\u0131ll\u0131k bazda %19,25 oldu. Enflasyon A\u011fustosta g\u0131da fiyatlar\u0131 \u00f6nc\u00fcl\u00fc\u011f\u00fcnde, beklentilerin \u00fczerinde artt\u0131. Y\u0131ll\u0131k enflasyon %19,25 ile politika faizini a\u015ft\u0131.<\/b><\/p><p>T\u00fcrkiye \u0130statistik Kurumu, A\u011fustos ay\u0131 enflasyon rakamlar\u0131n\u0131 a\u00e7\u0131klad\u0131. Buna g\u00f6re, T\u00fcketici Fiyat Endeksi (T\u00dcFE) ayl\u0131k 1,12 artt\u0131. Y\u0131ll\u0131k enflasyon ise %19,25 oldu. T\u00dcFE&#8217;de (2003=100) 2021 y\u0131l\u0131 A\u011fustos ay\u0131nda bir \u00f6nceki aya g\u00f6re %1,12, bir \u00f6nceki y\u0131l\u0131n Aral\u0131k ay\u0131na g\u00f6re %11,65, bir \u00f6nceki y\u0131l\u0131n ayn\u0131 ay\u0131na g\u00f6re %19,25 ve on iki ayl\u0131k ortalamalara g\u00f6re %15,78 art\u0131\u015f ger\u00e7ekle\u015fti. Y\u0131ll\u0131k enflasyon, %19 olan politika faizinin \u00fczerine \u00e7\u0131kt\u0131.<\/p><p><img fetchpriority=\"high\" decoding=\"async\" class=\"alignnone wp-image-1804 size-full\" src=\"https:\/\/www.zincirmagazalar.org\/wp-content\/uploads\/2021\/09\/tuik-enflasyon-0821-1.jpg\" alt=\"\" width=\"726\" height=\"140\" srcset=\"https:\/\/www.zincirmagazalar.org\/wp-content\/uploads\/2021\/09\/tuik-enflasyon-0821-1.jpg 726w, https:\/\/www.zincirmagazalar.org\/wp-content\/uploads\/2021\/09\/tuik-enflasyon-0821-1-300x58.jpg 300w, https:\/\/www.zincirmagazalar.org\/wp-content\/uploads\/2021\/09\/tuik-enflasyon-0821-1-696x134.jpg 696w\" sizes=\"(max-width: 726px) 100vw, 726px\" \/><\/p><p><strong><img decoding=\"async\" class=\"alignleft wp-image-1805 size-full\" src=\"https:\/\/www.zincirmagazalar.org\/wp-content\/uploads\/2021\/09\/tuik-enflasyon-0821-2.jpg\" alt=\"\" width=\"718\" height=\"288\" srcset=\"https:\/\/www.zincirmagazalar.org\/wp-content\/uploads\/2021\/09\/tuik-enflasyon-0821-2.jpg 718w, https:\/\/www.zincirmagazalar.org\/wp-content\/uploads\/2021\/09\/tuik-enflasyon-0821-2-300x120.jpg 300w, https:\/\/www.zincirmagazalar.org\/wp-content\/uploads\/2021\/09\/tuik-enflasyon-0821-2-696x279.jpg 696w\" sizes=\"(max-width: 718px) 100vw, 718px\" \/><\/strong><\/p><p>\u00a0<\/p><p><strong>Y\u0131ll\u0131k T\u00dcFE&#8217;ye G\u00f6re 7 Ana Grup Daha D\u00fc\u015f\u00fck, 5 Ana Grup Daha Y\u00fcksek De\u011fi\u015fim G\u00f6sterdi<\/strong><br \/>Y\u0131ll\u0131k en d\u00fc\u015f\u00fck art\u0131\u015f %1,79 ile alkoll\u00fc i\u00e7ecekler ve t\u00fct\u00fcn grubunda ger\u00e7ekle\u015fti. Bir \u00f6nceki y\u0131l\u0131n ayn\u0131 ay\u0131na g\u00f6re art\u0131\u015f\u0131n d\u00fc\u015f\u00fck oldu\u011fu di\u011fer ana gruplar s\u0131ras\u0131yla, %4,79 ile haberle\u015fme, %7,47 ile giyim ve ayakkab\u0131 ve %10,75 ile e\u011fitim oldu. Buna kar\u015f\u0131l\u0131k, bir \u00f6nceki y\u0131l\u0131n ayn\u0131 ay\u0131na g\u00f6re art\u0131\u015f\u0131n y\u00fcksek oldu\u011fu ana gruplar ise s\u0131ras\u0131yla, %29,00 ile g\u0131da ve alkols\u00fcz i\u00e7ecekler, %22,91 ile ev e\u015fyas\u0131 ve %21,76 ile ula\u015ft\u0131rma oldu.<\/p><p><strong>Ayl\u0131k T\u00dcFE&#8217;ye G\u00f6re 7 Ana Grup Daha D\u00fc\u015f\u00fck, 5 Ana Grup Daha Y\u00fcksek De\u011fi\u015fim G\u00f6sterdi<\/strong><br \/>Ayl\u0131k d\u00fc\u015f\u00fc\u015f g\u00f6steren ana gruplar %3,08 ile giyim ve ayakkab\u0131 ve %0,77 ile ula\u015ft\u0131rma oldu. Ana harcama gruplar\u0131 itibar\u0131yla 2021 y\u0131l\u0131 A\u011fustos ay\u0131nda en az art\u0131\u015f g\u00f6steren di\u011fer ana gruplar %0,18 ile alkoll\u00fc i\u00e7ecekler ve t\u00fct\u00fcn, %0,31 ile sa\u011fl\u0131k ve %0,58 ile e\u011fitim oldu. Buna kar\u015f\u0131l\u0131k, 2021 y\u0131l\u0131 A\u011fustos ay\u0131nda art\u0131\u015f\u0131n y\u00fcksek oldu\u011fu gruplar ise s\u0131ras\u0131yla, %3,18 ile g\u0131da ve alkols\u00fcz i\u00e7ecekler, %2,27 ile lokanta ve oteller ve %1,38 ile ev e\u015fyas\u0131 oldu.<\/p><p>A\u011fustos 2021&#8217;de, endekste kapsanan 415 maddeden, 59 maddenin ortalama fiyat\u0131nda d\u00fc\u015f\u00fc\u015f ger\u00e7ekle\u015firken, 49 maddenin ortalama fiyat\u0131nda de\u011fi\u015fim olmad\u0131. 307 maddenin ortalama fiyat\u0131nda ise art\u0131\u015f ger\u00e7ekle\u015fti.<\/p><p><strong>\u00d6zel Kapsaml\u0131 T\u00dcFE G\u00f6stergesi (B) Y\u0131ll\u0131k %18,46, Ayl\u0131k %0,74 Artt\u0131<\/strong><br \/>\u0130\u015flenmemi\u015f g\u0131da \u00fcr\u00fcnleri, enerji, alkoll\u00fc i\u00e7kiler ve t\u00fct\u00fcn ile alt\u0131n hari\u00e7 T\u00dcFE&#8217;de 2021 y\u0131l\u0131 A\u011fustos ay\u0131nda bir \u00f6nceki aya g\u00f6re %0,74, bir \u00f6nceki y\u0131l\u0131n Aral\u0131k ay\u0131na g\u00f6re %10,98, bir \u00f6nceki y\u0131l\u0131n ayn\u0131 ay\u0131na g\u00f6re %18,46 ve on iki ayl\u0131k ortalamalara g\u00f6re %16,14 art\u0131\u015f ger\u00e7ekle\u015fti.<\/p><\/div>\t\t\t\t\t\t\t\t<\/div>\n\t\t\t\t<\/div>\n\t\t\t\t\t<\/div>\n\t\t<\/div>\n\t\t\t\t\t<\/div>\n\t\t<\/section>\n\t\t\t\t<\/div>\n\t\t","protected":false},"excerpt":{"rendered":"<p>T\u00fcrkiye \u0130statistik Kurumu (T\u00dc\u0130K), A\u011fustos ay\u0131 enflasyon rakamlar\u0131n\u0131 a\u00e7\u0131klad\u0131. T\u00dc\u0130K verilerine g\u00f6re, T\u00fcketici Fiyat Endeksi (T\u00dcFE), ayl\u0131k bazda %1,12 artarken y\u0131ll\u0131k bazda %19,25 oldu. Enflasyon A\u011fustosta g\u0131da fiyatlar\u0131 \u00f6nc\u00fcl\u00fc\u011f\u00fcnde, beklentilerin \u00fczerinde artt\u0131. Y\u0131ll\u0131k enflasyon %19,25 ile politika faizini a\u015ft\u0131. T\u00fcrkiye \u0130statistik Kurumu, A\u011fustos ay\u0131 enflasyon rakamlar\u0131n\u0131 a\u00e7\u0131klad\u0131. Buna g\u00f6re, T\u00fcketici Fiyat Endeksi (T\u00dcFE) ayl\u0131k 1,12 [&hellip;]<\/p>\n","protected":false},"author":2,"featured_media":1756,"comment_status":"open","ping_status":"open","sticky":false,"template":"","format":"standard","meta":{"footnotes":""},"categories":[17],"tags":[],"class_list":{"0":"post-1802","1":"post","2":"type-post","3":"status-publish","4":"format-standard","5":"has-post-thumbnail","7":"category-haberler"},"_links":{"self":[{"href":"https:\/\/www.zincirmagazalar.org\/index.php?rest_route=\/wp\/v2\/posts\/1802","targetHints":{"allow":["GET"]}}],"collection":[{"href":"https:\/\/www.zincirmagazalar.org\/index.php?rest_route=\/wp\/v2\/posts"}],"about":[{"href":"https:\/\/www.zincirmagazalar.org\/index.php?rest_route=\/wp\/v2\/types\/post"}],"author":[{"embeddable":true,"href":"https:\/\/www.zincirmagazalar.org\/index.php?rest_route=\/wp\/v2\/users\/2"}],"replies":[{"embeddable":true,"href":"https:\/\/www.zincirmagazalar.org\/index.php?rest_route=%2Fwp%2Fv2%2Fcomments&post=1802"}],"version-history":[{"count":4,"href":"https:\/\/www.zincirmagazalar.org\/index.php?rest_route=\/wp\/v2\/posts\/1802\/revisions"}],"predecessor-version":[{"id":1808,"href":"https:\/\/www.zincirmagazalar.org\/index.php?rest_route=\/wp\/v2\/posts\/1802\/revisions\/1808"}],"wp:featuredmedia":[{"embeddable":true,"href":"https:\/\/www.zincirmagazalar.org\/index.php?rest_route=\/wp\/v2\/media\/1756"}],"wp:attachment":[{"href":"https:\/\/www.zincirmagazalar.org\/index.php?rest_route=%2Fwp%2Fv2%2Fmedia&parent=1802"}],"wp:term":[{"taxonomy":"category","embeddable":true,"href":"https:\/\/www.zincirmagazalar.org\/index.php?rest_route=%2Fwp%2Fv2%2Fcategories&post=1802"},{"taxonomy":"post_tag","embeddable":true,"href":"https:\/\/www.zincirmagazalar.org\/index.php?rest_route=%2Fwp%2Fv2%2Ftags&post=1802"}],"curies":[{"name":"wp","href":"https:\/\/api.w.org\/{rel}","templated":true}]}}