{"id":1781,"date":"2021-08-24T08:49:01","date_gmt":"2021-08-24T08:49:01","guid":{"rendered":"https:\/\/www.zincirmagazalar.org\/?p=1781"},"modified":"2021-08-24T08:49:55","modified_gmt":"2021-08-24T08:49:55","slug":"tuketici-guven-endeksi-782-oldu","status":"publish","type":"post","link":"https:\/\/www.zincirmagazalar.org\/?p=1781","title":{"rendered":"T\u00fcketici G\u00fcven Endeksi, 78,2 Oldu"},"content":{"rendered":"\t\t<div data-elementor-type=\"wp-post\" data-elementor-id=\"1781\" class=\"elementor elementor-1781\">\n\t\t\t\t\t\t<section class=\"elementor-section elementor-top-section elementor-element elementor-element-37e494d6 elementor-section-boxed elementor-section-height-default elementor-section-height-default\" data-id=\"37e494d6\" data-element_type=\"section\">\n\t\t\t\t\t\t<div class=\"elementor-container elementor-column-gap-default\">\n\t\t\t\t\t<div class=\"elementor-column elementor-col-100 elementor-top-column elementor-element elementor-element-3f48a51d\" data-id=\"3f48a51d\" data-element_type=\"column\">\n\t\t\t<div class=\"elementor-widget-wrap elementor-element-populated\">\n\t\t\t\t\t\t<div class=\"elementor-element elementor-element-48cd9dbb elementor-widget elementor-widget-text-editor\" data-id=\"48cd9dbb\" data-element_type=\"widget\" data-widget_type=\"text-editor.default\">\n\t\t\t\t<div class=\"elementor-widget-container\">\n\t\t\t\t\t\t\t\t\t<div class=\"td-paragraph-padding-1\"><p class=\"p1\"><b>T\u00fcketici G\u00fcven Endeksi, A\u011fustos ay\u0131nda bir \u00f6nceki aya g\u00f6re %1.6 azalarak Temmuz ay\u0131ndaki 79.5 seviyesinden 78.2&#8217;ye geriledi.<\/b><\/p><p>T\u00fcrkiye \u0130statistik Kurumu ve T\u00fcrkiye Cumhuriyet Merkez Bankas\u0131 i\u015f birli\u011fi ile y\u00fcr\u00fct\u00fclen t\u00fcketici e\u011filim anketi sonu\u00e7lar\u0131ndan hesaplanan mevsim etkilerinden ar\u0131nd\u0131r\u0131lm\u0131\u015f T\u00fcketici G\u00fcven Endeksi verileri a\u00e7\u0131kland\u0131. Endeks A\u011fustos ay\u0131nda bir \u00f6nceki aya g\u00f6re %1,6 oran\u0131nda azald\u0131; Temmuz ay\u0131nda 79,5 olan endeks, A\u011fustos ay\u0131nda 78,2 oldu.<\/p><p><strong>Hanenin Maddi Durumu Endeksi, 61,3<\/strong><br \/>Ge\u00e7en 12 ayl\u0131k d\u00f6neme g\u00f6re mevcut d\u00f6nemde hanenin maddi durumu endeksi Temmuz ay\u0131nda 57,9 iken, A\u011fustos ay\u0131nda %5,8 oran\u0131nda artarak 61,3 oldu.<\/p><p><strong>Hanenin Maddi Durum Beklentisi Endeksi, 78,6<\/strong><br \/>Gelecek 12 ayl\u0131k d\u00f6neme ili\u015fkin hanenin maddi durum beklentisi endeksi Temmuz ay\u0131nda 79,8 iken, A\u011fustos ay\u0131nda %1,4 oran\u0131nda azalarak 78,6 oldu.<\/p><p><strong>Genel Ekonomik Durum Beklentisi Endeksi, 75,3<\/strong><br \/>Gelecek 12 ayl\u0131k d\u00f6neme ili\u015fkin genel ekonomik durum beklentisi endeksi Temmuz ay\u0131nda 83,2 iken, A\u011fustos ay\u0131nda %9,6 oran\u0131nda azalarak 75,3 oldu.<\/p><p><strong>Dayan\u0131kl\u0131 T\u00fcketim Mallar\u0131na Harcama Yapma D\u00fc\u015f\u00fcncesi Endeksi, 97,7<\/strong><br \/>Ge\u00e7en 12 ayl\u0131k d\u00f6neme g\u00f6re gelecek 12 ayl\u0131k d\u00f6nemde dayan\u0131kl\u0131 t\u00fcketim mallar\u0131na harcama yapma d\u00fc\u015f\u00fcncesi endeksi Temmuz ay\u0131nda 97,0 iken, A\u011fustos ay\u0131nda %0,7 oran\u0131nda artarak 97,7 oldu.<\/p><\/div>\t\t\t\t\t\t\t\t<\/div>\n\t\t\t\t<\/div>\n\t\t\t\t\t<\/div>\n\t\t<\/div>\n\t\t\t\t\t<\/div>\n\t\t<\/section>\n\t\t\t\t<\/div>\n\t\t","protected":false},"excerpt":{"rendered":"<p>T\u00fcketici G\u00fcven Endeksi, A\u011fustos ay\u0131nda bir \u00f6nceki aya g\u00f6re %1.6 azalarak Temmuz ay\u0131ndaki 79.5 seviyesinden 78.2&#8217;ye geriledi. T\u00fcrkiye \u0130statistik Kurumu ve T\u00fcrkiye Cumhuriyet Merkez Bankas\u0131 i\u015f birli\u011fi ile y\u00fcr\u00fct\u00fclen t\u00fcketici e\u011filim anketi sonu\u00e7lar\u0131ndan hesaplanan mevsim etkilerinden ar\u0131nd\u0131r\u0131lm\u0131\u015f T\u00fcketici G\u00fcven Endeksi verileri a\u00e7\u0131kland\u0131. Endeks A\u011fustos ay\u0131nda bir \u00f6nceki aya g\u00f6re %1,6 oran\u0131nda azald\u0131; Temmuz ay\u0131nda 79,5 [&hellip;]<\/p>\n","protected":false},"author":2,"featured_media":1727,"comment_status":"open","ping_status":"open","sticky":false,"template":"","format":"standard","meta":{"footnotes":""},"categories":[17],"tags":[],"class_list":{"0":"post-1781","1":"post","2":"type-post","3":"status-publish","4":"format-standard","5":"has-post-thumbnail","7":"category-haberler"},"_links":{"self":[{"href":"https:\/\/www.zincirmagazalar.org\/index.php?rest_route=\/wp\/v2\/posts\/1781","targetHints":{"allow":["GET"]}}],"collection":[{"href":"https:\/\/www.zincirmagazalar.org\/index.php?rest_route=\/wp\/v2\/posts"}],"about":[{"href":"https:\/\/www.zincirmagazalar.org\/index.php?rest_route=\/wp\/v2\/types\/post"}],"author":[{"embeddable":true,"href":"https:\/\/www.zincirmagazalar.org\/index.php?rest_route=\/wp\/v2\/users\/2"}],"replies":[{"embeddable":true,"href":"https:\/\/www.zincirmagazalar.org\/index.php?rest_route=%2Fwp%2Fv2%2Fcomments&post=1781"}],"version-history":[{"count":4,"href":"https:\/\/www.zincirmagazalar.org\/index.php?rest_route=\/wp\/v2\/posts\/1781\/revisions"}],"predecessor-version":[{"id":1785,"href":"https:\/\/www.zincirmagazalar.org\/index.php?rest_route=\/wp\/v2\/posts\/1781\/revisions\/1785"}],"wp:featuredmedia":[{"embeddable":true,"href":"https:\/\/www.zincirmagazalar.org\/index.php?rest_route=\/wp\/v2\/media\/1727"}],"wp:attachment":[{"href":"https:\/\/www.zincirmagazalar.org\/index.php?rest_route=%2Fwp%2Fv2%2Fmedia&parent=1781"}],"wp:term":[{"taxonomy":"category","embeddable":true,"href":"https:\/\/www.zincirmagazalar.org\/index.php?rest_route=%2Fwp%2Fv2%2Fcategories&post=1781"},{"taxonomy":"post_tag","embeddable":true,"href":"https:\/\/www.zincirmagazalar.org\/index.php?rest_route=%2Fwp%2Fv2%2Ftags&post=1781"}],"curies":[{"name":"wp","href":"https:\/\/api.w.org\/{rel}","templated":true}]}}