{"id":1732,"date":"2021-07-27T11:22:12","date_gmt":"2021-07-27T11:22:12","guid":{"rendered":"https:\/\/www.zincirmagazalar.org\/?p=1732"},"modified":"2021-07-27T11:24:26","modified_gmt":"2021-07-27T11:24:26","slug":"guven-endeksi-hizmet-perakende-ticaret-ve-insaat-sektorlerinde-yukseldi","status":"publish","type":"post","link":"https:\/\/www.zincirmagazalar.org\/?p=1732","title":{"rendered":"G\u00fcven Endeksi Hizmet, Perakende Ticaret ve \u0130n\u015faat Sekt\u00f6rlerinde Y\u00fckseldi"},"content":{"rendered":"\t\t<div data-elementor-type=\"wp-post\" data-elementor-id=\"1732\" class=\"elementor elementor-1732\">\n\t\t\t\t\t\t<section class=\"elementor-section elementor-top-section elementor-element elementor-element-37e494d6 elementor-section-boxed elementor-section-height-default elementor-section-height-default\" data-id=\"37e494d6\" data-element_type=\"section\">\n\t\t\t\t\t\t<div class=\"elementor-container elementor-column-gap-default\">\n\t\t\t\t\t<div class=\"elementor-column elementor-col-100 elementor-top-column elementor-element elementor-element-3f48a51d\" data-id=\"3f48a51d\" data-element_type=\"column\">\n\t\t\t<div class=\"elementor-widget-wrap elementor-element-populated\">\n\t\t\t\t\t\t<div class=\"elementor-element elementor-element-48cd9dbb elementor-widget elementor-widget-text-editor\" data-id=\"48cd9dbb\" data-element_type=\"widget\" data-widget_type=\"text-editor.default\">\n\t\t\t\t<div class=\"elementor-widget-container\">\n\t\t\t\t\t\t\t\t\t<div class=\"td-paragraph-padding-1\"><p class=\"p1\"><b>T\u00fcrkiye \u0130statistik Kurumu, Temmuz ay\u0131na ili\u015fkin sekt\u00f6rel g\u00fcven endekslerini a\u00e7\u0131klad\u0131. Sekt\u00f6rel G\u00fcven Endeksi, Temmuzda hizmet sekt\u00f6r\u00fcnde y\u00fczde 5,8, perakende ticaret sekt\u00f6r\u00fcnde y\u00fczde 3,7 ve in\u015faat sekt\u00f6r\u00fcnde y\u00fczde 4,7 y\u00fckseldi.<\/b><\/p><p><strong>Perakende Ticaret Sekt\u00f6r\u00fc G\u00fcven Endeksi 109,6 Oldu<\/strong><br \/>Mevsim etkilerinden ar\u0131nd\u0131r\u0131lm\u0131\u015f perakende ticaret sekt\u00f6r\u00fc g\u00fcven endeksi Temmuz ay\u0131nda %3,7 oran\u0131nda artarak 109,6 de\u011ferini ald\u0131. Perakende ticaret sekt\u00f6r\u00fcnde bir \u00f6nceki aya g\u00f6re, son \u00fc\u00e7 ayl\u0131k d\u00f6nemde i\u015f hacmi sat\u0131\u015flar alt endeksi %6,0 artarak 112,4 oldu. Mevcut mal stok seviyesi alt endeksi %2,8 azalarak 86,9 de\u011ferini ald\u0131. Gelecek \u00fc\u00e7 ayl\u0131k d\u00f6nemde i\u015f hacmi-sat\u0131\u015flar beklentisi alt endeksi ise %6,6 artarak 129,6 oldu.<\/p><p><strong>Hizmet Sekt\u00f6r\u00fc G\u00fcven Endeksi 114,8 Oldu<\/strong><br \/>Mevsim etkilerinden ar\u0131nd\u0131r\u0131lm\u0131\u015f hizmet sekt\u00f6r\u00fc g\u00fcven endeksi Haziran ay\u0131nda 108,5 iken, Temmuz ay\u0131nda %5,8 oran\u0131nda artarak 114,8 de\u011ferini ald\u0131. Hizmet sekt\u00f6r\u00fcnde bir \u00f6nceki aya g\u00f6re, son \u00fc\u00e7 ayl\u0131k d\u00f6nemde i\u015f durumu alt endeksi %9,6 artarak 112,0 oldu. Son \u00fc\u00e7 ayl\u0131k d\u00f6nemde hizmetlere olan talep alt endeksi %6,5 artarak 110,5 de\u011ferini ald\u0131. Gelecek \u00fc\u00e7 ayl\u0131k d\u00f6nemde hizmetlere olan talep beklentisi alt endeksi ise %1,8 artarak 121,8 oldu.<\/p><p><strong>\u0130n\u015faat Sekt\u00f6r\u00fc G\u00fcven Endeksi 86,3 Oldu<\/strong><br \/>Mevsim etkilerinden ar\u0131nd\u0131r\u0131lm\u0131\u015f in\u015faat sekt\u00f6r\u00fc g\u00fcven endeksi bir \u00f6nceki ayda 82,4 iken, Temmuz ay\u0131nda %4,7 oran\u0131nda artarak 86,3 de\u011ferini ald\u0131. \u0130n\u015faat sekt\u00f6r\u00fcnde bir \u00f6nceki aya g\u00f6re, al\u0131nan kay\u0131tl\u0131 sipari\u015flerin mevcut d\u00fczeyi alt endeksi %3,3 artarak 78,8 oldu. Gelecek \u00fc\u00e7 ayl\u0131k d\u00f6nemde toplam \u00e7al\u0131\u015fan say\u0131s\u0131 beklentisi alt endeksi ise %5,9 artarak 93,9 de\u011ferini ald\u0131.<br \/>\u0130n\u015faat sekt\u00f6r\u00fcnde Temmuz ay\u0131nda giri\u015fimlerin %53,9&#8217;u faaliyetleri k\u0131s\u0131tlayan herhangi bir fakt\u00f6r\u00fcn olmad\u0131\u011f\u0131n\u0131, %46,1&#8217;i ise faaliyetlerini k\u0131s\u0131tlayan en az bir temel fakt\u00f6r bulundu\u011funu belirtti. \u0130n\u015faat sekt\u00f6r\u00fcnde faaliyetleri k\u0131s\u0131tlayan temel fakt\u00f6rlerden; &#8220;finansman sorunlar\u0131&#8221; Haziran ay\u0131nda %26,7 iken Temmuz ay\u0131nda ayn\u0131 oranda kald\u0131, &#8220;talep yetersizli\u011fi&#8221; Haziran ay\u0131nda %19,1 iken Temmuz ay\u0131nda %19,2 ve &#8220;di\u011fer fakt\u00f6rler&#8221; Haziran ay\u0131nda %25,8 iken Temmuz ay\u0131nda %22,8 oldu.<\/p><\/div>\t\t\t\t\t\t\t\t<\/div>\n\t\t\t\t<\/div>\n\t\t\t\t\t<\/div>\n\t\t<\/div>\n\t\t\t\t\t<\/div>\n\t\t<\/section>\n\t\t\t\t<\/div>\n\t\t","protected":false},"excerpt":{"rendered":"<p>T\u00fcrkiye \u0130statistik Kurumu, Temmuz ay\u0131na ili\u015fkin sekt\u00f6rel g\u00fcven endekslerini a\u00e7\u0131klad\u0131. Sekt\u00f6rel G\u00fcven Endeksi, Temmuzda hizmet sekt\u00f6r\u00fcnde y\u00fczde 5,8, perakende ticaret sekt\u00f6r\u00fcnde y\u00fczde 3,7 ve in\u015faat sekt\u00f6r\u00fcnde y\u00fczde 4,7 y\u00fckseldi. Perakende Ticaret Sekt\u00f6r\u00fc G\u00fcven Endeksi 109,6 Oldu Mevsim etkilerinden ar\u0131nd\u0131r\u0131lm\u0131\u015f perakende ticaret sekt\u00f6r\u00fc g\u00fcven endeksi Temmuz ay\u0131nda %3,7 oran\u0131nda artarak 109,6 de\u011ferini ald\u0131. Perakende ticaret sekt\u00f6r\u00fcnde [&hellip;]<\/p>\n","protected":false},"author":2,"featured_media":1733,"comment_status":"open","ping_status":"open","sticky":false,"template":"","format":"standard","meta":{"footnotes":""},"categories":[17],"tags":[],"class_list":{"0":"post-1732","1":"post","2":"type-post","3":"status-publish","4":"format-standard","5":"has-post-thumbnail","7":"category-haberler"},"_links":{"self":[{"href":"https:\/\/www.zincirmagazalar.org\/index.php?rest_route=\/wp\/v2\/posts\/1732","targetHints":{"allow":["GET"]}}],"collection":[{"href":"https:\/\/www.zincirmagazalar.org\/index.php?rest_route=\/wp\/v2\/posts"}],"about":[{"href":"https:\/\/www.zincirmagazalar.org\/index.php?rest_route=\/wp\/v2\/types\/post"}],"author":[{"embeddable":true,"href":"https:\/\/www.zincirmagazalar.org\/index.php?rest_route=\/wp\/v2\/users\/2"}],"replies":[{"embeddable":true,"href":"https:\/\/www.zincirmagazalar.org\/index.php?rest_route=%2Fwp%2Fv2%2Fcomments&post=1732"}],"version-history":[{"count":5,"href":"https:\/\/www.zincirmagazalar.org\/index.php?rest_route=\/wp\/v2\/posts\/1732\/revisions"}],"predecessor-version":[{"id":1738,"href":"https:\/\/www.zincirmagazalar.org\/index.php?rest_route=\/wp\/v2\/posts\/1732\/revisions\/1738"}],"wp:featuredmedia":[{"embeddable":true,"href":"https:\/\/www.zincirmagazalar.org\/index.php?rest_route=\/wp\/v2\/media\/1733"}],"wp:attachment":[{"href":"https:\/\/www.zincirmagazalar.org\/index.php?rest_route=%2Fwp%2Fv2%2Fmedia&parent=1732"}],"wp:term":[{"taxonomy":"category","embeddable":true,"href":"https:\/\/www.zincirmagazalar.org\/index.php?rest_route=%2Fwp%2Fv2%2Fcategories&post=1732"},{"taxonomy":"post_tag","embeddable":true,"href":"https:\/\/www.zincirmagazalar.org\/index.php?rest_route=%2Fwp%2Fv2%2Ftags&post=1732"}],"curies":[{"name":"wp","href":"https:\/\/api.w.org\/{rel}","templated":true}]}}