{"id":1726,"date":"2021-07-27T11:19:58","date_gmt":"2021-07-27T11:19:58","guid":{"rendered":"https:\/\/www.zincirmagazalar.org\/?p=1726"},"modified":"2021-07-27T11:21:14","modified_gmt":"2021-07-27T11:21:14","slug":"temmuz-ayi-tuketici-guven-endeksi-aciklandi","status":"publish","type":"post","link":"https:\/\/www.zincirmagazalar.org\/?p=1726","title":{"rendered":"Temmuz Ay\u0131 T\u00fcketici G\u00fcven Endeksi A\u00e7\u0131kland\u0131"},"content":{"rendered":"\t\t<div data-elementor-type=\"wp-post\" data-elementor-id=\"1726\" class=\"elementor elementor-1726\">\n\t\t\t\t\t\t<section class=\"elementor-section elementor-top-section elementor-element elementor-element-37e494d6 elementor-section-boxed elementor-section-height-default elementor-section-height-default\" data-id=\"37e494d6\" data-element_type=\"section\">\n\t\t\t\t\t\t<div class=\"elementor-container elementor-column-gap-default\">\n\t\t\t\t\t<div class=\"elementor-column elementor-col-100 elementor-top-column elementor-element elementor-element-3f48a51d\" data-id=\"3f48a51d\" data-element_type=\"column\">\n\t\t\t<div class=\"elementor-widget-wrap elementor-element-populated\">\n\t\t\t\t\t\t<div class=\"elementor-element elementor-element-48cd9dbb elementor-widget elementor-widget-text-editor\" data-id=\"48cd9dbb\" data-element_type=\"widget\" data-widget_type=\"text-editor.default\">\n\t\t\t\t<div class=\"elementor-widget-container\">\n\t\t\t\t\t\t\t\t\t<div class=\"td-paragraph-padding-1\"><p class=\"p1\"><b>T\u00fcrkiye \u0130statistik Kurumu (T\u00dc\u0130K), Temmuz ay\u0131na ili\u015fkin T\u00fcketici G\u00fcven Endeksi verilerini a\u00e7\u0131klad\u0131. T\u00fcketici G\u00fcven Endeksi, Temmuz ay\u0131nda bir \u00f6nceki aya g\u00f6re y\u00fczde 2,7 oran\u0131nda azald\u0131; Haziran ay\u0131nda 81,7 olan endeks, Temmuz ay\u0131nda 79,5 oldu.<\/b><\/p><p class=\"p1\">T\u00fcrkiye \u0130statistik Kurumu ve T\u00fcrkiye Cumhuriyet Merkez Bankas\u0131 i\u015f birli\u011fi ile y\u00fcr\u00fct\u00fclen t\u00fcketici e\u011filim anketi sonu\u00e7lar\u0131ndan hesaplanan mevsim etkilerinden ar\u0131nd\u0131r\u0131lm\u0131\u015f t\u00fcketici g\u00fcven endeksi, Temmuz ay\u0131nda bir \u00f6nceki aya g\u00f6re %2,7 oran\u0131nda azald\u0131; Haziran ay\u0131nda 81,7 olan endeks, Temmuz ay\u0131nda 79,5 oldu.<\/p><p><strong>Hanenin Maddi Durumu Endeksi 57,9 Oldu<\/strong><br \/>Ge\u00e7en 12 ayl\u0131k d\u00f6neme g\u00f6re mevcut d\u00f6nemde hanenin maddi durumu endeksi Haziran ay\u0131nda 61,0 iken, Temmuz ay\u0131nda %5,1 oran\u0131nda azalarak 57,9 oldu.<\/p><p><strong>Hanenin Maddi Durum Beklentisi Endeksi 79,8 Oldu<\/strong><br \/>Gelecek 12 ayl\u0131k d\u00f6neme ili\u015fkin hanenin maddi durum beklentisi endeksi Haziran ay\u0131nda 82,9 iken, Temmuz ay\u0131nda %3,8 oran\u0131nda azalarak 79,8 oldu.<\/p><p><strong>Genel Ekonomik Durum Beklentisi Endeksi 83,2 Oldu<\/strong><br \/>Gelecek 12 ayl\u0131k d\u00f6neme ili\u015fkin genel ekonomik durum beklentisi endeksi Haziran ay\u0131nda 86,0 iken, Temmuz ay\u0131nda %3,3 oran\u0131nda azalarak 83,2 oldu.<\/p><p><strong>Dayan\u0131kl\u0131 T\u00fcketim Mallar\u0131na Harcama Yapma D\u00fc\u015f\u00fcncesi Endeksi 97,0 Oldu<\/strong><br \/>Ge\u00e7en 12 ayl\u0131k d\u00f6neme g\u00f6re gelecek 12 ayl\u0131k d\u00f6nemde dayan\u0131kl\u0131 t\u00fcketim mallar\u0131na harcama yapma d\u00fc\u015f\u00fcncesi endeksi Haziran ay\u0131nda 96,9 iken, Temmuz ay\u0131nda %0,1 oran\u0131nda artarak 97,0 oldu.<\/p><\/div>\t\t\t\t\t\t\t\t<\/div>\n\t\t\t\t<\/div>\n\t\t\t\t\t<\/div>\n\t\t<\/div>\n\t\t\t\t\t<\/div>\n\t\t<\/section>\n\t\t\t\t<\/div>\n\t\t","protected":false},"excerpt":{"rendered":"<p>T\u00fcrkiye \u0130statistik Kurumu (T\u00dc\u0130K), Temmuz ay\u0131na ili\u015fkin T\u00fcketici G\u00fcven Endeksi verilerini a\u00e7\u0131klad\u0131. T\u00fcketici G\u00fcven Endeksi, Temmuz ay\u0131nda bir \u00f6nceki aya g\u00f6re y\u00fczde 2,7 oran\u0131nda azald\u0131; Haziran ay\u0131nda 81,7 olan endeks, Temmuz ay\u0131nda 79,5 oldu. T\u00fcrkiye \u0130statistik Kurumu ve T\u00fcrkiye Cumhuriyet Merkez Bankas\u0131 i\u015f birli\u011fi ile y\u00fcr\u00fct\u00fclen t\u00fcketici e\u011filim anketi sonu\u00e7lar\u0131ndan hesaplanan mevsim etkilerinden ar\u0131nd\u0131r\u0131lm\u0131\u015f t\u00fcketici [&hellip;]<\/p>\n","protected":false},"author":2,"featured_media":1727,"comment_status":"open","ping_status":"open","sticky":false,"template":"","format":"standard","meta":{"footnotes":""},"categories":[17],"tags":[],"class_list":{"0":"post-1726","1":"post","2":"type-post","3":"status-publish","4":"format-standard","5":"has-post-thumbnail","7":"category-haberler"},"_links":{"self":[{"href":"https:\/\/www.zincirmagazalar.org\/index.php?rest_route=\/wp\/v2\/posts\/1726","targetHints":{"allow":["GET"]}}],"collection":[{"href":"https:\/\/www.zincirmagazalar.org\/index.php?rest_route=\/wp\/v2\/posts"}],"about":[{"href":"https:\/\/www.zincirmagazalar.org\/index.php?rest_route=\/wp\/v2\/types\/post"}],"author":[{"embeddable":true,"href":"https:\/\/www.zincirmagazalar.org\/index.php?rest_route=\/wp\/v2\/users\/2"}],"replies":[{"embeddable":true,"href":"https:\/\/www.zincirmagazalar.org\/index.php?rest_route=%2Fwp%2Fv2%2Fcomments&post=1726"}],"version-history":[{"count":4,"href":"https:\/\/www.zincirmagazalar.org\/index.php?rest_route=\/wp\/v2\/posts\/1726\/revisions"}],"predecessor-version":[{"id":1731,"href":"https:\/\/www.zincirmagazalar.org\/index.php?rest_route=\/wp\/v2\/posts\/1726\/revisions\/1731"}],"wp:featuredmedia":[{"embeddable":true,"href":"https:\/\/www.zincirmagazalar.org\/index.php?rest_route=\/wp\/v2\/media\/1727"}],"wp:attachment":[{"href":"https:\/\/www.zincirmagazalar.org\/index.php?rest_route=%2Fwp%2Fv2%2Fmedia&parent=1726"}],"wp:term":[{"taxonomy":"category","embeddable":true,"href":"https:\/\/www.zincirmagazalar.org\/index.php?rest_route=%2Fwp%2Fv2%2Fcategories&post=1726"},{"taxonomy":"post_tag","embeddable":true,"href":"https:\/\/www.zincirmagazalar.org\/index.php?rest_route=%2Fwp%2Fv2%2Ftags&post=1726"}],"curies":[{"name":"wp","href":"https:\/\/api.w.org\/{rel}","templated":true}]}}