{"id":1719,"date":"2021-07-14T07:45:27","date_gmt":"2021-07-14T07:45:27","guid":{"rendered":"https:\/\/www.zincirmagazalar.org\/?p=1719"},"modified":"2021-07-14T07:46:20","modified_gmt":"2021-07-14T07:46:20","slug":"un-global-compact-iklim-hedefi-hizlandirma-programi-basladi","status":"publish","type":"post","link":"https:\/\/www.zincirmagazalar.org\/?p=1719","title":{"rendered":"UN Global Compact \u0130klim Hedefi H\u0131zland\u0131rma Program\u0131 Ba\u015flad\u0131"},"content":{"rendered":"\t\t<div data-elementor-type=\"wp-post\" data-elementor-id=\"1719\" class=\"elementor elementor-1719\">\n\t\t\t\t\t\t<section class=\"elementor-section elementor-top-section elementor-element elementor-element-37e494d6 elementor-section-boxed elementor-section-height-default elementor-section-height-default\" data-id=\"37e494d6\" data-element_type=\"section\">\n\t\t\t\t\t\t<div class=\"elementor-container elementor-column-gap-default\">\n\t\t\t\t\t<div class=\"elementor-column elementor-col-100 elementor-top-column elementor-element elementor-element-3f48a51d\" data-id=\"3f48a51d\" data-element_type=\"column\">\n\t\t\t<div class=\"elementor-widget-wrap elementor-element-populated\">\n\t\t\t\t\t\t<div class=\"elementor-element elementor-element-48cd9dbb elementor-widget elementor-widget-text-editor\" data-id=\"48cd9dbb\" data-element_type=\"widget\" data-widget_type=\"text-editor.default\">\n\t\t\t\t<div class=\"elementor-widget-container\">\n\t\t\t\t\t\t\t\t\t<div class=\"td-paragraph-padding-1\"><p class=\"p1\"><b>UN Global Compact, \u015firketlerin iklim de\u011fi\u015fikli\u011fi ile m\u00fccadele uygulamalar\u0131n\u0131 h\u0131zland\u0131rmak ve bilim temelli emisyon azalt\u0131m hedeflerini belirlemeleri i\u00e7in \u015firketlere bir yol haritas\u0131 sa\u011flamak amac\u0131yla \u201c\u0130klim Hedefi H\u0131zland\u0131rma Program\u0131\u201dn\u0131 (Climate Ambition Accelerator &#8211; CAA) hayata ge\u00e7iriyor. 25 \u00fclkede uygulanacak program T\u00fcrkiye\u2019de de ba\u015flad\u0131. \u00c7evrimi\u00e7i akademi e\u011fitimleriyle at\u00f6lye \u00e7al\u0131\u015fmalar\u0131n\u0131 bir araya getiren ve t\u00fcm d\u00fcnyada yakla\u015f\u0131k 450 \u015firketin dahil oldu\u011fu programa T\u00fcrkiye\u2019den 19 \u015firket kat\u0131l\u0131yor. Aral\u0131k 2021 tarihine kadar s\u00fcrecek program ile kat\u0131l\u0131mc\u0131lar k\u00fcresel \u00f6l\u00e7ekte en iyi uygulamalara, birbirinden \u00f6\u011frenme olanaklar\u0131na, kapasite geli\u015ftirme oturumlar\u0131na ve akademi e\u011fitimlerine eri\u015fim imkan\u0131na sahip olacaklar.<\/b><\/p><p class=\"p1\">12 bin imzac\u0131s\u0131 ile d\u00fcnyan\u0131n en b\u00fcy\u00fck \u00e7ok payda\u015fl\u0131 s\u00fcrd\u00fcr\u00fclebilirlik platformu olan UN Global Compact\u2019in 25 \u00fclkede e\u015f zamanl\u0131 olarak y\u00fcr\u00fctece\u011fi \u0130klim Hedefi H\u0131zland\u0131rma Program\u0131, T\u00fcrkiye\u2019de de ba\u015flad\u0131. 2021 y\u0131l\u0131n\u0131n Aral\u0131k ay\u0131nda sona ermesi planlanan program ile kat\u0131l\u0131mc\u0131 \u015firketlere 1.5\u00b0C hedefi ile uyumlu ve bilime dayal\u0131 emisyon hedefleri belirleme s\u00fcre\u00e7lerinde gereken bilgi ve beceri sa\u011flanmas\u0131 hedefleniyor. \u0130klim Hedefi H\u0131zland\u0131rma Program\u0131, \u201cnet s\u0131f\u0131ra\u201d ge\u00e7i\u015f yolunda \u015firketlerin ihtiya\u00e7 duyaca\u011f\u0131 stratejileri olu\u015fturmalar\u0131 i\u00e7in bir yol haritas\u0131 da sunulacak.<\/p><p>Farkl\u0131 b\u00fcy\u00fckl\u00fck ve sekt\u00f6rden \u015firketlerin dahil olaca\u011f\u0131 programa \u00fclkemizden, Anadolu Efes, Akis Gyo, Bantboru, \u00c7imsa, Egemet, Elif Plastik, Kazan Soda, Ko\u00e7 Holding, Kordsa, Mavi Giyim, Originn, Penti, Tekfen Holding, TOYO Matbaa, T\u00fcrkiye Sinai Kalk\u0131nma Bankas\u0131 (TSKB), T\u00fcrkiye Kalk\u0131nma ve Yat\u0131r\u0131m Bankas\u0131, Ya\u015far Holding, Yorglass ve Zorlu Enerji kat\u0131lacak.<\/p><p>Program\u0131n a\u00e7\u0131l\u0131\u015f konu\u015fmas\u0131n\u0131 yapan Global Compact T\u00fcrkiye Y\u00f6netim Kurulu \u00dcyesi ve \u00c7evre \u00c7al\u0131\u015fma Grubu E\u015fba\u015fkan\u0131 Servet Y\u0131ld\u0131r\u0131m \u201cBu programa dahil olarak iklim de\u011fi\u015fikli\u011fi ile m\u00fccadelede somut ad\u0131mlar atmak konusunda \u015firketlerimizin kararl\u0131l\u0131\u011f\u0131n\u0131 g\u00f6rmek bizleri umutland\u0131r\u0131yor. Hi\u00e7 \u015f\u00fcphesiz; iklim de\u011fi\u015fikli\u011fi ile m\u00fccadele ertelenemez. \u00d6zel sekt\u00f6r olarak bu m\u00fccadelede yerimizi almal\u0131; \u00e7ok h\u0131zl\u0131 bir \u015fekilde somut ad\u0131mlar atmal\u0131, i\u015f modellerimizi, \u015firket stratejilerimizi yeniden kurgulamal\u0131y\u0131z\u201d dedi.<\/p><p><strong>Temel ve \u0130leri Seviye Olmak \u00dczere \u0130ki Farkl\u0131 \u0130\u00e7erik<\/strong><br \/>Bilim Temelli Hedef (Science-Based Targets) belirleme metodolojisine ili\u015fkin KOB\u0130 ve b\u00fcy\u00fck \u015firketlere y\u00f6nelik farkl\u0131la\u015fm\u0131\u015f i\u00e7erikler sunan program sayesinde \u015firketler, teknik seviyede bilgi i\u00e7eren \u00e7evrimi\u00e7i akademi oturumlar\u0131n\u0131 takip edecek, ger\u00e7ekle\u015fecek at\u00f6lye \u00e7al\u0131\u015fmalar\u0131 ile kapasite geli\u015ftirebilecek, \u00fclke d\u00fczeyinde payda\u015flar aras\u0131 \u00fcst d\u00fczey toplant\u0131lara kat\u0131labilecekler ve 2050\u2019ye kadar net s\u0131f\u0131ra ula\u015fmak i\u00e7in bilime dayal\u0131 emisyon azaltma hedeflerini belirlemek i\u00e7in ihtiya\u00e7 duyduklar\u0131 yol haritas\u0131n\u0131 olu\u015fturabilecekler.<\/p><\/div>\t\t\t\t\t\t\t\t<\/div>\n\t\t\t\t<\/div>\n\t\t\t\t\t<\/div>\n\t\t<\/div>\n\t\t\t\t\t<\/div>\n\t\t<\/section>\n\t\t\t\t<\/div>\n\t\t","protected":false},"excerpt":{"rendered":"<p>UN Global Compact, \u015firketlerin iklim de\u011fi\u015fikli\u011fi ile m\u00fccadele uygulamalar\u0131n\u0131 h\u0131zland\u0131rmak ve bilim temelli emisyon azalt\u0131m hedeflerini belirlemeleri i\u00e7in \u015firketlere bir yol haritas\u0131 sa\u011flamak amac\u0131yla \u201c\u0130klim Hedefi H\u0131zland\u0131rma Program\u0131\u201dn\u0131 (Climate Ambition Accelerator &#8211; CAA) hayata ge\u00e7iriyor. 25 \u00fclkede uygulanacak program T\u00fcrkiye\u2019de de ba\u015flad\u0131. \u00c7evrimi\u00e7i akademi e\u011fitimleriyle at\u00f6lye \u00e7al\u0131\u015fmalar\u0131n\u0131 bir araya getiren ve t\u00fcm d\u00fcnyada yakla\u015f\u0131k 450 [&hellip;]<\/p>\n","protected":false},"author":2,"featured_media":1720,"comment_status":"open","ping_status":"open","sticky":false,"template":"","format":"standard","meta":{"footnotes":""},"categories":[17],"tags":[],"class_list":{"0":"post-1719","1":"post","2":"type-post","3":"status-publish","4":"format-standard","5":"has-post-thumbnail","7":"category-haberler"},"_links":{"self":[{"href":"https:\/\/www.zincirmagazalar.org\/index.php?rest_route=\/wp\/v2\/posts\/1719","targetHints":{"allow":["GET"]}}],"collection":[{"href":"https:\/\/www.zincirmagazalar.org\/index.php?rest_route=\/wp\/v2\/posts"}],"about":[{"href":"https:\/\/www.zincirmagazalar.org\/index.php?rest_route=\/wp\/v2\/types\/post"}],"author":[{"embeddable":true,"href":"https:\/\/www.zincirmagazalar.org\/index.php?rest_route=\/wp\/v2\/users\/2"}],"replies":[{"embeddable":true,"href":"https:\/\/www.zincirmagazalar.org\/index.php?rest_route=%2Fwp%2Fv2%2Fcomments&post=1719"}],"version-history":[{"count":4,"href":"https:\/\/www.zincirmagazalar.org\/index.php?rest_route=\/wp\/v2\/posts\/1719\/revisions"}],"predecessor-version":[{"id":1724,"href":"https:\/\/www.zincirmagazalar.org\/index.php?rest_route=\/wp\/v2\/posts\/1719\/revisions\/1724"}],"wp:featuredmedia":[{"embeddable":true,"href":"https:\/\/www.zincirmagazalar.org\/index.php?rest_route=\/wp\/v2\/media\/1720"}],"wp:attachment":[{"href":"https:\/\/www.zincirmagazalar.org\/index.php?rest_route=%2Fwp%2Fv2%2Fmedia&parent=1719"}],"wp:term":[{"taxonomy":"category","embeddable":true,"href":"https:\/\/www.zincirmagazalar.org\/index.php?rest_route=%2Fwp%2Fv2%2Fcategories&post=1719"},{"taxonomy":"post_tag","embeddable":true,"href":"https:\/\/www.zincirmagazalar.org\/index.php?rest_route=%2Fwp%2Fv2%2Ftags&post=1719"}],"curies":[{"name":"wp","href":"https:\/\/api.w.org\/{rel}","templated":true}]}}