{"id":1703,"date":"2021-07-09T14:13:29","date_gmt":"2021-07-09T14:13:29","guid":{"rendered":"https:\/\/www.zincirmagazalar.org\/?p=1703"},"modified":"2021-07-09T14:31:55","modified_gmt":"2021-07-09T14:31:55","slug":"zincir-magazalar-dernegi-ile-make-a-wish-anlamli-bir-projeye-imza-atti","status":"publish","type":"post","link":"https:\/\/www.zincirmagazalar.org\/?p=1703","title":{"rendered":"Zincir Ma\u011fazalar Derne\u011fi ile Make-A-Wish\u00ae Anlaml\u0131 Bir Projeye \u0130mza Att\u0131"},"content":{"rendered":"\t\t<div data-elementor-type=\"wp-post\" data-elementor-id=\"1703\" class=\"elementor elementor-1703\">\n\t\t\t\t\t\t<section class=\"elementor-section elementor-top-section elementor-element elementor-element-37e494d6 elementor-section-boxed elementor-section-height-default elementor-section-height-default\" data-id=\"37e494d6\" data-element_type=\"section\">\n\t\t\t\t\t\t<div class=\"elementor-container elementor-column-gap-default\">\n\t\t\t\t\t<div class=\"elementor-column elementor-col-100 elementor-top-column elementor-element elementor-element-3f48a51d\" data-id=\"3f48a51d\" data-element_type=\"column\">\n\t\t\t<div class=\"elementor-widget-wrap elementor-element-populated\">\n\t\t\t\t\t\t<div class=\"elementor-element elementor-element-48cd9dbb elementor-widget elementor-widget-text-editor\" data-id=\"48cd9dbb\" data-element_type=\"widget\" data-widget_type=\"text-editor.default\">\n\t\t\t\t<div class=\"elementor-widget-container\">\n\t\t\t\t\t\t\t\t\t<div class=\"td-paragraph-padding-1\"><p class=\"p1\"><b>Zincir Ma\u011fazalar Derne\u011fi, hayati tehlikesi olan hastal\u0131klarla m\u00fccadele eden \u00e7ocuklara y\u00f6nelik uluslararas\u0131 bir olu\u015fum olan Make-A-Wish\u00ae T\u00fcrkiye (Bir Dilek Tut Derne\u011fi) ile daha \u00e7ok \u00e7ocu\u011fun isteklerini ger\u00e7ekle\u015ftirmek i\u00e7in anlaml\u0131 bir projeye imza att\u0131. <\/b><\/p><p class=\"p1\">Zincir Ma\u011fazalar Derne\u011fi, Make-A-Wish\u00ae T\u00fcrkiye ile ortakla\u015fa y\u00fcr\u00fctt\u00fckleri i\u015f birli\u011fi kapsam\u0131nda; 3-18 ya\u015flar\u0131 aras\u0131nda \u00e7ocukluk \u00e7a\u011f\u0131 kanseri, organ yetmezli\u011fi, ba\u011f\u0131\u015f\u0131kl\u0131k sisteminin \u00e7\u00f6kmesi gibi zor ve travmatik tedavi s\u00fcre\u00e7leri olan hastal\u0131klar ile m\u00fccadele eden \u00e7ocuklar\u0131n ger\u00e7ekle\u015fmesini imkans\u0131z olarak d\u00fc\u015f\u00fcnd\u00fckleri bir hayallerini ger\u00e7ekle\u015ftirmek i\u00e7in destek oluyor.<\/p><p class=\"p1\">\u0130lk a\u015famada 10 \u00e7ocu\u011fun hayali olan tablet ve bilgisayarlar, Zincir Ma\u011fazalar Derne\u011fi taraf\u0131ndan Make-A-Wish\u2019 e ba\u011f\u0131\u015fland\u0131. Gelecek bir y\u0131l i\u00e7inde 50 \u00e7ocu\u011fun daha farkl\u0131 dileklerini ger\u00e7ekle\u015ftirmeyi hedeflediklerini belirten Zincir Ma\u011fazalar Derne\u011fi Y\u00f6netim Kurulu Ba\u015fkan\u0131 Serhan T\u0131nastepe, te\u015fekk\u00fcr sertifikas\u0131n\u0131 Make-A-Wish\u00ae T\u00fcrkiye CEO\u2019su F\u00fcsun Kuran\u2019\u0131n elinden teslim ald\u0131. Bu giri\u015fimin h\u0131zla t\u00fcm sekt\u00f6r taraf\u0131ndan desteklenece\u011fini bekledi\u011fini belirten T\u0131nastepe \u015f\u00f6yle devam etti: \u201cG\u0131da d\u0131\u015f\u0131 perakendenin \u00f6nde gelen markalar\u0131n\u0131 temsil eden derne\u011fimiz ad\u0131na, bu anlaml\u0131 projede yer almaktan gurur duyuyoruz. Bu \u00e7ocuklar\u0131m\u0131z\u0131n dileklerini ger\u00e7ekle\u015ftirerek mutlu olmalar\u0131n\u0131 sa\u011flamak, hatta tedavilerinde bir nebze fayda sa\u011flamak, bizler i\u00e7in mutluluk verici. Teknolojiden oyunca\u011fa, haz\u0131r giyimden mobilyaya, k\u0131rtasiyeden hobi gere\u00e7lerine kadar farkl\u0131 kategorilerde faaliyet g\u00f6steren \u00fcyelerimiz, \u00e7ocuklar\u0131m\u0131z\u0131n dileklerini ger\u00e7ekle\u015ftirmekte can-\u0131 g\u00f6n\u00fclden seferber olacaklar.\u201d<\/p><p class=\"p1\">Bu anlaml\u0131 i\u015fbirli\u011finin \u00f6nemine de\u011finen F\u00fcsun Kuran ise \u201cHayati tehlikesi olan hastal\u0131klarla sava\u015fan \u00e7ocuklar; ya\u015famlar\u0131n\u0131 \u00e7ok uzun s\u00fcre hastane odalar\u0131, hastal\u0131\u011f\u0131n yan etkileri, a\u011f\u0131r ila\u00e7lar, a\u011fr\u0131lar gibi travmatize bir\u00e7ok fakt\u00f6rle birlikte ge\u00e7iriyorlar. \u00c7ocuklar\u0131m\u0131z\u0131n imkans\u0131z olarak g\u00f6rd\u00fckleri dileklerini ger\u00e7ekle\u015ftirerek amac\u0131m\u0131z; yapt\u0131\u011f\u0131m\u0131z t\u00fcm s\u00fcre\u00e7ler ile \u00e7ocu\u011fa kaybetti\u011fi hayal g\u00fcc\u00fcn\u00fc tekrar kazand\u0131rabilmek, hayat\u0131nda co\u015fku ve umut yaratabilmek, &#8220;imk\u00e2ns\u0131z&#8221; kavram\u0131n\u0131 zihninden silebilmek. Bunu ba\u015fard\u0131\u011f\u0131n\u0131zda dilek \u00e7ocu\u011fu, bu imk\u00e2ns\u0131z dile\u011fim ger\u00e7ekle\u015fti\u011fine g\u00f6re hastal\u0131\u011f\u0131m\u0131 da yenebilirim diye d\u00fc\u015f\u00fcnmeye ba\u015fl\u0131yor. B\u00f6ylece onu hayata ba\u011fl\u0131yorsunuz. Bu a\u00e7\u0131dan sosyal sorumluluk partnerimiz Zincir Ma\u011fazalar Derne\u011fi\u2019nin bize sa\u011flad\u0131\u011f\u0131 bu deste\u011fi \u00e7ok anlaml\u0131 buluyoruz. Zincir Ma\u011fazalar Derne\u011fi sayesinde bir\u00e7ok dilek \u00e7ocu\u011fumuzun dile\u011fini ger\u00e7ekle\u015ftirerek onlar\u0131n hastal\u0131kla m\u00fccadelesini kazanmas\u0131na f\u0131rsat sunaca\u011f\u0131z\u201d dedi.<\/p><p class=\"p1\">Ara\u015ft\u0131rmalara g\u00f6re, dile\u011fi yerine gelen \u00e7ocuklar\u0131n y\u00fczde 42\u2019si arkada\u015flar\u0131yla daha sa\u011fl\u0131kl\u0131 ili\u015fkiler kuruyor, y\u00fczde 72\u2019sinin enerji seviyesi ve canl\u0131l\u0131\u011f\u0131 art\u0131yor, y\u00fczde 64\u2019\u00fcn\u00fcn hayata tutunma arzusu art\u0131yor ve y\u00fczde 39\u2019unun tedavi sebebiyle ya\u015fad\u0131klar\u0131 fiziksel s\u0131k\u0131nt\u0131lar azal\u0131yor.<\/p><\/div>\t\t\t\t\t\t\t\t<\/div>\n\t\t\t\t<\/div>\n\t\t\t\t\t<\/div>\n\t\t<\/div>\n\t\t\t\t\t<\/div>\n\t\t<\/section>\n\t\t\t\t<\/div>\n\t\t","protected":false},"excerpt":{"rendered":"<p>Zincir Ma\u011fazalar Derne\u011fi, hayati tehlikesi olan hastal\u0131klarla m\u00fccadele eden \u00e7ocuklara y\u00f6nelik uluslararas\u0131 bir olu\u015fum olan Make-A-Wish\u00ae T\u00fcrkiye (Bir Dilek Tut Derne\u011fi) ile daha \u00e7ok \u00e7ocu\u011fun isteklerini ger\u00e7ekle\u015ftirmek i\u00e7in anlaml\u0131 bir projeye imza att\u0131. Zincir Ma\u011fazalar Derne\u011fi, Make-A-Wish\u00ae T\u00fcrkiye ile ortakla\u015fa y\u00fcr\u00fctt\u00fckleri i\u015f birli\u011fi kapsam\u0131nda; 3-18 ya\u015flar\u0131 aras\u0131nda \u00e7ocukluk \u00e7a\u011f\u0131 kanseri, organ yetmezli\u011fi, ba\u011f\u0131\u015f\u0131kl\u0131k sisteminin \u00e7\u00f6kmesi [&hellip;]<\/p>\n","protected":false},"author":2,"featured_media":1709,"comment_status":"open","ping_status":"open","sticky":false,"template":"","format":"standard","meta":{"footnotes":""},"categories":[17],"tags":[],"class_list":{"0":"post-1703","1":"post","2":"type-post","3":"status-publish","4":"format-standard","5":"has-post-thumbnail","7":"category-haberler"},"_links":{"self":[{"href":"https:\/\/www.zincirmagazalar.org\/index.php?rest_route=\/wp\/v2\/posts\/1703","targetHints":{"allow":["GET"]}}],"collection":[{"href":"https:\/\/www.zincirmagazalar.org\/index.php?rest_route=\/wp\/v2\/posts"}],"about":[{"href":"https:\/\/www.zincirmagazalar.org\/index.php?rest_route=\/wp\/v2\/types\/post"}],"author":[{"embeddable":true,"href":"https:\/\/www.zincirmagazalar.org\/index.php?rest_route=\/wp\/v2\/users\/2"}],"replies":[{"embeddable":true,"href":"https:\/\/www.zincirmagazalar.org\/index.php?rest_route=%2Fwp%2Fv2%2Fcomments&post=1703"}],"version-history":[{"count":8,"href":"https:\/\/www.zincirmagazalar.org\/index.php?rest_route=\/wp\/v2\/posts\/1703\/revisions"}],"predecessor-version":[{"id":1712,"href":"https:\/\/www.zincirmagazalar.org\/index.php?rest_route=\/wp\/v2\/posts\/1703\/revisions\/1712"}],"wp:featuredmedia":[{"embeddable":true,"href":"https:\/\/www.zincirmagazalar.org\/index.php?rest_route=\/wp\/v2\/media\/1709"}],"wp:attachment":[{"href":"https:\/\/www.zincirmagazalar.org\/index.php?rest_route=%2Fwp%2Fv2%2Fmedia&parent=1703"}],"wp:term":[{"taxonomy":"category","embeddable":true,"href":"https:\/\/www.zincirmagazalar.org\/index.php?rest_route=%2Fwp%2Fv2%2Fcategories&post=1703"},{"taxonomy":"post_tag","embeddable":true,"href":"https:\/\/www.zincirmagazalar.org\/index.php?rest_route=%2Fwp%2Fv2%2Ftags&post=1703"}],"curies":[{"name":"wp","href":"https:\/\/api.w.org\/{rel}","templated":true}]}}