{"id":1679,"date":"2021-06-24T09:52:05","date_gmt":"2021-06-24T09:52:05","guid":{"rendered":"https:\/\/www.zincirmagazalar.org\/?p=1679"},"modified":"2021-06-24T09:52:42","modified_gmt":"2021-06-24T09:52:42","slug":"tampf-guven-tazeledi","status":"publish","type":"post","link":"https:\/\/www.zincirmagazalar.org\/?p=1679","title":{"rendered":"TAMPF G\u00fcven Tazeledi"},"content":{"rendered":"\t\t<div data-elementor-type=\"wp-post\" data-elementor-id=\"1679\" class=\"elementor elementor-1679\">\n\t\t\t\t\t\t<section class=\"elementor-section elementor-top-section elementor-element elementor-element-37e494d6 elementor-section-boxed elementor-section-height-default elementor-section-height-default\" data-id=\"37e494d6\" data-element_type=\"section\">\n\t\t\t\t\t\t<div class=\"elementor-container elementor-column-gap-default\">\n\t\t\t\t\t<div class=\"elementor-column elementor-col-100 elementor-top-column elementor-element elementor-element-3f48a51d\" data-id=\"3f48a51d\" data-element_type=\"column\">\n\t\t\t<div class=\"elementor-widget-wrap elementor-element-populated\">\n\t\t\t\t\t\t<div class=\"elementor-element elementor-element-48cd9dbb elementor-widget elementor-widget-text-editor\" data-id=\"48cd9dbb\" data-element_type=\"widget\" data-widget_type=\"text-editor.default\">\n\t\t\t\t<div class=\"elementor-widget-container\">\n\t\t\t\t\t\t\t\t\t<div class=\"td-paragraph-padding-1\"><p class=\"p1\"><b>T\u00fcrkiye\u2019de Organize Perakendenin \u00c7at\u0131 Kurulu\u015fu olan T\u00fcrkiye Al\u0131\u015fveri\u015f Merkezleri ve Perakendeciler Federasyonu\u2019nun (TAMPF) Y\u00f6netim Kurulu Ba\u015fkanl\u0131\u011f\u0131na Alp \u00d6nder \u00d6zpamuk\u00e7u yeniden se\u00e7ildi. <\/b><\/p><p class=\"p1\">Perakende sekt\u00f6r\u00fcn\u00fcn en g\u00fc\u00e7l\u00fc akt\u00f6rlerini bir araya getiren T\u00fcrkiye Al\u0131\u015fveri\u015f Merkezleri ve Perakendeciler Federasyonu (TAMPF), 23 Haziran 2021 tarihinde be\u015finci se\u00e7imli ola\u011fan genel kurulunu ger\u00e7ekle\u015ftirdi. TAMPF Genel Merkezinde ger\u00e7ekle\u015fen genel kurulda y\u00f6netim kurulu ba\u015fkanl\u0131\u011f\u0131na Alp \u00d6nder \u00d6zpamuk\u00e7u, t\u00fcm \u00fcyelerin oybirli\u011fi ile bir kez daha se\u00e7ildi.<\/p><p>\u00d6zpamuk\u00e7u yapt\u0131\u011f\u0131 konu\u015fmada, \u201c\u00d6ncelikle ba\u015fta ba\u015fkanlar\u0131m\u0131z ve t\u00fcm \u00fcyelerimiz olmak \u00fczere t\u00fcm sekt\u00f6r temsilcilerimize tevecc\u00fchleri i\u00e7in te\u015fekk\u00fcr etmek isterim. Gerek sekt\u00f6r gerek \u00fclke ekonomisi olarak k\u00fcresel COVID krizinin etkileri ile sars\u0131ld\u0131\u011f\u0131m\u0131z, zor bir d\u00f6nemden ge\u00e7iyoruz. Bu zor d\u00f6nemde sekt\u00f6r\u00fcm\u00fcz\u00fcn, Federasyonumuzun olu\u015fturdu\u011fu \u00f6nemli platform sayesinde birlik i\u00e7erisinde konu ve sorunlar\u0131n\u0131 gerekli mercilere ula\u015ft\u0131r\u0131p kayda de\u011fer sonu\u00e7lar ald\u0131\u011f\u0131n\u0131 deneyimledik. Bu zor zamanda birli\u011fi ve beraberli\u011fi uyum i\u00e7inde sa\u011flamaya devam ederek sekt\u00f6r\u00fcm\u00fcz i\u00e7in her platformda fayda \u00fcretmeyi s\u00fcrd\u00fcrmeye gayret edece\u011fiz.\u201d<br \/>TAMPF kuruldu\u011fu 2013 y\u0131l\u0131ndan bu zamana dek \u00e7at\u0131s\u0131 alt\u0131ndaki her bir akt\u00f6r\u00fcn birikimi, g\u00fcc\u00fc ve g\u00f6stermi\u015f oldu\u011fu birlik ve beraberlik \u00f6rne\u011fi ile modern perakendenin \u00fcst \u00e7at\u0131 kurulu\u015fu ve sekt\u00f6r\u00fcn en g\u00fc\u00e7l\u00fc temsilcisidir. TAMPF \u00e7at\u0131s\u0131 alt\u0131nda; \u00fclke ekonomisi ve refah seviyesine y\u00fcksek \u00e7arpan etkisiyle b\u00fcy\u00fck katk\u0131 sa\u011flayan sekt\u00f6r\u00fcn geli\u015fimini zor ko\u015fullara ra\u011fmen s\u00fcrd\u00fcrmeye, modern perakendenin geli\u015fmi\u015f \u00fclkelere k\u0131yasla oransal olarak geride kalm\u0131\u015f b\u00fcy\u00fckl\u00fc\u011f\u00fcn\u00fc art\u0131rmaya, al\u0131\u015fveri\u015f merkezleri ve perakendeciler olarak, omuz omuza fayda yaratmaya, organize perakendenin en b\u00fcy\u00fck temsilcisi olarak bir arada, uzla\u015fma i\u00e7inde \u00e7al\u0131\u015fmaya devam edece\u011fiz\u201d dedi.<br \/>Abdullah Ki\u011f\u0131l\u0131\u2019n\u0131n Divan Ba\u015fkan\u0131 olarak y\u00f6netti\u011fi toplant\u0131, yeni \u00e7al\u0131\u015fma d\u00f6nemi i\u00e7in dilek ve temennilerin sunulmas\u0131 ile son buldu.<\/p><p>T\u00fcrkiye Al\u0131\u015fveri\u015f Merkezleri ve Perakendeciler Federasyonu, perakende sekt\u00f6r\u00fcn\u00fcn fakl\u0131 alanlarda g\u00fc\u00e7l\u00fc temsilcileri olan; Al\u0131\u015fveri\u015f Merkezleri ve Yat\u0131r\u0131mc\u0131lar\u0131 Derne\u011fi (AYD), G\u0131da Perakendecileri Derne\u011fi (GPD), Tescilli Markalar Derne\u011fi (TMD), Turizm, Restoran Yat\u0131r\u0131mc\u0131lar\u0131 ve Gastronomi \u0130\u015fletmeleri Derne\u011fi (TURY\u0130D) ve Zincir Ma\u011fazalar Derne\u011fi\u2019ni (ZMD) \u00e7at\u0131s\u0131 alt\u0131nda birle\u015ftiriyor. Perakende i\u00e7inde k\u00f6kl\u00fc ge\u00e7mi\u015fleri ve farkl\u0131 faaliyet alanlar\u0131 olan bu dernekler kendi faaliyetlerinin yan\u0131 s\u0131ra sekt\u00f6r\u00fc ilgilendiren ortak konularda g\u00fc\u00e7 birli\u011fi olu\u015fturmak amac\u0131yla Federasyon \u00e7at\u0131s\u0131 alt\u0131nda bulu\u015fuyor. Federasyon, organize perakendenin \u00e7at\u0131 kurulu\u015fu niteli\u011findedir.<\/p><\/div>\t\t\t\t\t\t\t\t<\/div>\n\t\t\t\t<\/div>\n\t\t\t\t\t<\/div>\n\t\t<\/div>\n\t\t\t\t\t<\/div>\n\t\t<\/section>\n\t\t\t\t<\/div>\n\t\t","protected":false},"excerpt":{"rendered":"<p>T\u00fcrkiye\u2019de Organize Perakendenin \u00c7at\u0131 Kurulu\u015fu olan T\u00fcrkiye Al\u0131\u015fveri\u015f Merkezleri ve Perakendeciler Federasyonu\u2019nun (TAMPF) Y\u00f6netim Kurulu Ba\u015fkanl\u0131\u011f\u0131na Alp \u00d6nder \u00d6zpamuk\u00e7u yeniden se\u00e7ildi. Perakende sekt\u00f6r\u00fcn\u00fcn en g\u00fc\u00e7l\u00fc akt\u00f6rlerini bir araya getiren T\u00fcrkiye Al\u0131\u015fveri\u015f Merkezleri ve Perakendeciler Federasyonu (TAMPF), 23 Haziran 2021 tarihinde be\u015finci se\u00e7imli ola\u011fan genel kurulunu ger\u00e7ekle\u015ftirdi. TAMPF Genel Merkezinde ger\u00e7ekle\u015fen genel kurulda y\u00f6netim kurulu ba\u015fkanl\u0131\u011f\u0131na [&hellip;]<\/p>\n","protected":false},"author":2,"featured_media":1680,"comment_status":"open","ping_status":"open","sticky":false,"template":"","format":"standard","meta":{"footnotes":""},"categories":[17],"tags":[],"class_list":{"0":"post-1679","1":"post","2":"type-post","3":"status-publish","4":"format-standard","5":"has-post-thumbnail","7":"category-haberler"},"_links":{"self":[{"href":"https:\/\/www.zincirmagazalar.org\/index.php?rest_route=\/wp\/v2\/posts\/1679","targetHints":{"allow":["GET"]}}],"collection":[{"href":"https:\/\/www.zincirmagazalar.org\/index.php?rest_route=\/wp\/v2\/posts"}],"about":[{"href":"https:\/\/www.zincirmagazalar.org\/index.php?rest_route=\/wp\/v2\/types\/post"}],"author":[{"embeddable":true,"href":"https:\/\/www.zincirmagazalar.org\/index.php?rest_route=\/wp\/v2\/users\/2"}],"replies":[{"embeddable":true,"href":"https:\/\/www.zincirmagazalar.org\/index.php?rest_route=%2Fwp%2Fv2%2Fcomments&post=1679"}],"version-history":[{"count":4,"href":"https:\/\/www.zincirmagazalar.org\/index.php?rest_route=\/wp\/v2\/posts\/1679\/revisions"}],"predecessor-version":[{"id":1684,"href":"https:\/\/www.zincirmagazalar.org\/index.php?rest_route=\/wp\/v2\/posts\/1679\/revisions\/1684"}],"wp:featuredmedia":[{"embeddable":true,"href":"https:\/\/www.zincirmagazalar.org\/index.php?rest_route=\/wp\/v2\/media\/1680"}],"wp:attachment":[{"href":"https:\/\/www.zincirmagazalar.org\/index.php?rest_route=%2Fwp%2Fv2%2Fmedia&parent=1679"}],"wp:term":[{"taxonomy":"category","embeddable":true,"href":"https:\/\/www.zincirmagazalar.org\/index.php?rest_route=%2Fwp%2Fv2%2Fcategories&post=1679"},{"taxonomy":"post_tag","embeddable":true,"href":"https:\/\/www.zincirmagazalar.org\/index.php?rest_route=%2Fwp%2Fv2%2Ftags&post=1679"}],"curies":[{"name":"wp","href":"https:\/\/api.w.org\/{rel}","templated":true}]}}