{"id":1652,"date":"2021-06-13T09:04:20","date_gmt":"2021-06-13T09:04:20","guid":{"rendered":"https:\/\/www.zincirmagazalar.org\/?p=1652"},"modified":"2021-06-13T09:16:15","modified_gmt":"2021-06-13T09:16:15","slug":"dijital-donusum-icin-kaybedecek-vakit-kalmadi","status":"publish","type":"post","link":"https:\/\/www.zincirmagazalar.org\/?p=1652","title":{"rendered":"Dijital D\u00f6n\u00fc\u015f\u00fcm \u0130\u00e7in Kaybedecek Vakit Kalmad\u0131"},"content":{"rendered":"\t\t<div data-elementor-type=\"wp-post\" data-elementor-id=\"1652\" class=\"elementor elementor-1652\">\n\t\t\t\t\t\t<section class=\"elementor-section elementor-top-section elementor-element elementor-element-37e494d6 elementor-section-boxed elementor-section-height-default elementor-section-height-default\" data-id=\"37e494d6\" data-element_type=\"section\">\n\t\t\t\t\t\t<div class=\"elementor-container elementor-column-gap-default\">\n\t\t\t\t\t<div class=\"elementor-column elementor-col-100 elementor-top-column elementor-element elementor-element-3f48a51d\" data-id=\"3f48a51d\" data-element_type=\"column\">\n\t\t\t<div class=\"elementor-widget-wrap elementor-element-populated\">\n\t\t\t\t\t\t<div class=\"elementor-element elementor-element-48cd9dbb elementor-widget elementor-widget-text-editor\" data-id=\"48cd9dbb\" data-element_type=\"widget\" data-widget_type=\"text-editor.default\">\n\t\t\t\t<div class=\"elementor-widget-container\">\n\t\t\t\t\t\t\t\t\t<div class=\"td-paragraph-padding-1\"><p class=\"p1\"><b>Dijital T\u00fcrkiye Platformu\u2019nun KPMG T\u00fcrkiye ile birlikte haz\u0131rlad\u0131\u011f\u0131 \u2018Dijitalle\u015fme Yolunda T\u00fcrkiye\u2019 raporu a\u00e7\u0131kland\u0131. Rapora g\u00f6re dijital d\u00f6n\u00fc\u015f\u00fcm i\u00e7in art\u0131k kaybedecek vakit yok. Yeni ger\u00e7eklikte ba\u015far\u0131l\u0131 olman\u0131n tek yolu, dijital diren\u00e7 kazanmak.<\/b><\/p><p class=\"p1\">TBV, T\u00dcB\u0130SAD ve TES\u0130D i\u015f birli\u011fiyle kurulan Dijital T\u00fcrkiye Platformu, ikinci kez haz\u0131rlanan raporda dijitalle\u015fme trendlerini analiz ediyor, T\u00fcrkiye i\u00e7in yol haritas\u0131 ve hedeflerle ilgili \u00f6nerilerde bulunuyor. Rapor, \u201cPandemi gibi k\u00fc\u00e7\u00fck olas\u0131l\u0131kl\u0131 risklerin hayat\u0131m\u0131za hi\u00e7 beklemedi\u011fimiz anda girmesi, gelecekteki f\u0131rt\u0131nalar\u0131 atlatabilecek verimli, etkili ve s\u00fcrd\u00fcr\u00fclebilir bir i\u015f yaratmam\u0131za yard\u0131mc\u0131 olacak dijital d\u00f6n\u00fc\u015f\u00fcm i\u00e7in art\u0131k kaybedecek vakit olmad\u0131\u011f\u0131n\u0131 g\u00f6steriyor\u201d diyor. Rapora g\u00f6re hem devlet kurulu\u015flar\u0131n\u0131n hem \u00f6zel sekt\u00f6r\u00fcn hem de bireysel olarak vatanda\u015flar\u0131n, yeni ger\u00e7eklikte ba\u015far\u0131l\u0131 olmak ve farkl\u0131 bir k\u00fcresel tehdit kar\u015f\u0131s\u0131nda kullanmak i\u00e7in dijital diren\u00e7 geli\u015ftirmesi gerekiyor.<\/p><p>DTP\u2019nin a\u00e7\u0131klad\u0131\u011f\u0131 raporda \u201cTamamen veri merkezli bir stratejiye sahip kurumlar, son y\u0131llarda ula\u015f\u0131m, e\u011flence, turizm ve finansal hizmetler sekt\u00f6rlerini h\u0131zla geride b\u0131rakt\u0131. Ancak bu, geleneksel kurum ve kurulu\u015flar\u0131n veri merkezli liderlere yeti\u015femeyece\u011fi anlam\u0131na gelmemelidir. \u00dcretilmekte ve toplanmakta olan b\u00fcy\u00fck miktardaki verinin rekabette kalabilmek i\u00e7in yeni bir zihniyet gerektirdi\u011fini fark etti\u011finden, kurulu\u015flar\u0131n da dijitalle\u015fme i\u00e7in en \u00f6nemli konu olan verinin demokratikle\u015ftirilmesine yat\u0131r\u0131m yapmas\u0131 gerekmektedir\u201d deniliyor.<\/p><p>Bu y\u0131l KPMG T\u00fcrkiye i\u015f birli\u011fiyle haz\u0131rlanan rapor online bir toplant\u0131da a\u00e7\u0131kland\u0131. Toplant\u0131n\u0131n a\u00e7\u0131l\u0131\u015f\u0131n\u0131 Digital Europe Genel Direkt\u00f6r\u00fc Cecilia Bonefeld Dahl ve Cumhurba\u015fkanl\u0131\u011f\u0131 Dijital D\u00f6n\u00fc\u015f\u00fcm Ofisi Ba\u015fkan\u0131 Ali Taha Ko\u00e7 yapt\u0131. Ali Taha Ko\u00e7, teknolojinin her zamankinden daha fazla g\u00fcndemde oldu\u011funu vurgulayarak, Dijital T\u00fcrkiye Platformu \u00f6nc\u00fcl\u00fc\u011f\u00fcnde haz\u0131rlanan raporun, fikir geli\u015ftirmeye \u00f6nemli katk\u0131 sa\u011flayaca\u011f\u0131n\u0131 s\u00f6yledi. \u201cDijitalle\u015fme ile ilgili geli\u015fmeler nedeniyle sanayi devrimine benzeyen bir d\u00f6nemden ge\u00e7iyoruz\u201d diyen Ko\u00e7, bu konuda kazanan tarafta olmak i\u00e7in \u00e7al\u0131\u015ft\u0131klar\u0131n\u0131 kaydetti. Ko\u00e7, \u015f\u00f6yle konu\u015ftu:<br \/>\u201cDijitalle\u015fmeyle ilgili politikalar, veriye dayal\u0131 yenilik\u00e7ili\u011fi geli\u015ftirmeye odaklan\u0131r. Bu s\u00fcre\u00e7te yapay zeka, makine \u00f6\u011frenimi, bulut bili\u015fim, nesnelerin interneti, blok zinciri, robotik s\u00fcre\u00e7 otomasyonu ve u\u00e7 bili\u015fim birbirini besleyerek geli\u015fiyor. Veriye dayal\u0131 yenilik\u00e7ili\u011fi geli\u015ftirme a\u00e7\u0131s\u0131ndan yapay zeka teknolojilerinin son y\u0131llarda ciddi anlamda \u00f6ne \u00e7\u0131kt\u0131\u011f\u0131n\u0131 g\u00f6r\u00fcyoruz. Bir\u00e7ok \u00fclke yapay zekaya ili\u015fkin ulusal politika ve strateji belgeleri olu\u015fturup uygulamaya ald\u0131lar. \u00dclkemizin de b\u00f6yle bir uzun d\u00f6nemli stratejiye ihtiyac\u0131 oldu\u011fu hemen hemen t\u00fcm payda\u015flar\u0131n ortak g\u00f6r\u00fc\u015f\u00fc. Bu \u00e7er\u00e7evede \u00fclkemizin yapay zeka alan\u0131ndaki yol haritas\u0131n\u0131 ortaya koymak \u00fczere Ulusal Yapay Zeka Stratejisi\u2019ni olu\u015fturmak amac\u0131yla son bir y\u0131ld\u0131r yo\u011fun \u015fekilde \u00e7al\u0131\u015fma i\u00e7erisindeyiz. Sanayi ve Teknoloji Bakanl\u0131\u011f\u0131 ve di\u011fer t\u00fcm bakanl\u0131klar\u0131m\u0131zla beraber y\u00fcr\u00fctt\u00fc\u011f\u00fcm\u00fcz bu \u00e7al\u0131\u015fmada sona yakla\u015ft\u0131k. Strateji belgesi resmiyet kazan\u0131nca uzun d\u00f6nemli bir yol haritas\u0131n\u0131 ortaya koymu\u015f olaca\u011f\u0131z. Bir di\u011fer nokta ise siber g\u00fcvenlikle ilgili. Dijitalle\u015fme sosyoekonomik geli\u015fme i\u00e7in \u00e7ok \u00f6nemli f\u0131rsatlar sunarken siber g\u00fcvenlik sorunlar\u0131 nedeniyle baz\u0131 ciddi riskleri de beraberinde getiriyor. Siber tehditlere kar\u015f\u0131 etkin koruma mekanizmalar\u0131n\u0131 olu\u015fturmam\u0131z gerekiyor.\u201d<\/p><p><strong>2021 Data ve Yapay Zeka Y\u0131l\u0131 Olacak<\/strong><br \/>Digital Europe Genel Direkt\u00f6r\u00fc Cecilia Bonefeld Dahl, dijitalle\u015fmenin \u015firketleri daha dayan\u0131kl\u0131 hale getirdi\u011fini, dijitalle\u015fen sekt\u00f6rlerin daha h\u0131zl\u0131 b\u00fcy\u00fcd\u00fc\u011f\u00fcn\u00fc anlatt\u0131. Covid-19\u2019un ba\u011flanabilirli\u011fin \u00f6nemini ortaya \u00e7\u0131kard\u0131\u011f\u0131n\u0131 ifade eden Dahl, dijitale yat\u0131r\u0131m\u0131n Avrupa\u2019n\u0131n en b\u00fcy\u00fck g\u00fcndem maddesi oldu\u011funu kaydetti. Dahl, Avrupa Parlamentosu\u2019nun 750 milyar euroluk salg\u0131n paketinin y\u00fczde 20\u2019sini dijitale ay\u0131rd\u0131\u011f\u0131n\u0131 belirterek, yat\u0131r\u0131m plan\u0131n\u0131n \u00f6nceliklere g\u00f6re \u2018Dijital e\u011fitim, dijital sa\u011fl\u0131k hizmetleri, dijital d\u00f6n\u00fc\u015f\u00fcm, inovasyon ve \u2018Ye\u015fil Anla\u015fma\u2019, dijitalle\u015fen Kobi\u2019ler, ba\u011flanabilirlik ve altyap\u0131\u2019 oldu\u011funu s\u00f6yledi.<br \/>\u201c2021 data ve yapay zeka i\u00e7in b\u00fcy\u00fck bir y\u0131l olacak\u201d diyen Dahl, AB\u2019nin 2030 hedeflerini \u015f\u00f6yle s\u0131ralad\u0131:<br \/>\u2022 KOB\u0130\u2019lerin y\u00fczde 50\u2019si b\u00fcy\u00fck veri analizi kullanmal\u0131 \u015fu anda bu rakam y\u00fczde 12<br \/>\u2022 KOB\u0130\u2019lerin y\u00fczde 30\u2019u birden fazla Avrupa s\u0131n\u0131r\u0131nda i\u015f yapmal\u0131, \u015fu anda bu rakam y\u00fczde 8.4<br \/>\u2022 \u00d6\u011fretmenlerin y\u00fczde 84\u2019\u00fc kendini dijital teknolojileri kullanmaya haz\u0131r hissetmeli, \u015fu anda bu rakam y\u00fczde 40<br \/>\u2022 Ara\u015ft\u0131rma ve yeniliklerin y\u00fczde 10\u2019unun bili\u015fim ve ileti\u015fim sekt\u00f6rlerine yap\u0131lmal\u0131, \u015fu anda bu rakam y\u00fczde 6.9<br \/>\u2022 Avrupal\u0131 vatanda\u015flar\u0131n y\u00fczde 75\u2019i e-devlet kullanmal\u0131, \u015fu anda bu rakam y\u00fczde 56<br \/>\u2022 \u00c7al\u0131\u015fan kad\u0131nlar\u0131n y\u00fczde 6\u2019s\u0131 bili\u015fim ve ileti\u015fim sekt\u00f6r\u00fcnde olmal\u0131, \u015fu anda bu rakam 1.4<br \/>\u2022 2025\u2019e kadar unicorn yat\u0131r\u0131mlar\u0131n\u0131n y\u00fczde 25\u2019i Avrupa\u2019da olmal\u0131<\/p><p><strong>Yeni Bir Ya\u015fam Perspektifi<\/strong><br \/>Raporu sunan KPMG T\u00fcrkiye Teknoloji Sekt\u00f6r\u00fc Lideri G\u00f6khan Matarac\u0131, Covid-19 sonras\u0131 t\u00fcm d\u00fcnya i\u00e7in yeni bir ya\u015fam perspektifinin ortaya \u00e7\u0131kt\u0131\u011f\u0131n\u0131, uzun bir d\u00f6nemde ger\u00e7ekle\u015fmesi beklenen teknolojik geli\u015fmenin \u00e7ok k\u0131sa bir zamanda kullan\u0131lmaya ba\u015fland\u0131\u011f\u0131n\u0131 vurgulad\u0131. Dijital T\u00fcrkiye Platformu ile yapt\u0131klar\u0131 \u00e7al\u0131\u015fmada \u2018Dijitalle\u015fen T\u00fcrkiye\u2019 i\u00e7in bir yol haritas\u0131 \u00e7\u0131kard\u0131klar\u0131n\u0131 belirten Matarac\u0131, \u201cT\u00fcrkiye\u2019nin dijital d\u00f6n\u00fc\u015f\u00fcm yolculu\u011funun ana yap\u0131 ta\u015flar\u0131 RPA\u2019den ak\u0131ll\u0131 otomasyona, bulut stratejisinden nesnelerin interneti ve ba\u011flanabilirli\u011fe, siber g\u00fcvenlikten ak\u0131ll\u0131 \u015fehirlere uzanan bir dizi geli\u015fmeden olu\u015fuyor. Ak\u0131ll\u0131 otomasyon \u00e7a\u011f\u0131 ve \u00e7evrimi\u00e7i \u00f6\u011frenme, hem teknolojik fark\u0131ndal\u0131\u011f\u0131n artmas\u0131n\u0131 hem de k\u00fclt\u00fcrel geli\u015fmeyi sa\u011flayacak. Ak\u0131ll\u0131 otomasyon, veri ve analitik, ak\u0131ll\u0131 \u015fehirler gelece\u011fin dijital T\u00fcrkiye\u2019si i\u00e7in \u00f6nemli ba\u015fl\u0131klar olacak\u201d dedi.<br \/>Matarac\u0131, dijitalle\u015fme yolundaki T\u00fcrkiye\u2019nin 2025 hedeflerini \u015f\u00f6yle s\u0131ralad\u0131:<br \/>\u2022 E\u011fitim (e-devlet kullan\u0131m oran\u0131n\u0131n y\u00fczde 80\u2019e ula\u015fmas\u0131)<br \/>\u2022 Ba\u011flanabilirlik<br \/>\u2022 Bulut bili\u015fim (kullan\u0131m\u0131n y\u00fczde 60 seviyesine gelmesi)<br \/>\u2022 Dijital servis kullan\u0131m\u0131n\u0131n artmas\u0131<br \/>\u2022 F\u0131rsat e\u015fitli\u011fi<br \/>\u2022 Giri\u015fimci yakla\u015f\u0131mlar\u0131n benimsenmesi<\/p><p><strong>Kabuk De\u011fi\u015ftirme S\u00fcrecindeyiz<\/strong><br \/>Raporun a\u00e7\u0131klanmas\u0131ndan sonra \u2018K\u0131r\u0131l\u0131m \u00c7a\u011f\u0131nda T\u00fcrkiye\u2019 ba\u015fl\u0131kl\u0131 panele ge\u00e7ildi. Panelde s\u00f6z alan DTP ve TBV Ba\u015fkan\u0131 Faruk Eczac\u0131ba\u015f\u0131, dijitalle\u015fmenin istihdam\u0131 tehdit edip etmedi\u011fi tart\u0131\u015fmas\u0131na de\u011finerek \u015f\u00f6yle konu\u015ftu:<br \/>\u201cMakinele\u015fmenin ba\u015flamas\u0131ndan sonra 1970\u2019lerde de ayn\u0131 korku ya\u015fand\u0131. Zaman i\u00e7inde g\u00f6rd\u00fck ki sistem kendini bir \u015fekilde dengeliyor. K\u0131r\u0131l\u0131mlar\u0131n a\u011f\u0131r oldu\u011fu d\u00f6nemlerde birtak\u0131m \u00f6ng\u00f6r\u00fclerle ve korkularla hareket edip u\u011fra\u015fman\u0131n yersiz oldu\u011funu g\u00f6r\u00fcyorum. Yeni i\u015f yap\u0131\u015f modelleri ve meslekler ortaya \u00e7\u0131k\u0131yor. Bug\u00fcnk\u00fc i\u015f ilanlar\u0131 ve 10 y\u0131l \u00f6ncekiler aras\u0131nda bile b\u00fcy\u00fck farklar var. \u015eu anda bir kabuk de\u011fi\u015ftirme s\u00fcrecindeyiz. Bu s\u00fcre\u00e7te devletlere \u00f6nemli rol d\u00fc\u015f\u00fcyor. E\u011fitimi g\u00fcncelle\u015ftirmek gerek. Teknolojiye odaklanm\u0131\u015f e\u011fitim \u015fart. Ama\u00e7 insanlar\u0131n, gelece\u011fin ihtiya\u00e7lar\u0131na g\u00f6re \u015fekillenmesini sa\u011flamak. Bu yap\u0131da devlet ve bireyler aras\u0131ndaki sosyal s\u00f6zle\u015fmenin yeniden d\u00fczenlenmesi gerekiyor. Raporda \u00e7ok \u00f6nemli veriler var bu a\u00e7\u0131dan. 10 sene sonras\u0131ndan korkmayal\u0131m ama yar\u0131ndan itibaren de ad\u0131mlar\u0131m\u0131z\u0131 ger\u00e7ek\u00e7i bir \u015fekilde atal\u0131m.\u201d<\/p><p><strong>Yapay Zeka ve Etik \u00c7al\u0131\u015fmal\u0131y\u0131z<\/strong><br \/>KPMG T\u00fcrkiye Ba\u015fkan\u0131 ve TBV YK \u00dcyesi Murat Alsan da panelde, dijitalle\u015fen ve yapay zeka kullan\u0131m\u0131 artan d\u00fcnyada \u2018etik\u2019 konular\u0131n \u00e7\u00f6z\u00fcm\u00fcn\u00fc g\u00fcndeme getirdi. Yapay zekan\u0131n, insan zekas\u0131n\u0131 yakalama hedefiyle geli\u015ftirildi\u011fini hat\u0131rlatan Alsan, \u201cBir robot ne zaman bilin\u00e7 kazanacak? D\u00fcnyada insanlar ve hayvanlar d\u0131\u015f\u0131ndakiler i\u00e7in bir stat\u00fc yok. Ama \u015fimdi kabul ediyoruz ki robotlar i\u00e7in olu\u015fmal\u0131. Uzak gelecekte yapay zekan\u0131n bilin\u00e7 kazanaca\u011f\u0131 \u00f6ng\u00f6r\u00fcl\u00fcyor. Yapay zekal\u0131 bir robotun sahibinin sorumluluklar\u0131 ne olmal\u0131, robotun \u00f6zg\u00fcrl\u00fc\u011f\u00fc ne olmal\u0131? \u00c7ok detayl\u0131 kurallar seti olu\u015fturulmas\u0131 gerekti\u011fi a\u00e7\u0131k. Bu konuda en s\u0131cak \u00e7al\u0131\u015fmalar AB\u2019de yap\u0131l\u0131yor. Bizim de T\u00fcrkiye\u2019de hemen yapay zeka ve etik konulu \u00e7al\u0131\u015fmalara ba\u015flamam\u0131z gerekiyor\u201d dedi.<\/p><p><strong>D\u00f6n\u00fc\u015f\u00fcm\u00fcn Temelinde \u0130nsan Var<\/strong><br \/>Ak\u0131ll\u0131 otomasyonun entegrasyonu konusundaki zorluklara de\u011finen T\u00dcB\u0130SAD Ba\u015fkan\u0131 Levent K\u0131z\u0131ltan ise dijitalle\u015fme ve dijital d\u00f6n\u00fc\u015f\u00fcm\u00fcn iki farkl\u0131 a\u00e7\u0131dan ele al\u0131nmas\u0131 gerekti\u011fini kaydetti. Dijitalle\u015fmenin bir anlamda mekanik bir i\u015flem oldu\u011funu, dijital d\u00f6n\u00fc\u015f\u00fcm\u00fcn temelinde ise insan unsurunun bulundu\u011funu ifade eden K\u0131z\u0131ltan, \u015funlar\u0131 s\u00f6yledi:<br \/>\u201cDijital d\u00f6n\u00fc\u015f\u00fcmde insanlar\u0131n yetkinlik ve becerileriyle dijitalle\u015fmeye entegre olmas\u0131ndan s\u00f6z ediyoruz. G\u00fcn\u00fcm\u00fczde kas g\u00fcc\u00fcyle yap\u0131lan i\u015fler ile beyin g\u00fcc\u00fcyle yap\u0131lan i\u015fler aras\u0131nda u\u00e7urum giderek art\u0131yor. Beyin g\u00fcc\u00fcyle yap\u0131lan i\u015flerde \u00e7al\u0131\u015fan insanlar\u0131n, yeniden yetenek kazand\u0131rma konseptinde yapay zekadan, makine \u00f6\u011freniminden ve benzer sistemlerden yararlanarak kendilerini geli\u015ftirmeleri gerekiyor. Bug\u00fcn T\u00fcrkiye\u2019nin dijital beyin g\u00f6\u00e7\u00fc problemi var. Avrupa\u2019daki pek \u00e7ok \u00fclke T\u00fcrkiye\u2019yi kaynak havuzu g\u00f6r\u00fcyor. Nitelikli insanlar\u0131n bug\u00fcn ve gelecekte ihtiya\u00e7 duyaca\u011f\u0131 yetkinlikler neyse e\u011fitim programlar\u0131m\u0131z\u0131 de\u011fi\u015ftirip insanlar\u0131 buna g\u00f6re yeti\u015ftirmemiz ve yetene\u011fi tutmam\u0131z laz\u0131m.\u201d<\/p><p>TES\u0130D Ba\u015fkan\u0131 Yaman Tunao\u011flu da dijital d\u00f6n\u00fc\u015f\u00fcm\u00fcn insan faydas\u0131na odakland\u0131\u011f\u0131n\u0131 hat\u0131rlatt\u0131. Elektroni\u011fin her sekt\u00f6rde art\u0131k bir alt bile\u015fen oldu\u011funu belirten Tunao\u011flu, yaz\u0131l\u0131m firmalar\u0131 i\u00e7in bu d\u00f6nemin \u00f6nemli bir f\u0131rsat yaratt\u0131\u011f\u0131na dikkat \u00e7ekti. Tunao\u011flu, \u201cT\u00fcrkiye\u2019de bulut teknolojisinde iyi bir noktaya geldik. Esas f\u0131rsat asl\u0131nda nesnelerin interneti ile ilgili geli\u015fimde. Sa\u011fl\u0131k, ula\u015f\u0131m, tar\u0131m gibi bir\u00e7ok sekt\u00f6r bu konuda uygulamalar ve yaz\u0131l\u0131mlar geli\u015ftiriyor. T\u00fcrkiye g\u00fc\u00e7l\u00fc bir sanayiye sahip, dijitalle\u015fme konusunda Avrupa ile yar\u0131\u015facak durumday\u0131z. Bulut teknolojilerinde de T\u00fcrkiye\u2019de belli bir noktaya geliyoruz, esas f\u0131rsat nesnelerin interneti konusunda. Sa\u011fl\u0131k, ula\u015f\u0131m, tar\u0131m gibi pek \u00e7ok sekt\u00f6r nesnelerin internetine dokunan uygulamalar geli\u015ftiriyorlar. De\u011fi\u015fim odakl\u0131, rekabet\u00e7i olan \u00fcr\u00fcnler \u00fcretmek i\u00e7in \u00e7aba sarf etmeliyiz\u201d dedi.<\/p><p>Raporun tamam\u0131 i\u00e7in <a href=\"http:\/\/tbv.org.tr\/wp-content\/uploads\/2021\/04\/Dijitalles%CC%A7me-Yolunda-Tu%CC%88rkiye-Raporu-v9.pdf\">t\u0131klay\u0131n\u0131z<\/a>.<\/p><\/div>\t\t\t\t\t\t\t\t<\/div>\n\t\t\t\t<\/div>\n\t\t\t\t\t<\/div>\n\t\t<\/div>\n\t\t\t\t\t<\/div>\n\t\t<\/section>\n\t\t\t\t<\/div>\n\t\t","protected":false},"excerpt":{"rendered":"<p>Dijital T\u00fcrkiye Platformu\u2019nun KPMG T\u00fcrkiye ile birlikte haz\u0131rlad\u0131\u011f\u0131 \u2018Dijitalle\u015fme Yolunda T\u00fcrkiye\u2019 raporu a\u00e7\u0131kland\u0131. Rapora g\u00f6re dijital d\u00f6n\u00fc\u015f\u00fcm i\u00e7in art\u0131k kaybedecek vakit yok. Yeni ger\u00e7eklikte ba\u015far\u0131l\u0131 olman\u0131n tek yolu, dijital diren\u00e7 kazanmak. TBV, T\u00dcB\u0130SAD ve TES\u0130D i\u015f birli\u011fiyle kurulan Dijital T\u00fcrkiye Platformu, ikinci kez haz\u0131rlanan raporda dijitalle\u015fme trendlerini analiz ediyor, T\u00fcrkiye i\u00e7in yol haritas\u0131 ve hedeflerle [&hellip;]<\/p>\n","protected":false},"author":2,"featured_media":1666,"comment_status":"open","ping_status":"open","sticky":false,"template":"","format":"standard","meta":{"footnotes":""},"categories":[17],"tags":[],"class_list":{"0":"post-1652","1":"post","2":"type-post","3":"status-publish","4":"format-standard","5":"has-post-thumbnail","7":"category-haberler"},"_links":{"self":[{"href":"https:\/\/www.zincirmagazalar.org\/index.php?rest_route=\/wp\/v2\/posts\/1652","targetHints":{"allow":["GET"]}}],"collection":[{"href":"https:\/\/www.zincirmagazalar.org\/index.php?rest_route=\/wp\/v2\/posts"}],"about":[{"href":"https:\/\/www.zincirmagazalar.org\/index.php?rest_route=\/wp\/v2\/types\/post"}],"author":[{"embeddable":true,"href":"https:\/\/www.zincirmagazalar.org\/index.php?rest_route=\/wp\/v2\/users\/2"}],"replies":[{"embeddable":true,"href":"https:\/\/www.zincirmagazalar.org\/index.php?rest_route=%2Fwp%2Fv2%2Fcomments&post=1652"}],"version-history":[{"count":5,"href":"https:\/\/www.zincirmagazalar.org\/index.php?rest_route=\/wp\/v2\/posts\/1652\/revisions"}],"predecessor-version":[{"id":1667,"href":"https:\/\/www.zincirmagazalar.org\/index.php?rest_route=\/wp\/v2\/posts\/1652\/revisions\/1667"}],"wp:featuredmedia":[{"embeddable":true,"href":"https:\/\/www.zincirmagazalar.org\/index.php?rest_route=\/wp\/v2\/media\/1666"}],"wp:attachment":[{"href":"https:\/\/www.zincirmagazalar.org\/index.php?rest_route=%2Fwp%2Fv2%2Fmedia&parent=1652"}],"wp:term":[{"taxonomy":"category","embeddable":true,"href":"https:\/\/www.zincirmagazalar.org\/index.php?rest_route=%2Fwp%2Fv2%2Fcategories&post=1652"},{"taxonomy":"post_tag","embeddable":true,"href":"https:\/\/www.zincirmagazalar.org\/index.php?rest_route=%2Fwp%2Fv2%2Ftags&post=1652"}],"curies":[{"name":"wp","href":"https:\/\/api.w.org\/{rel}","templated":true}]}}