{"id":1413,"date":"2021-04-22T07:19:30","date_gmt":"2021-04-22T07:19:30","guid":{"rendered":"https:\/\/www.zincirmagazalar.org\/?p=1413"},"modified":"2021-04-22T07:20:50","modified_gmt":"2021-04-22T07:20:50","slug":"zincir-magazalar-dernegi-sektoru-daha-cok-kapsayan-bir-stk-olmayi-hedefliyor","status":"publish","type":"post","link":"https:\/\/www.zincirmagazalar.org\/?p=1413","title":{"rendered":"Zincir Ma\u011fazalar Derne\u011fi, Sekt\u00f6r\u00fc Daha \u00c7ok Kapsayan Bir STK Olmay\u0131 Hedefliyor"},"content":{"rendered":"\t\t<div data-elementor-type=\"wp-post\" data-elementor-id=\"1413\" class=\"elementor elementor-1413\">\n\t\t\t\t\t\t<section class=\"elementor-section elementor-top-section elementor-element elementor-element-37e494d6 elementor-section-boxed elementor-section-height-default elementor-section-height-default\" data-id=\"37e494d6\" data-element_type=\"section\">\n\t\t\t\t\t\t<div class=\"elementor-container elementor-column-gap-default\">\n\t\t\t\t\t<div class=\"elementor-column elementor-col-100 elementor-top-column elementor-element elementor-element-3f48a51d\" data-id=\"3f48a51d\" data-element_type=\"column\">\n\t\t\t<div class=\"elementor-widget-wrap elementor-element-populated\">\n\t\t\t\t\t\t<div class=\"elementor-element elementor-element-48cd9dbb elementor-widget elementor-widget-text-editor\" data-id=\"48cd9dbb\" data-element_type=\"widget\" data-widget_type=\"text-editor.default\">\n\t\t\t\t<div class=\"elementor-widget-container\">\n\t\t\t\t\t\t\t\t\t<div class=\"td-paragraph-padding-1\"><p class=\"p1\"><b>Modern perakende sekt\u00f6r\u00fcn\u00fcn g\u00fc\u00e7l\u00fc temsilcisi Kategori Ma\u011fazac\u0131l\u0131\u011f\u0131 Derne\u011fi (KMD), dernek ismini de\u011fi\u015ftirerek sekt\u00f6rdeki temsiliyetini artt\u0131rma hedefinde. \u201cZincir Ma\u011fazalar Derne\u011fi\u201d, g\u0131da d\u0131\u015f\u0131 modern perakendenin t\u00fcm alt kategorilerini kapsayan yap\u0131s\u0131yla 320 milyar TL seviyesinde bir ciroyu temsil ediyor.<\/b><\/p><\/div><div class=\"td-paragraph-padding-1\"><p>Modern perakendenin \u00f6nemli temsilcisi Kategori Ma\u011fazac\u0131l\u0131\u011f\u0131 Derne\u011fi (KMD) isim de\u011fi\u015fikli\u011fiyle faaliyetlerini <strong>Zincir Ma\u011fazalar Derne\u011fi<\/strong> ad\u0131 alt\u0131nda s\u00fcrd\u00fcrme karar\u0131 ald\u0131. Sekt\u00f6rdeki temsiliyetini daha da g\u00fc\u00e7lendirmek ve \u00e7al\u0131\u015fma alanlar\u0131n\u0131 \u015fekillendirmek i\u00e7in \u00fcye yap\u0131s\u0131n\u0131n da geni\u015fletilece\u011fini belirten Y\u00f6netim Kurulu Ba\u015fkan\u0131 Serhan T\u0131nastepe, bu ama\u00e7la dernek isminde bir de\u011fi\u015fiklik karar\u0131n\u0131n al\u0131nd\u0131\u011f\u0131n\u0131, bundan sonra faaliyetlerine <strong>Zincir Ma\u011fazalar Derne\u011fi<\/strong> ismiyle devam edeceklerini ifade etti. Dernek bu yap\u0131s\u0131yla g\u0131da d\u0131\u015f\u0131 modern perakendedeki t\u00fcm oyuncular\u0131 kapsayan, sorunlara \u00e7\u00f6z\u00fcm geli\u015ftiren, yeni geli\u015fmeleri ve verimlilik \u00e7\u00f6z\u00fcmlerini sekt\u00f6r ile bulu\u015fturan bir sivil toplum kurulu\u015fu olmay\u0131 hedefleyecek.<\/p><p><strong>320 Milyar TL Ciro ile Ekonomiye \u00d6nemli Katk\u0131<\/strong><br \/>G\u0131da d\u0131\u015f\u0131 perakende sekt\u00f6r\u00fcn\u00fcn en \u00f6nemli oyuncular\u0131n\u0131n, <strong>Zincir Ma\u011fazalar Derne\u011fi<\/strong>\u2019nin \u00fcyeleri aras\u0131nda yer ald\u0131\u011f\u0131n\u0131 ifade eden T\u0131nastepe, \u201cDerne\u011fimiz, temsil etti\u011fi 50 bin sat\u0131\u015f noktas\u0131, 300 bin \u00e7al\u0131\u015fan ve 320 milyar TL\u2019lik ciro ile \u00fclke ekonomisi i\u00e7in \u00f6nemli bir konumda. Bu konumu g\u00fc\u00e7lendirirken sekt\u00f6r\u00fcm\u00fcz\u00fcn geli\u015fiminin \u00f6n\u00fcn\u00fc a\u00e7acak her t\u00fcrl\u00fc \u00e7al\u0131\u015fmay\u0131 y\u00fcr\u00fctmeye ve \u00fcyelerimizin ihtiya\u00e7lar\u0131n\u0131n kar\u015f\u0131lanmas\u0131 i\u00e7in ilgili t\u00fcm payda\u015flarla yap\u0131c\u0131 g\u00f6r\u00fc\u015f al\u0131\u015fveri\u015fini s\u00fcrd\u00fcrmeye devam edece\u011fiz\u201d dedi.<\/p><p><strong>\u00d6n\u00fcm\u00fczdeki D\u00f6nemde Verimlilik ve Teknoloji, \u00d6n Planda Olacak<\/strong><br \/>2021 y\u0131l\u0131n\u0131n, sekt\u00f6r i\u00e7inde yeni normalin gereklerine g\u00f6re yap\u0131lanmalar\u0131n s\u00fcrd\u00fcr\u00fclece\u011fi ve verimlili\u011fe daha \u00e7ok \u00f6nem verilece\u011fi bir y\u0131l olaca\u011f\u0131n\u0131 vurgulayan T\u0131nastepe, yeni etkinlikler ve projelerle dernek \u00e7al\u0131\u015fmalar\u0131n\u0131n bu eksene oturtulaca\u011f\u0131n\u0131n alt\u0131n\u0131 \u00e7izdi. T\u0131nastepe, 26 May\u0131s 2021 tarihinde d\u00fczenlenecek OmniChannel Zirvesi ve Ekim ay\u0131nda planlanan Perakende Teknolojileri Konferans\u0131 webinar serisi ile derne\u011fin sekt\u00f6r i\u00e7inde bilgi payla\u015f\u0131m\u0131na y\u00f6nelik etkinliklerini s\u00fcrd\u00fcrece\u011fini vurgulad\u0131.<\/p><\/div>\t\t\t\t\t\t\t\t<\/div>\n\t\t\t\t<\/div>\n\t\t\t\t\t<\/div>\n\t\t<\/div>\n\t\t\t\t\t<\/div>\n\t\t<\/section>\n\t\t\t\t<\/div>\n\t\t","protected":false},"excerpt":{"rendered":"<p>Modern perakende sekt\u00f6r\u00fcn\u00fcn g\u00fc\u00e7l\u00fc temsilcisi Kategori Ma\u011fazac\u0131l\u0131\u011f\u0131 Derne\u011fi (KMD), dernek ismini de\u011fi\u015ftirerek sekt\u00f6rdeki temsiliyetini artt\u0131rma hedefinde. \u201cZincir Ma\u011fazalar Derne\u011fi\u201d, g\u0131da d\u0131\u015f\u0131 modern perakendenin t\u00fcm alt kategorilerini kapsayan yap\u0131s\u0131yla 320 milyar TL seviyesinde bir ciroyu temsil ediyor. Modern perakendenin \u00f6nemli temsilcisi Kategori Ma\u011fazac\u0131l\u0131\u011f\u0131 Derne\u011fi (KMD) isim de\u011fi\u015fikli\u011fiyle faaliyetlerini Zincir Ma\u011fazalar Derne\u011fi ad\u0131 alt\u0131nda s\u00fcrd\u00fcrme karar\u0131 ald\u0131. [&hellip;]<\/p>\n","protected":false},"author":2,"featured_media":1414,"comment_status":"open","ping_status":"open","sticky":false,"template":"","format":"standard","meta":{"footnotes":""},"categories":[17],"tags":[],"class_list":{"0":"post-1413","1":"post","2":"type-post","3":"status-publish","4":"format-standard","5":"has-post-thumbnail","7":"category-haberler"},"_links":{"self":[{"href":"https:\/\/www.zincirmagazalar.org\/index.php?rest_route=\/wp\/v2\/posts\/1413","targetHints":{"allow":["GET"]}}],"collection":[{"href":"https:\/\/www.zincirmagazalar.org\/index.php?rest_route=\/wp\/v2\/posts"}],"about":[{"href":"https:\/\/www.zincirmagazalar.org\/index.php?rest_route=\/wp\/v2\/types\/post"}],"author":[{"embeddable":true,"href":"https:\/\/www.zincirmagazalar.org\/index.php?rest_route=\/wp\/v2\/users\/2"}],"replies":[{"embeddable":true,"href":"https:\/\/www.zincirmagazalar.org\/index.php?rest_route=%2Fwp%2Fv2%2Fcomments&post=1413"}],"version-history":[{"count":7,"href":"https:\/\/www.zincirmagazalar.org\/index.php?rest_route=\/wp\/v2\/posts\/1413\/revisions"}],"predecessor-version":[{"id":1421,"href":"https:\/\/www.zincirmagazalar.org\/index.php?rest_route=\/wp\/v2\/posts\/1413\/revisions\/1421"}],"wp:featuredmedia":[{"embeddable":true,"href":"https:\/\/www.zincirmagazalar.org\/index.php?rest_route=\/wp\/v2\/media\/1414"}],"wp:attachment":[{"href":"https:\/\/www.zincirmagazalar.org\/index.php?rest_route=%2Fwp%2Fv2%2Fmedia&parent=1413"}],"wp:term":[{"taxonomy":"category","embeddable":true,"href":"https:\/\/www.zincirmagazalar.org\/index.php?rest_route=%2Fwp%2Fv2%2Fcategories&post=1413"},{"taxonomy":"post_tag","embeddable":true,"href":"https:\/\/www.zincirmagazalar.org\/index.php?rest_route=%2Fwp%2Fv2%2Ftags&post=1413"}],"curies":[{"name":"wp","href":"https:\/\/api.w.org\/{rel}","templated":true}]}}