{"id":1287,"date":"2021-04-06T17:57:41","date_gmt":"2021-04-06T17:57:41","guid":{"rendered":"https:\/\/www.kategorimagazaciligi.org\/?p=1287"},"modified":"2021-04-06T18:15:21","modified_gmt":"2021-04-06T18:15:21","slug":"yeni-donemde-kmd-serhan-tinastepe-ile-devam-edecek","status":"publish","type":"post","link":"https:\/\/www.zincirmagazalar.org\/?p=1287","title":{"rendered":"Yeni D\u00f6nemde KMD, Serhan T\u0131nastepe ile Devam Edecek"},"content":{"rendered":"\t\t<div data-elementor-type=\"wp-post\" data-elementor-id=\"1287\" class=\"elementor elementor-1287\">\n\t\t\t\t\t\t<section class=\"elementor-section elementor-top-section elementor-element elementor-element-37e494d6 elementor-section-boxed elementor-section-height-default elementor-section-height-default\" data-id=\"37e494d6\" data-element_type=\"section\">\n\t\t\t\t\t\t<div class=\"elementor-container elementor-column-gap-default\">\n\t\t\t\t\t<div class=\"elementor-column elementor-col-100 elementor-top-column elementor-element elementor-element-3f48a51d\" data-id=\"3f48a51d\" data-element_type=\"column\">\n\t\t\t<div class=\"elementor-widget-wrap elementor-element-populated\">\n\t\t\t\t\t\t<div class=\"elementor-element elementor-element-48cd9dbb elementor-widget elementor-widget-text-editor\" data-id=\"48cd9dbb\" data-element_type=\"widget\" data-widget_type=\"text-editor.default\">\n\t\t\t\t<div class=\"elementor-widget-container\">\n\t\t\t\t\t\t\t\t\t<div class=\"td-paragraph-padding-1\"><p class=\"p1\"><b>Modern perakende sekt\u00f6r\u00fcn\u00fcn g\u00fc\u00e7l\u00fc temsilcisi KMD, yeni d\u00f6nemde de Serhan T\u0131nastepe ba\u015fkanl\u0131\u011f\u0131nda yola devam etme karar\u0131 ald\u0131. <\/b><\/p><\/div><div class=\"td-paragraph-padding-1\">Modern perakendenin \u00f6nemli temsilcisi Kategori Ma\u011fazac\u0131l\u0131\u011f\u0131 Derne\u011fi (KMD) \u00fcyeleri taraf\u0131ndan, 6 Nisan 2021 Sal\u0131 g\u00fcn\u00fc ger\u00e7ekle\u015ftirilen Genel Kurul sonras\u0131 Y\u00f6netim Kurulu Ba\u015fkanl\u0131\u011f\u0131 g\u00f6revini <strong>Simport Y\u00f6netim Kurulu Ba\u015fkan\u0131 Serhan T\u0131nastepe<\/strong>\u2019nin s\u00fcrd\u00fcrmesine karar verildi. Yeni d\u00f6nemde Y\u00f6netim Kurulu Ba\u015fkan Yard\u0131mc\u0131lar\u0131 olarak ise <strong>Tekzen Y\u00f6netim Kurulu Ba\u015fkan\u0131 Murat Gigin<\/strong>, <strong>Watsons T\u00fcrkiye Genel M\u00fcd\u00fcr\u00fc Mete Yurdda\u015f<\/strong> ve <strong>Erciyas Hukuk B\u00fcrosu Orta\u011f\u0131 Av. Nihat Erciyas<\/strong> se\u00e7ildiler.<p>Geni\u015fleyen \u00fcye yap\u0131s\u0131yla sekt\u00f6rdeki temsiliyetini artt\u0131ran KMD, yeni d\u00f6nemde Y\u00f6netim Kurulu\u2019na da g\u00fc\u00e7l\u00fc isimleri katt\u0131. 2021-2023 d\u00f6nemi dernek organlar\u0131na se\u00e7ilen isimler \u015fu \u015fekilde belirlendi:<br \/><strong>Y\u00f6netim Kurulu \u00dcyeleri<\/strong><br \/>Alp \u00d6nder \u00d6zpamuk\u00e7u &#8211; Ko\u00e7ta\u015f<br \/>Bahad\u0131r \u00d6zbek &#8211; Shaya<br \/>B\u00fclent G\u00fcrcan &#8211; Teknosa<br \/>Devrim K\u0131l\u0131\u00e7o\u011flu &#8211; Ko\u00e7ta\u015f<br \/>Elif Berker &#8211; Yves Rocher<br \/>Eren \u00c7amurdan &#8211; Boyner<br \/>Erkmen Onbulak &#8211; Karaca<br \/>Faruk Kocaba\u015f &#8211; Mediamarkt<br \/>Fatma G\u00f6k\u00e7e Biry\u0131ld\u0131z &#8211; Sephora<br \/>Hadi Mert Karaibrahimo\u011flu &#8211; Penti<br \/>Haldun Pak &#8211; Rasyotek<br \/>Handan Abdurrahmano\u011flu &#8211; Ar\u00e7elik<br \/>Hilal Suerdem &#8211; Ki\u011f\u0131l\u0131<br \/>Kerim Ni\u015fel &#8211; Ikea<br \/>Murat Demiro\u011flu &#8211; Nebim<br \/>Murat Helvac\u0131 &#8211; Eczac\u0131ba\u015f\u0131-Vitra\/\u0130ntema<br \/>Mustafa Akdo\u011fan &#8211; Turkcell<br \/>Mustafa Alt\u0131nda\u011f &#8211; D&amp;R<br \/>Mutlu Erturan &#8211; Hepsiburada<br \/>Nihat Ayd\u0131n &#8211; Atasun Optik<br \/>\u00d6mer Tavilo\u011flu &#8211; Mudo<br \/>Serdar Ersoy &#8211; Defacto<br \/>Tar\u0131k Lelo\u011flu &#8211; Vestel<br \/>Tuncer G\u00fclsaran &#8211; Daikin<br \/>Ufuk Batur &#8211; L\u2019Oreal<br \/>\u00dcmit \u00d6nal &#8211; T\u00fcrk Telekom<\/p><p><strong>Denetim Kurulu &#8211; Asil \u00dcyeler<br \/><\/strong>Adnan Akan &#8211; PwC<br \/>Fatih Derek\u00f6yl\u00fc &#8211; Linens<br \/>Koray Y\u0131ld\u0131z &#8211; Intel<\/p><p><strong>Denetim Kurulu &#8211; Yedek \u00dcyeler<br \/><\/strong>Alper T\u00fcrkay &#8211; Xplace<br \/>Birol Zengin &#8211; Horoz Lojistik<br \/>H\u00fclya Varl\u0131k &#8211; Tan\u0131<\/p><p><strong>Yeni D\u00f6nemde Daha G\u00fc\u00e7l\u00fc Bir Temsiliyet Hedefleniyor<\/strong><br \/>Sekt\u00f6rde g\u00fc\u00e7l\u00fc bir konuma gelen derne\u011fin ba\u015far\u0131l\u0131 \u00e7al\u0131\u015fmalar\u0131n\u0131n, Y\u00f6netim Kurulu ve dernek \u00fcyelerinin tam deste\u011fiyle artarak s\u00fcrece\u011fini vurgulayan T\u0131nastepe, \u00f6ncelikli olarak pandemi nedenli kay\u0131plar\u0131n telafi edilmesi i\u00e7in \u00e7al\u0131\u015facaklar\u0131n\u0131 belirtti. T\u0131nastepe \u201cDerne\u011fimiz, temsil etti\u011fi 50 bin sat\u0131\u015f noktas\u0131, 300 bin \u00e7al\u0131\u015fan ve 320 milyar TL\u2019lik ciro ile \u00fclke ekonomisi i\u00e7in \u00f6nemli bir konumda. Bu konumu g\u00fc\u00e7lendirirken sekt\u00f6r\u00fcm\u00fcz\u00fcn geli\u015fiminin \u00f6n\u00fcn\u00fc a\u00e7acak her t\u00fcrl\u00fc \u00e7al\u0131\u015fmay\u0131 y\u00fcr\u00fctmeye ve \u00fcyelerimizin ihtiya\u00e7lar\u0131n\u0131n kar\u015f\u0131lanmas\u0131 i\u00e7in ilgili t\u00fcm payda\u015flarla yap\u0131c\u0131 g\u00f6r\u00fc\u015f al\u0131\u015fveri\u015fini s\u00fcrd\u00fcrmeye devam edece\u011fiz\u201d dedi.<\/p><p>Dernek \u00fcyeleriyle beraber belirlenen \u00e7al\u0131\u015fma konular\u0131 \u00e7er\u00e7evesinde faaliyetlerin \u015fekillendi\u011fini belirten T\u0131nastepe, \u201c\u00d6n\u00fcm\u00fczdeki d\u00f6nemde odaklanaca\u011f\u0131m\u0131z ilk \u00fc\u00e7 konu, online ticaretteki geli\u015fmeler, mevzuat \u00e7al\u0131\u015fmalar\u0131 ve al\u0131\u015fveri\u015f merkezleri ile ili\u015fkiler olacak. Bu ve takip etti\u011fimiz di\u011fer konular ile birlikte sekt\u00f6r\u00fcm\u00fcz\u00fcn temsilcisi olarak kanun yap\u0131c\u0131lar\u0131n g\u00f6r\u00fc\u015f sordu\u011fu, sorunlar\u0131m\u0131z\u0131 ve \u00e7\u00f6z\u00fcm \u00f6nerilerimizi kamuoyuna duyuran, sekt\u00f6r i\u00e7inde verimli i\u015fbirli\u011fi imkanlar\u0131 olu\u015fturan bir kurum olmay\u0131 hedefliyoruz\u201d dedi.<\/p><p>Sekt\u00f6rdeki temsiliyetini daha da g\u00fc\u00e7lendirmek ve \u00e7al\u0131\u015fma alanlar\u0131n\u0131 \u015fekillendirmek i\u00e7in \u00fcye yap\u0131s\u0131n\u0131n da geni\u015fletilece\u011fini belirten T\u0131nastepe, hali haz\u0131rda s\u00fcren \u00e7al\u0131\u015fmalar\u0131n sekt\u00f6r\u00fcn tamam\u0131n\u0131 kapsayacak hale getirilmesi i\u00e7in \u00e7aba sarfedeceklerini ifade etti. T\u0131nastepe, \u201c2021 y\u0131l\u0131nda derne\u011fimizin sekt\u00f6rdeki ve kamuoyundaki g\u00fcc\u00fcn\u00fc artt\u0131rmak, \u00fcyelerimiz aras\u0131nda i\u015fbirli\u011fi alanlar\u0131n\u0131 \u00e7o\u011faltarak verimlilik bazl\u0131 \u00e7al\u0131\u015fmalara \u00f6nayak olabilmek ve sorunlar\u0131m\u0131z\u0131 proaktif bir yakla\u015f\u0131mla \u00e7\u00f6z\u00fcme kavu\u015fturmak i\u00e7in faaliyetlerimizi s\u00fcrd\u00fcrece\u011fiz. Bu \u00e7er\u00e7evede, sekt\u00f6r sorunlar\u0131n\u0131n ve \u00e7\u00f6z\u00fcm yollar\u0131n\u0131n do\u011fru tespit edilmesi, bu y\u00f6nde ilgili payda\u015flarla verimli ve yap\u0131c\u0131 g\u00f6r\u00fc\u015f al\u0131\u015fveri\u015flerinin sa\u011flanmas\u0131 ve sekt\u00f6r faydas\u0131 yaratacak \u00e7\u00f6z\u00fcmler geli\u015ftirilmesi i\u00e7in \u00e7al\u0131\u015faca\u011f\u0131z\u201d dedi.<\/p><p>2021 y\u0131l\u0131n\u0131n, sekt\u00f6r i\u00e7inde yeni normalin gereklerine g\u00f6re yap\u0131lanmalar\u0131n s\u00fcrd\u00fcr\u00fclece\u011fi ve verimlili\u011fe daha \u00e7ok \u00f6nem verilece\u011fi bir y\u0131l olaca\u011f\u0131n\u0131 vurgulayan T\u0131nastepe, yeni etkinlikler ve projelerle dernek \u00e7al\u0131\u015fmalar\u0131n\u0131n bu eksene oturtulaca\u011f\u0131n\u0131n alt\u0131n\u0131 \u00e7izdi.<\/p><\/div>\t\t\t\t\t\t\t\t<\/div>\n\t\t\t\t<\/div>\n\t\t\t\t\t<\/div>\n\t\t<\/div>\n\t\t\t\t\t<\/div>\n\t\t<\/section>\n\t\t\t\t<\/div>\n\t\t","protected":false},"excerpt":{"rendered":"<p>Modern perakende sekt\u00f6r\u00fcn\u00fcn g\u00fc\u00e7l\u00fc temsilcisi KMD, yeni d\u00f6nemde de Serhan T\u0131nastepe ba\u015fkanl\u0131\u011f\u0131nda yola devam etme karar\u0131 ald\u0131. Modern perakendenin \u00f6nemli temsilcisi Kategori Ma\u011fazac\u0131l\u0131\u011f\u0131 Derne\u011fi (KMD) \u00fcyeleri taraf\u0131ndan, 6 Nisan 2021 Sal\u0131 g\u00fcn\u00fc ger\u00e7ekle\u015ftirilen Genel Kurul sonras\u0131 Y\u00f6netim Kurulu Ba\u015fkanl\u0131\u011f\u0131 g\u00f6revini Simport Y\u00f6netim Kurulu Ba\u015fkan\u0131 Serhan T\u0131nastepe\u2019nin s\u00fcrd\u00fcrmesine karar verildi. Yeni d\u00f6nemde Y\u00f6netim Kurulu Ba\u015fkan Yard\u0131mc\u0131lar\u0131 [&hellip;]<\/p>\n","protected":false},"author":1,"featured_media":1076,"comment_status":"open","ping_status":"open","sticky":false,"template":"","format":"standard","meta":{"footnotes":""},"categories":[17],"tags":[],"class_list":{"0":"post-1287","1":"post","2":"type-post","3":"status-publish","4":"format-standard","5":"has-post-thumbnail","7":"category-haberler"},"_links":{"self":[{"href":"https:\/\/www.zincirmagazalar.org\/index.php?rest_route=\/wp\/v2\/posts\/1287","targetHints":{"allow":["GET"]}}],"collection":[{"href":"https:\/\/www.zincirmagazalar.org\/index.php?rest_route=\/wp\/v2\/posts"}],"about":[{"href":"https:\/\/www.zincirmagazalar.org\/index.php?rest_route=\/wp\/v2\/types\/post"}],"author":[{"embeddable":true,"href":"https:\/\/www.zincirmagazalar.org\/index.php?rest_route=\/wp\/v2\/users\/1"}],"replies":[{"embeddable":true,"href":"https:\/\/www.zincirmagazalar.org\/index.php?rest_route=%2Fwp%2Fv2%2Fcomments&post=1287"}],"version-history":[{"count":19,"href":"https:\/\/www.zincirmagazalar.org\/index.php?rest_route=\/wp\/v2\/posts\/1287\/revisions"}],"predecessor-version":[{"id":1308,"href":"https:\/\/www.zincirmagazalar.org\/index.php?rest_route=\/wp\/v2\/posts\/1287\/revisions\/1308"}],"wp:featuredmedia":[{"embeddable":true,"href":"https:\/\/www.zincirmagazalar.org\/index.php?rest_route=\/wp\/v2\/media\/1076"}],"wp:attachment":[{"href":"https:\/\/www.zincirmagazalar.org\/index.php?rest_route=%2Fwp%2Fv2%2Fmedia&parent=1287"}],"wp:term":[{"taxonomy":"category","embeddable":true,"href":"https:\/\/www.zincirmagazalar.org\/index.php?rest_route=%2Fwp%2Fv2%2Fcategories&post=1287"},{"taxonomy":"post_tag","embeddable":true,"href":"https:\/\/www.zincirmagazalar.org\/index.php?rest_route=%2Fwp%2Fv2%2Ftags&post=1287"}],"curies":[{"name":"wp","href":"https:\/\/api.w.org\/{rel}","templated":true}]}}